{"id":31996,"date":"2022-03-07T13:15:36","date_gmt":"2022-03-07T12:15:36","guid":{"rendered":"https:\/\/www.forum-soegel.de\/information\/?p=31996"},"modified":"2022-03-07T13:15:36","modified_gmt":"2022-03-07T12:15:36","slug":"98100-e-fuer-den-verein-ahrche-e-v-in-ahrweiler-erlaufen","status":"publish","type":"post","link":"https:\/\/www.forum-soegel.de\/information\/2022\/03\/98100-e-fuer-den-verein-ahrche-e-v-in-ahrweiler-erlaufen\/","title":{"rendered":"981,00 \u20ac f\u00fcr den Verein \u201eAHRche\u201c e.V.\u00a0 in Ahrweiler erlaufen"},"content":{"rendered":"\n<div class=\"wp-block-image\"><figure class=\"alignleft size-full\"><img loading=\"lazy\" decoding=\"async\" width=\"302\" height=\"269\" src=\"https:\/\/www.forum-soegel.de\/information\/wp-content\/uploads\/2022\/03\/Arche.jpg\" alt=\"\" class=\"wp-image-31997\" srcset=\"https:\/\/www.forum-soegel.de\/information\/wp-content\/uploads\/2022\/03\/Arche.jpg 302w, https:\/\/www.forum-soegel.de\/information\/wp-content\/uploads\/2022\/03\/Arche-300x267.jpg 300w\" sizes=\"auto, (max-width: 302px) 100vw, 302px\" \/><\/figure><\/div>\n\n\n\n<p>S\u00f6gel &#8211; Kurz vor Jahresende 2021 hatten die S\u00f6geler Andreas Brinkmann und Torsten Weller pl\u00f6tzlich die spontane Idee, einen kleinen Spendenlauf f\u00fcr die Flutopfer in Ahrweiler zu organisieren. Sie machten im Bekannten- und Freundeskreis etwas Werbung daf\u00fcr, und schon zwei Tage sp\u00e4ter, an Silvester, wurde der Gedanke in die Tat umgesetzt. Insgesamt liefen die acht motivierten L\u00e4ufer 87 Kilometer und erreichten eine Spendensumme von 981,00 Euro.<\/p>\n\n\n\n<p>\u201eWegen der Corona-Vorschriften durften wir allerdings nicht gemeinsam starten, so dass jeder L\u00e4ufer seine gelaufenen Kilometer auf einer Lauf App aufgezeichnet hat, um diese dann mit seinen gewonnenen Sponsoren abzurechnen\u201c, berichteten Brinkmann und Weller und f\u00fcgten stolz hinzu: \u201eWir haben von dem Geld zwei dringend ben\u00f6tigte Waschmaschinen kaufen k\u00f6nnen und den Restbetrag von 15,00 Euro auf das Spendenkonto \u00fcberwiesen. Der Verein \u201eAHRche\u201c hat neben dem Spendenkonto auch eine \u201eAmazon Wishlist\u201c angelegt, wo all die Gegenst\u00e4nde gelistet sind, die dringend von Familien ben\u00f6tigt werden. Dort konnten wir die Waschmaschinen bestellen und an den Verein \u201eAHRche\u201c liefern lassen. Dieser hat sich dann um die weitere Verteilung vor Ort gek\u00fcmmert.\u201c<\/p>\n\n\n\n<p>Das im August aus dem Boden gestampfte Helfercamp \u201eAHRche\u201c auf dem ehemaligen Campingplatz an der Ahr ist laut Initiator und Koordinator Lucas Bornschlegl (<em>homepage<\/em> <em>\u201eAHRche\u201c)<\/em> zu einem wichtigen Versorgungs- und Kommunikationspunkt geworden und inzwischen ein eingetragener gemeinn\u00fctziger Verein f\u00fcr Katastrophenhilfe und Wiederaufbau. Der Schwerpunkt der Vereinsarbeit liegt auf den gemeinsamen Blick nach vorne und den Fragen: Was wird von den Betroffenen noch ben\u00f6tigt? Wo oder wie kann die \u201eAHRche\u201c unterst\u00fctzen? Vorsitzender Lucas Bornschlegl bedankte sich im Namen der \u201eAHRche\u201c ganz herzlich bei den L\u00e4ufern aus S\u00f6gel f\u00fcr die gro\u00dfartige Unterst\u00fctzung.<br><br>Text: Gisela Arling<\/p>\n","protected":false},"excerpt":{"rendered":"S\u00f6gel &#8211; Kurz vor Jahresende 2021 hatten die S\u00f6geler Andreas Brinkmann und Torsten Weller pl\u00f6tzlich die spontane Idee, einen kleinen Spendenlauf f\u00fcr die Flutopfer in Ahrweiler zu organisieren. Sie machten im Bekannten- und Freundeskreis etwas Werbung daf\u00fcr, und schon zwei Tage sp\u00e4ter, an Silvester, wurde der Gedanke in die Tat umgesetzt. Insgesamt liefen die acht [&hellip;]\n","protected":false},"author":2,"featured_media":0,"comment_status":"closed","ping_status":"closed","sticky":false,"template":"","format":"standard","meta":{"ngg_post_thumbnail":0,"footnotes":""},"categories":[3],"tags":[],"class_list":["post-31996","post","type-post","status-publish","format-standard","hentry","category-aktuelles-aus-der-region"],"_links":{"self":[{"href":"https:\/\/www.forum-soegel.de\/information\/wp-json\/wp\/v2\/posts\/31996","targetHints":{"allow":["GET"]}}],"collection":[{"href":"https:\/\/www.forum-soegel.de\/information\/wp-json\/wp\/v2\/posts"}],"about":[{"href":"https:\/\/www.forum-soegel.de\/information\/wp-json\/wp\/v2\/types\/post"}],"author":[{"embeddable":true,"href":"https:\/\/www.forum-soegel.de\/information\/wp-json\/wp\/v2\/users\/2"}],"replies":[{"embeddable":true,"href":"https:\/\/www.forum-soegel.de\/information\/wp-json\/wp\/v2\/comments?post=31996"}],"version-history":[{"count":1,"href":"https:\/\/www.forum-soegel.de\/information\/wp-json\/wp\/v2\/posts\/31996\/revisions"}],"predecessor-version":[{"id":31998,"href":"https:\/\/www.forum-soegel.de\/information\/wp-json\/wp\/v2\/posts\/31996\/revisions\/31998"}],"wp:attachment":[{"href":"https:\/\/www.forum-soegel.de\/information\/wp-json\/wp\/v2\/media?parent=31996"}],"wp:term":[{"taxonomy":"category","embeddable":true,"href":"https:\/\/www.forum-soegel.de\/information\/wp-json\/wp\/v2\/categories?post=31996"},{"taxonomy":"post_tag","embeddable":true,"href":"https:\/\/www.forum-soegel.de\/information\/wp-json\/wp\/v2\/tags?post=31996"}],"curies":[{"name":"wp","href":"https:\/\/api.w.org\/{rel}","templated":true}]}}