{"id":31903,"date":"2022-02-02T09:15:39","date_gmt":"2022-02-02T08:15:39","guid":{"rendered":"https:\/\/www.forum-soegel.de\/information\/?p=31903"},"modified":"2022-02-02T09:15:39","modified_gmt":"2022-02-02T08:15:39","slug":"vorbereitung-auf-internationales-turnier","status":"publish","type":"post","link":"https:\/\/www.forum-soegel.de\/information\/2022\/02\/vorbereitung-auf-internationales-turnier\/","title":{"rendered":"Vorbereitung auf Internationales Turnier\u00a0\u00a0\u00a0\u00a0\u00a0\u00a0"},"content":{"rendered":"\n<p>S\u00f6gel &#8211; Die weibliche U17 Volleyball-Nationalmannschaft hat \u00fcber den Jahreswechsel ihr Trainingslager zur Vorbereitung auf das heute startende Qualifikationsturnier f\u00fcr die Europameisterschaft in S\u00f6gel absolviert.<br>Vom 27.12.2021 bis zum 04.01.2022 konnten die 14 Sportlerinnen und das Trainerteam sich unter optimalen Bedingungen in der Sportschule Emsland auf das anstehende Turnier vorbereiten.<br>Neben theoretischen Einheiten in den Seminarr\u00e4umen im Haus des Sports standen vor allem zahlreiche Trainingseinheiten in der neuen Gro\u00dfraumsporthalle in S\u00f6gel auf dem Programm.<br>Untergebracht war das Team um Bundestrainer Manuel Hartmann im Marstall Clemenswerth.<br>\u201eToller Ort, wunderbare Halle und ein reibungsloser organisatorischer Ablauf durch die Sportschule Emsland und den Marstall Clemenswerth\u201c, zeigte sich Hartmann begeistert \u00fcber die hervorragenden Bedingungen in S\u00f6gel.&nbsp;&nbsp;&nbsp;&nbsp;&nbsp;&nbsp;&nbsp;&nbsp;<br>\u201eWir konnten die Zeit optimal nutzen, um uns auf das anstehende Qualifikationsturnier in Belgien vorzubereiten\u201c, f\u00fchrte Hartmann weiter aus, der den Fokus vor allem auf technische und athletische Trainingsinhalte legen wollte.&nbsp;&nbsp;&nbsp;&nbsp;&nbsp;&nbsp;<br><strong>Zw\u00f6lf Spielerinnen im Kader<\/strong><\/p>\n\n\n\n<p>F\u00fcr das anstehende internationale \u201eWEVZA-Turnier\u201c in Belgien hat Bundestrainer Hartmann zw\u00f6lf Spielerinnen nominiert. Gestartet mit 14 Spielerinnen kristallisierten sich in den insgesamt zwei Trainingslagern zum Ende des Jahres die zw\u00f6lf besten Spielerinnen heraus, die nun die Qualifikation f\u00fcr die Europameisterschaft in Belgien bestreiten.<br>In der Vorrunde wird das deutsche Team auf die Jugend-Nationalmannschaften aus Portugal, Belgien und Spanien treffen. \u00a0\u00a0<br><br><strong>Emsl\u00e4nderin Gesa Brandstrup mit dabei\u00a0\u00a0\u00a0\u00a0\u00a0\u00a0\u00a0<\/strong><br>Erfolgreich durchgesetzt hat sich die Emsl\u00e4nderin Gesa Brandstrup. Nachdem Brandstrup erstmalig im November 2020 nach einem Kadertraining des Nordwestdeutschen Volleyballverbandes (NWVV) f\u00fcr die U16 nominiert wurde, ist sie im vergangenen Jahr erstmalig f\u00fcr die deutsche Jugendnationalmannschaft bei der EM-Qualifikation in Italien aufgelaufen.<br>F\u00fcr das anstehende Qualifikationsturnier wird Zuspielerin Brandstrup erneut im Kader stehen und ist dabei sehr motiviert. \u201eWir kennen bereits viele unserer Gegner und haben uns in S\u00f6gel super vorbereitet\u201c, rechnet sich Brandstrup gute Chance f\u00fcr eine m\u00f6gliche Qualifikation aus.<br>Brandstrup ist inzwischen vom SC Spelle Venhaus zum VC Olympia 93 Berlin gewechselt, wo sie im Internat ihre weiteren Ziele verfolgen m\u00f6chte. \u00a0\u00a0\u00a0\u00a0\u00a0\u00a0\u00a0\u00a0\u00a0<br>Brandstrup, die in den letzten Monaten und Jahren intensiv den erfolgreichen Karriereweg von den Emsl\u00e4nderinnen Lina Alsmeier und Jana-Franziska Poll verfolgt hat, tr\u00e4umt ebenfalls von einer gro\u00dfen internationalen Karriere. F\u00fcr eine tolle Unterst\u00fctzung bedankte sich Brandstrup auch bei der Sporthilfe Emsland, die viele junge Talente in der Region f\u00f6rdert und bei der sportlichen Karriere unterst\u00fctzt.<br>Text\/Foto: Patrick Vehring<\/p>\n\n\n\n<figure class=\"wp-block-image size-full\"><a href=\"https:\/\/www.forum-soegel.de\/information\/wp-content\/uploads\/2022\/02\/Vorbereitung-auf-Internationales-Turnier_Foto-1_DVV-1.jpg\"><img loading=\"lazy\" decoding=\"async\" width=\"1024\" height=\"683\" src=\"https:\/\/www.forum-soegel.de\/information\/wp-content\/uploads\/2022\/02\/Vorbereitung-auf-Internationales-Turnier_Foto-1_DVV-1.jpg\" alt=\"\" class=\"wp-image-31905\" srcset=\"https:\/\/www.forum-soegel.de\/information\/wp-content\/uploads\/2022\/02\/Vorbereitung-auf-Internationales-Turnier_Foto-1_DVV-1.jpg 1024w, https:\/\/www.forum-soegel.de\/information\/wp-content\/uploads\/2022\/02\/Vorbereitung-auf-Internationales-Turnier_Foto-1_DVV-1-300x200.jpg 300w, https:\/\/www.forum-soegel.de\/information\/wp-content\/uploads\/2022\/02\/Vorbereitung-auf-Internationales-Turnier_Foto-1_DVV-1-768x512.jpg 768w\" sizes=\"auto, (max-width: 1024px) 100vw, 1024px\" \/><\/a><figcaption>Die weibliche U17 Volleyball-Nationalmannschaft bereitete sich in S\u00f6gel auf das anstehende Qualifikationsturnier in Belgien vor.<\/figcaption><\/figure>\n\n\n\n<figure class=\"wp-block-image size-full\"><a href=\"https:\/\/www.forum-soegel.de\/information\/wp-content\/uploads\/2022\/02\/Vorbereitung-auf-Internationales-Turnier_Foto2_DVV.jpg\"><img loading=\"lazy\" decoding=\"async\" width=\"1024\" height=\"759\" src=\"https:\/\/www.forum-soegel.de\/information\/wp-content\/uploads\/2022\/02\/Vorbereitung-auf-Internationales-Turnier_Foto2_DVV.jpg\" alt=\"\" class=\"wp-image-31906\" srcset=\"https:\/\/www.forum-soegel.de\/information\/wp-content\/uploads\/2022\/02\/Vorbereitung-auf-Internationales-Turnier_Foto2_DVV.jpg 1024w, https:\/\/www.forum-soegel.de\/information\/wp-content\/uploads\/2022\/02\/Vorbereitung-auf-Internationales-Turnier_Foto2_DVV-300x222.jpg 300w, https:\/\/www.forum-soegel.de\/information\/wp-content\/uploads\/2022\/02\/Vorbereitung-auf-Internationales-Turnier_Foto2_DVV-768x569.jpg 768w\" sizes=\"auto, (max-width: 1024px) 100vw, 1024px\" \/><\/a><figcaption>Bundestrainer Manuel Hartmann und Emsl\u00e4nderin Gesa Brandstrup freuten sich \u00fcber ein hervorragend organisiertes Trainingslager in der Sportschule Emsland.<\/figcaption><\/figure>\n\n\n\n<figure class=\"wp-block-image size-full\"><a href=\"https:\/\/www.forum-soegel.de\/information\/wp-content\/uploads\/2022\/02\/Vorbereitung-auf-Internationales-Turnier_Foto-3_DVV.jpg\"><img loading=\"lazy\" decoding=\"async\" width=\"1024\" height=\"683\" src=\"https:\/\/www.forum-soegel.de\/information\/wp-content\/uploads\/2022\/02\/Vorbereitung-auf-Internationales-Turnier_Foto-3_DVV.jpg\" alt=\"\" class=\"wp-image-31907\" srcset=\"https:\/\/www.forum-soegel.de\/information\/wp-content\/uploads\/2022\/02\/Vorbereitung-auf-Internationales-Turnier_Foto-3_DVV.jpg 1024w, https:\/\/www.forum-soegel.de\/information\/wp-content\/uploads\/2022\/02\/Vorbereitung-auf-Internationales-Turnier_Foto-3_DVV-300x200.jpg 300w, https:\/\/www.forum-soegel.de\/information\/wp-content\/uploads\/2022\/02\/Vorbereitung-auf-Internationales-Turnier_Foto-3_DVV-768x512.jpg 768w\" sizes=\"auto, (max-width: 1024px) 100vw, 1024px\" \/><\/a><figcaption>Zahlreiche Trainingseinheiten standen in der neuen Gro\u00dfraumsporthalle in S\u00f6gel auf dem Programm.<\/figcaption><\/figure>\n\n\n\n<p><br><\/p>\n","protected":false},"excerpt":{"rendered":"S\u00f6gel &#8211; Die weibliche U17 Volleyball-Nationalmannschaft hat \u00fcber den Jahreswechsel ihr Trainingslager zur Vorbereitung auf das heute startende Qualifikationsturnier f\u00fcr die Europameisterschaft in S\u00f6gel absolviert.Vom 27.12.2021 bis zum 04.01.2022 konnten die 14 Sportlerinnen und das Trainerteam sich unter optimalen Bedingungen in der Sportschule Emsland auf das anstehende Turnier vorbereiten.Neben theoretischen Einheiten in den Seminarr\u00e4umen im [&hellip;]\n","protected":false},"author":2,"featured_media":0,"comment_status":"closed","ping_status":"closed","sticky":false,"template":"","format":"standard","meta":{"ngg_post_thumbnail":0,"footnotes":""},"categories":[3],"tags":[],"class_list":["post-31903","post","type-post","status-publish","format-standard","hentry","category-aktuelles-aus-der-region"],"_links":{"self":[{"href":"https:\/\/www.forum-soegel.de\/information\/wp-json\/wp\/v2\/posts\/31903","targetHints":{"allow":["GET"]}}],"collection":[{"href":"https:\/\/www.forum-soegel.de\/information\/wp-json\/wp\/v2\/posts"}],"about":[{"href":"https:\/\/www.forum-soegel.de\/information\/wp-json\/wp\/v2\/types\/post"}],"author":[{"embeddable":true,"href":"https:\/\/www.forum-soegel.de\/information\/wp-json\/wp\/v2\/users\/2"}],"replies":[{"embeddable":true,"href":"https:\/\/www.forum-soegel.de\/information\/wp-json\/wp\/v2\/comments?post=31903"}],"version-history":[{"count":1,"href":"https:\/\/www.forum-soegel.de\/information\/wp-json\/wp\/v2\/posts\/31903\/revisions"}],"predecessor-version":[{"id":31908,"href":"https:\/\/www.forum-soegel.de\/information\/wp-json\/wp\/v2\/posts\/31903\/revisions\/31908"}],"wp:attachment":[{"href":"https:\/\/www.forum-soegel.de\/information\/wp-json\/wp\/v2\/media?parent=31903"}],"wp:term":[{"taxonomy":"category","embeddable":true,"href":"https:\/\/www.forum-soegel.de\/information\/wp-json\/wp\/v2\/categories?post=31903"},{"taxonomy":"post_tag","embeddable":true,"href":"https:\/\/www.forum-soegel.de\/information\/wp-json\/wp\/v2\/tags?post=31903"}],"curies":[{"name":"wp","href":"https:\/\/api.w.org\/{rel}","templated":true}]}}