{"id":31900,"date":"2022-02-02T09:11:33","date_gmt":"2022-02-02T08:11:33","guid":{"rendered":"https:\/\/www.forum-soegel.de\/information\/?p=31900"},"modified":"2022-02-02T09:11:33","modified_gmt":"2022-02-02T08:11:33","slug":"ueber-die-wettkampgruppe-in-die-feuerwehr-gekommen-2","status":"publish","type":"post","link":"https:\/\/www.forum-soegel.de\/information\/2022\/02\/ueber-die-wettkampgruppe-in-die-feuerwehr-gekommen-2\/","title":{"rendered":"<strong><em>\u00dcber die Wettkampgruppe in die Feuerwehr gekommen<\/em><\/strong>"},"content":{"rendered":"\n<p>Spahnharrenst\u00e4tte &#8211; Die Feuerwehr Spahnharrenst\u00e4tte suchte Anfang der 1970er Jahre junge Leute, um eine komplette Wettkampfgruppe auf die Beine stellen zu k\u00f6nnen. Dabei kamen Heinrich Ficker und seine Clique ins Spiel. Zusammen mit weiteren Kameraden wurde Ficker f\u00fcr 50 Jahre Feuerwehr geehrt.<\/p>\n\n\n\n<p>\u00dcber Teilnahme an den \u201eH\u00fcmmling-Wettk\u00e4mpfen\u201c, so wurde der Leistungsvergleich der Feuerwehren damals bezeichnet, fand Ficker Gefallen an der ehrenamtlichen T\u00e4tigkeit. Anl\u00e4sslich seiner Auszeichnung mit dem Ehrenzeichen des Landesfeuerwehrverbandes durch Kreisbrandmeister Holger Dyckhoff beim Feuerwehrfest erz\u00e4hlte Heinrich Ficker von seiner wechselvollen Feuerwehrlaufbahn.<\/p>\n\n\n\n<p>\u201eEs war eine gute Zeit, die Feuerwehrarbeit hat immer Spa\u00df gemacht\u201c, res\u00fcmierte Ficker, der mit 63 in die Altersabteilung der Feuerwehr gewechselt ist. Seine Kenntnisse und seine aktive Mitarbeit fanden gro\u00dfe Anerkennung, wie seitens der Feuerwehrf\u00fchrung zu h\u00f6ren war.<\/p>\n\n\n\n<p>Das 40-j\u00e4hrige Engagement der Feuerwehrleute Hermann G\u00e4ken und Harald Will aus der Einsatzabteilung wurde honoriert mit dem Nieders\u00e4chsischen Feuerwehrehrenzeichen in Gold. Der Kreisfeuerwehrverband Aschendorf-H\u00fcmmling zeichnete Arno Will f\u00fcr seine langj\u00e4hrige F\u00fchrungst\u00e4tigkeit in der FF Spahnharrenst\u00e4tte aus. Vorstandsmitglied und Gemeindebrandmeister Heinz L\u00fcckenjans heftete ihm die silberne Ehrennadel an den Dienstanzug.<\/p>\n\n\n\n<p>\u201eWir leben Feuerwehr und sind gut aufgestellt\u201c, sagte Ortsbrandmeister Dieter Steenken zu Beginn des Festes. Man freue sich \u00fcber ein gutes Einvernehmen auf Samtgemeindeebene. Samtgemeindeb\u00fcrgermeister Frank Kla\u00df betonte, dass er durch die Polizeiarbeit eine enge Beziehung zu den Feuerwehren habe. Er sagte weitere Unterst\u00fctzung zu und brachte seine Hoffnung zum Ausdruck, dass der Bedarfsplan Klararbeit bringe \u00fcber die angemessene Ausstattung der Feuerwehren. Einen besonderen Dank zollte Kla\u00df den Angeh\u00f6rigen der Feuerwehrleute, die oft auf ihren Partner verzichten m\u00fcssten. Kreisbrandmeister Dyckhoff zollte die Feuerwehrleuten Respekt, dass sie dank gro\u00dfer Disziplin bislang gut durch die Coronazeit gekommen seien und die angebotene Ausbildungsm\u00f6glichkeit genutzt h\u00e4tten. Gemeindebrandmeister L\u00fcckenjans zeigte sich optimistisch, dass die zweifach geimpften Feuerwehrleute bald die sogenannte Booster-Impfung erhalten k\u00f6nnten.<\/p>\n\n\n\n<p>Folgende Mitglieder konnten ihre Bef\u00f6rderungsurkunde entgegennehmen: Markus Backmann (zum Hauptfeuerwehrmann), G\u00fcnter Goldenstein (Oberfeuerwehrmann), Markus Jansen (Hauptfeuerwehrmann) und Mathias Meyer (Oberfeuerwehrmann)<\/p>\n\n\n\n<p>Text\/Foto: Lambert Brand<\/p>\n\n\n\n<figure class=\"wp-block-image size-large\"><a href=\"https:\/\/www.forum-soegel.de\/information\/wp-content\/uploads\/2022\/02\/Ueber-die-Wettkampgruppe-in-die-Feuerwehr-gekommen-1-scaled.jpeg\"><img loading=\"lazy\" decoding=\"async\" width=\"1024\" height=\"539\" src=\"https:\/\/www.forum-soegel.de\/information\/wp-content\/uploads\/2022\/02\/Ueber-die-Wettkampgruppe-in-die-Feuerwehr-gekommen-1-1024x539.jpeg\" alt=\"\" class=\"wp-image-31901\" srcset=\"https:\/\/www.forum-soegel.de\/information\/wp-content\/uploads\/2022\/02\/Ueber-die-Wettkampgruppe-in-die-Feuerwehr-gekommen-1-1024x539.jpeg 1024w, https:\/\/www.forum-soegel.de\/information\/wp-content\/uploads\/2022\/02\/Ueber-die-Wettkampgruppe-in-die-Feuerwehr-gekommen-1-300x158.jpeg 300w, https:\/\/www.forum-soegel.de\/information\/wp-content\/uploads\/2022\/02\/Ueber-die-Wettkampgruppe-in-die-Feuerwehr-gekommen-1-768x405.jpeg 768w, https:\/\/www.forum-soegel.de\/information\/wp-content\/uploads\/2022\/02\/Ueber-die-Wettkampgruppe-in-die-Feuerwehr-gekommen-1-1536x809.jpeg 1536w, https:\/\/www.forum-soegel.de\/information\/wp-content\/uploads\/2022\/02\/Ueber-die-Wettkampgruppe-in-die-Feuerwehr-gekommen-1-2048x1079.jpeg 2048w\" sizes=\"auto, (max-width: 1024px) 100vw, 1024px\" \/><\/a><figcaption>Heinrich Ficker von der Feuerwehr Spahnharrensta\u0308tte wurde mit dem Feuerwehrehrenzeichen f\u00fcr \u201e50 Jahre Feuerwehr\u201c geehrt. Unser Foto zeigt ihn zusammen mit den weiteren Jubilaren und Geehrten Hermann G\u00e4ken (40) Harald Will (40) und Arno Will sowie die Bef\u00f6rderten mit ihren Partnerinnen sowie die Gratulanten von Feuerwehr und Kommune.<\/figcaption><\/figure>\n","protected":false},"excerpt":{"rendered":"Spahnharrenst\u00e4tte &#8211; Die Feuerwehr Spahnharrenst\u00e4tte suchte Anfang der 1970er Jahre junge Leute, um eine komplette Wettkampfgruppe auf die Beine stellen zu k\u00f6nnen. Dabei kamen Heinrich Ficker und seine Clique ins Spiel. Zusammen mit weiteren Kameraden wurde Ficker f\u00fcr 50 Jahre Feuerwehr geehrt. \u00dcber Teilnahme an den \u201eH\u00fcmmling-Wettk\u00e4mpfen\u201c, so wurde der Leistungsvergleich der Feuerwehren damals bezeichnet, [&hellip;]\n","protected":false},"author":2,"featured_media":0,"comment_status":"closed","ping_status":"closed","sticky":false,"template":"","format":"standard","meta":{"ngg_post_thumbnail":0,"footnotes":""},"categories":[3],"tags":[],"class_list":["post-31900","post","type-post","status-publish","format-standard","hentry","category-aktuelles-aus-der-region"],"_links":{"self":[{"href":"https:\/\/www.forum-soegel.de\/information\/wp-json\/wp\/v2\/posts\/31900","targetHints":{"allow":["GET"]}}],"collection":[{"href":"https:\/\/www.forum-soegel.de\/information\/wp-json\/wp\/v2\/posts"}],"about":[{"href":"https:\/\/www.forum-soegel.de\/information\/wp-json\/wp\/v2\/types\/post"}],"author":[{"embeddable":true,"href":"https:\/\/www.forum-soegel.de\/information\/wp-json\/wp\/v2\/users\/2"}],"replies":[{"embeddable":true,"href":"https:\/\/www.forum-soegel.de\/information\/wp-json\/wp\/v2\/comments?post=31900"}],"version-history":[{"count":1,"href":"https:\/\/www.forum-soegel.de\/information\/wp-json\/wp\/v2\/posts\/31900\/revisions"}],"predecessor-version":[{"id":31902,"href":"https:\/\/www.forum-soegel.de\/information\/wp-json\/wp\/v2\/posts\/31900\/revisions\/31902"}],"wp:attachment":[{"href":"https:\/\/www.forum-soegel.de\/information\/wp-json\/wp\/v2\/media?parent=31900"}],"wp:term":[{"taxonomy":"category","embeddable":true,"href":"https:\/\/www.forum-soegel.de\/information\/wp-json\/wp\/v2\/categories?post=31900"},{"taxonomy":"post_tag","embeddable":true,"href":"https:\/\/www.forum-soegel.de\/information\/wp-json\/wp\/v2\/tags?post=31900"}],"curies":[{"name":"wp","href":"https:\/\/api.w.org\/{rel}","templated":true}]}}