{"id":31897,"date":"2022-02-02T09:09:50","date_gmt":"2022-02-02T08:09:50","guid":{"rendered":"https:\/\/www.forum-soegel.de\/information\/?p=31897"},"modified":"2022-02-02T09:09:50","modified_gmt":"2022-02-02T08:09:50","slug":"spd-soegel-steht-hinter-stipendien-fuer-medizinstudierende-und-unterstuetzung-fuer-kolpingkapelle","status":"publish","type":"post","link":"https:\/\/www.forum-soegel.de\/information\/2022\/02\/spd-soegel-steht-hinter-stipendien-fuer-medizinstudierende-und-unterstuetzung-fuer-kolpingkapelle\/","title":{"rendered":"SPD S\u00f6gel steht hinter Stipendien f\u00fcr Medizinstudierende und Unterst\u00fctzung f\u00fcr Kolpingkapelle"},"content":{"rendered":"\n<p><strong>Viele Themen und wenige Kontroversen bei letzter Sitzung des Gemeinderats S\u00f6gel im Jahr 2021<\/strong><\/p>\n\n\n\n<p>S\u00f6gel &#8211; Am vergangenen Freitag (17.12.2021) traf sich der S\u00f6geler Gemeinderat zu seiner letzten Sitzung in diesem Jahr. Themen waren unter anderem die Vergabe eines Stipendiums an eine Medizinstudentin, die Renaturierung der Radde, eine finanzielle Unterst\u00fctzung f\u00fcr die Kolpingkapelle und das Kriegerdenkmal in S\u00f6gel.<\/p>\n\n\n\n<p>Beim Thema Stipendium f\u00fcr die Medizinstudentin war sich die Mehrheit der Ratsmitglieder schnell einig, die angehende Medizinerin zu unterst\u00fctzen. Mit dem Erhalt verpflichtet sie sich, nach ihrem Studium eine gewisse Zeit in der Samtgemeinde S\u00f6gel als \u00c4rztin t\u00e4tig zu sein. Die Studentin hatte bereits im H\u00fcmmling Hospital S\u00f6gel gearbeitet.<\/p>\n\n\n\n<p>\u201eWir stehen hinter dieser F\u00f6rderung und m\u00f6chten auch weitere Medizinstudierende ermuntern, sich um ein Stipendium zu bewerben&#8220;, erkl\u00e4rt SPD-Fraktionsvorsitzender Thomas Kla\u00df. \u201eAlle profitieren davon: Die angehenden \u00c4rztinnen und \u00c4rzte, die Patienten, die B\u00fcrger\/innen und schlie\u00dflich unsere Samtgemeinde, da eine bessere medizinische Versorgung die Attraktivit\u00e4t unseres Ortes erh\u00f6ht&#8220;, so Kla\u00df weiter.<\/p>\n\n\n\n<p>Des Weiteren wurde dar\u00fcber diskutiert, ob das Kriegerdenkmal am Ludmillenhof einem neuen Mahnmal weichen sollte. \u201eWir sind der Meinung, dass das bisherige Denkmal bestehen bleiben sollte, denn es geh\u00f6rt schon lange zu unserem Ort dazu und dient dem Gedenken aller, die ihr Leben in den Kriegen verloren haben\u201d, erl\u00e4utert Anno Immenga, stellvertretender Vorsitzender der SPD-Fraktion den Standpunkt der Sozialdemokraten. Samtgemeindeb\u00fcrgermeister Frank Kla\u00df erkl\u00e4rte auf der Sitzung, dass er die Bev\u00f6lkerung k\u00fcnftig noch st\u00e4rker zur Gedenkveranstaltung am Volkstrauertag einladen und einbinden m\u00f6chte und dass er pr\u00fcfe, wie man Form und Inhalt des Gedenkens ver\u00e4ndern k\u00f6nnte.<\/p>\n\n\n\n<p>\u201eDen Antrag der Kolpingkapelle f\u00fcr einen finanziellen Zuschuss zu den Mietkosten unterst\u00fctzen wir gerne. Die Kolpingkapelle leistet seit Jahrzehnten eine wertvolle ehrenamtliche Arbeit f\u00fcr Jung und Alt, f\u00fcr ihre Mitglieder und f\u00fcr uns alle&#8220;, so Silvia Wagener, die zweite stellvertretende SPD- Fraktionsvorsitzende.<\/p>\n\n\n\n<p>Au\u00dferdem berichtete Frank Kla\u00df, dass der Verlauf der Radde auf weiten Teilen wieder in den urspr\u00fcnglichen Zustand gebracht werden konnte und die Renaturierung des Flie\u00dfgew\u00e4ssers voranschreitet. \u201eDas freut uns sehr, denn dadurch verbessert sich der Lebensraum f\u00fcr die Tiere und Pflanzen entlang der Radde, das tr\u00e4gt wiederum zu mehr Artenvielfalt und zu einem besseren Natur- und Umweltschutz bei. Au\u00dferdem wird durch die Renaturierung das Risiko von \u00dcberschwemmungen auf den angrenzenden Fl\u00e4chen reduziert&#8220;, macht Thomas Kla\u00df die Position der SPD deutlich.<\/p>\n\n\n\n<p>Text\/Foto: Silke Helbich<\/p>\n\n\n\n<figure class=\"wp-block-image size-full\"><a href=\"https:\/\/www.forum-soegel.de\/information\/wp-content\/uploads\/2022\/02\/SPD-Soegel-steht-hinter-Stipendien-fuer-Medizinstudierende-und-Unterstuetzung-fuer-Kolpingkapelle-1.jpg\"><img loading=\"lazy\" decoding=\"async\" width=\"1024\" height=\"576\" src=\"https:\/\/www.forum-soegel.de\/information\/wp-content\/uploads\/2022\/02\/SPD-Soegel-steht-hinter-Stipendien-fuer-Medizinstudierende-und-Unterstuetzung-fuer-Kolpingkapelle-1.jpg\" alt=\"\" class=\"wp-image-31898\" srcset=\"https:\/\/www.forum-soegel.de\/information\/wp-content\/uploads\/2022\/02\/SPD-Soegel-steht-hinter-Stipendien-fuer-Medizinstudierende-und-Unterstuetzung-fuer-Kolpingkapelle-1.jpg 1024w, https:\/\/www.forum-soegel.de\/information\/wp-content\/uploads\/2022\/02\/SPD-Soegel-steht-hinter-Stipendien-fuer-Medizinstudierende-und-Unterstuetzung-fuer-Kolpingkapelle-1-300x169.jpg 300w, https:\/\/www.forum-soegel.de\/information\/wp-content\/uploads\/2022\/02\/SPD-Soegel-steht-hinter-Stipendien-fuer-Medizinstudierende-und-Unterstuetzung-fuer-Kolpingkapelle-1-768x432.jpg 768w\" sizes=\"auto, (max-width: 1024px) 100vw, 1024px\" \/><\/a><figcaption>Die SPD-Fraktion von links nach rechts: Thomas Kla\u00df, Christina Zitzer, Silvia Wagener, Anno Immenga, Wilfried Steenken, Martin Hinderks, Robert Jipa und Elena Romanenko. Als hinzugew\u00e4hlte Mitglieder geh\u00f6ren Ralf Schr\u00f6der und Silke Helbich der Fraktion an.<\/figcaption><\/figure>\n","protected":false},"excerpt":{"rendered":"Viele Themen und wenige Kontroversen bei letzter Sitzung des Gemeinderats S\u00f6gel im Jahr 2021 S\u00f6gel &#8211; Am vergangenen Freitag (17.12.2021) traf sich der S\u00f6geler Gemeinderat zu seiner letzten Sitzung in diesem Jahr. Themen waren unter anderem die Vergabe eines Stipendiums an eine Medizinstudentin, die Renaturierung der Radde, eine finanzielle Unterst\u00fctzung f\u00fcr die Kolpingkapelle und das [&hellip;]\n","protected":false},"author":2,"featured_media":0,"comment_status":"closed","ping_status":"closed","sticky":false,"template":"","format":"standard","meta":{"ngg_post_thumbnail":0,"footnotes":""},"categories":[3],"tags":[],"class_list":["post-31897","post","type-post","status-publish","format-standard","hentry","category-aktuelles-aus-der-region"],"_links":{"self":[{"href":"https:\/\/www.forum-soegel.de\/information\/wp-json\/wp\/v2\/posts\/31897","targetHints":{"allow":["GET"]}}],"collection":[{"href":"https:\/\/www.forum-soegel.de\/information\/wp-json\/wp\/v2\/posts"}],"about":[{"href":"https:\/\/www.forum-soegel.de\/information\/wp-json\/wp\/v2\/types\/post"}],"author":[{"embeddable":true,"href":"https:\/\/www.forum-soegel.de\/information\/wp-json\/wp\/v2\/users\/2"}],"replies":[{"embeddable":true,"href":"https:\/\/www.forum-soegel.de\/information\/wp-json\/wp\/v2\/comments?post=31897"}],"version-history":[{"count":1,"href":"https:\/\/www.forum-soegel.de\/information\/wp-json\/wp\/v2\/posts\/31897\/revisions"}],"predecessor-version":[{"id":31899,"href":"https:\/\/www.forum-soegel.de\/information\/wp-json\/wp\/v2\/posts\/31897\/revisions\/31899"}],"wp:attachment":[{"href":"https:\/\/www.forum-soegel.de\/information\/wp-json\/wp\/v2\/media?parent=31897"}],"wp:term":[{"taxonomy":"category","embeddable":true,"href":"https:\/\/www.forum-soegel.de\/information\/wp-json\/wp\/v2\/categories?post=31897"},{"taxonomy":"post_tag","embeddable":true,"href":"https:\/\/www.forum-soegel.de\/information\/wp-json\/wp\/v2\/tags?post=31897"}],"curies":[{"name":"wp","href":"https:\/\/api.w.org\/{rel}","templated":true}]}}