{"id":31890,"date":"2022-02-02T09:05:46","date_gmt":"2022-02-02T08:05:46","guid":{"rendered":"https:\/\/www.forum-soegel.de\/information\/?p=31890"},"modified":"2022-02-02T09:05:46","modified_gmt":"2022-02-02T08:05:46","slug":"sirene-auf-der-bernhardschule-wurde-abgebaut","status":"publish","type":"post","link":"https:\/\/www.forum-soegel.de\/information\/2022\/02\/sirene-auf-der-bernhardschule-wurde-abgebaut\/","title":{"rendered":"Sirene auf der Bernhardschule wurde abgebaut"},"content":{"rendered":"\n<p>S\u00f6gel &#8211; Viele Jahre diente die Sirene auf der Bernhardschule in S\u00f6gel der Alarmierung der Feuerwehr. In den letzten dreieinhalb Jahrzehnten machte sie sich lediglich durch den w\u00f6chentlichen Probealarm, zuletzt montags um 18 Uhr, mit ihrem markanten Heulton bemerkbar. Da im Rahmen der Bauma\u00dfnahmen an der Bernhardschule das Geb\u00e4ude, auf dem die Sirene installiert war, abgerissen wird, musste diese abgebaut werden. Mit Hilfe der Drehleiter der Feuerwehr S\u00f6gel und einem Autokran der Firma K\u00fcnnen wurde das altehrw\u00fcrdige Ger\u00e4t abmontiert. W\u00e4hrend in fr\u00fcheren Jahren die Sirene durch sogenannte Alarmstellen im Ort und sp\u00e4ter durch Mitarbeiter an der Krankenhauspforte ausgel\u00f6st wurde, war sie in den letzten Jahren an das Alarmierungssystem der Einsatzleitstelle in Meppen angeschlossen. Die Alarmierung der Feuerwehr erfolgt schon seit \u00fcber 35 Jahren ausschlie\u00dflich mit pers\u00f6nlichen Meldeempf\u00e4ngern. Die Warnung der Bev\u00f6lkerung im Katastrophenfall, daf\u00fcr war die alte Sirene technisch nicht ausgerichtet, wird in Zukunft durch ein Netz neuer Warnsirenen erfolgen.<\/p>\n\n\n\n<p>Text\/Fotos: Lambert Brand<\/p>\n\n\n\n<figure class=\"wp-block-gallery has-nested-images columns-default is-cropped wp-block-gallery-1 is-layout-flex wp-block-gallery-is-layout-flex\">\n<figure class=\"wp-block-image size-large\"><a href=\"https:\/\/www.forum-soegel.de\/information\/wp-content\/uploads\/2022\/02\/Sirene-auf-der-Bernhardschule-wurde-abgebaut-2-scaled.jpeg\"><img loading=\"lazy\" decoding=\"async\" width=\"1024\" height=\"768\" data-id=\"31892\" src=\"https:\/\/www.forum-soegel.de\/information\/wp-content\/uploads\/2022\/02\/Sirene-auf-der-Bernhardschule-wurde-abgebaut-2-1024x768.jpeg\" alt=\"\" class=\"wp-image-31892\" srcset=\"https:\/\/www.forum-soegel.de\/information\/wp-content\/uploads\/2022\/02\/Sirene-auf-der-Bernhardschule-wurde-abgebaut-2-1024x768.jpeg 1024w, https:\/\/www.forum-soegel.de\/information\/wp-content\/uploads\/2022\/02\/Sirene-auf-der-Bernhardschule-wurde-abgebaut-2-300x225.jpeg 300w, https:\/\/www.forum-soegel.de\/information\/wp-content\/uploads\/2022\/02\/Sirene-auf-der-Bernhardschule-wurde-abgebaut-2-768x576.jpeg 768w, https:\/\/www.forum-soegel.de\/information\/wp-content\/uploads\/2022\/02\/Sirene-auf-der-Bernhardschule-wurde-abgebaut-2-1536x1152.jpeg 1536w, https:\/\/www.forum-soegel.de\/information\/wp-content\/uploads\/2022\/02\/Sirene-auf-der-Bernhardschule-wurde-abgebaut-2-2048x1536.jpeg 2048w\" sizes=\"auto, (max-width: 1024px) 100vw, 1024px\" \/><\/a><\/figure>\n\n\n\n<figure class=\"wp-block-image size-large\"><a href=\"https:\/\/www.forum-soegel.de\/information\/wp-content\/uploads\/2022\/02\/Sirene-auf-der-Bernhardschule-wurde-abgebaut-1-scaled.jpeg\"><img loading=\"lazy\" decoding=\"async\" width=\"768\" height=\"1024\" data-id=\"31891\" src=\"https:\/\/www.forum-soegel.de\/information\/wp-content\/uploads\/2022\/02\/Sirene-auf-der-Bernhardschule-wurde-abgebaut-1-768x1024.jpeg\" alt=\"\" class=\"wp-image-31891\" srcset=\"https:\/\/www.forum-soegel.de\/information\/wp-content\/uploads\/2022\/02\/Sirene-auf-der-Bernhardschule-wurde-abgebaut-1-768x1024.jpeg 768w, https:\/\/www.forum-soegel.de\/information\/wp-content\/uploads\/2022\/02\/Sirene-auf-der-Bernhardschule-wurde-abgebaut-1-225x300.jpeg 225w, https:\/\/www.forum-soegel.de\/information\/wp-content\/uploads\/2022\/02\/Sirene-auf-der-Bernhardschule-wurde-abgebaut-1-1152x1536.jpeg 1152w, https:\/\/www.forum-soegel.de\/information\/wp-content\/uploads\/2022\/02\/Sirene-auf-der-Bernhardschule-wurde-abgebaut-1-1536x2048.jpeg 1536w, https:\/\/www.forum-soegel.de\/information\/wp-content\/uploads\/2022\/02\/Sirene-auf-der-Bernhardschule-wurde-abgebaut-1-scaled.jpeg 1920w\" sizes=\"auto, (max-width: 768px) 100vw, 768px\" \/><\/a><\/figure>\n<\/figure>\n","protected":false},"excerpt":{"rendered":"S\u00f6gel &#8211; Viele Jahre diente die Sirene auf der Bernhardschule in S\u00f6gel der Alarmierung der Feuerwehr. In den letzten dreieinhalb Jahrzehnten machte sie sich lediglich durch den w\u00f6chentlichen Probealarm, zuletzt montags um 18 Uhr, mit ihrem markanten Heulton bemerkbar. Da im Rahmen der Bauma\u00dfnahmen an der Bernhardschule das Geb\u00e4ude, auf dem die Sirene installiert war, [&hellip;]\n","protected":false},"author":2,"featured_media":0,"comment_status":"closed","ping_status":"closed","sticky":false,"template":"","format":"standard","meta":{"ngg_post_thumbnail":0,"footnotes":""},"categories":[3],"tags":[],"class_list":["post-31890","post","type-post","status-publish","format-standard","hentry","category-aktuelles-aus-der-region"],"_links":{"self":[{"href":"https:\/\/www.forum-soegel.de\/information\/wp-json\/wp\/v2\/posts\/31890","targetHints":{"allow":["GET"]}}],"collection":[{"href":"https:\/\/www.forum-soegel.de\/information\/wp-json\/wp\/v2\/posts"}],"about":[{"href":"https:\/\/www.forum-soegel.de\/information\/wp-json\/wp\/v2\/types\/post"}],"author":[{"embeddable":true,"href":"https:\/\/www.forum-soegel.de\/information\/wp-json\/wp\/v2\/users\/2"}],"replies":[{"embeddable":true,"href":"https:\/\/www.forum-soegel.de\/information\/wp-json\/wp\/v2\/comments?post=31890"}],"version-history":[{"count":1,"href":"https:\/\/www.forum-soegel.de\/information\/wp-json\/wp\/v2\/posts\/31890\/revisions"}],"predecessor-version":[{"id":31893,"href":"https:\/\/www.forum-soegel.de\/information\/wp-json\/wp\/v2\/posts\/31890\/revisions\/31893"}],"wp:attachment":[{"href":"https:\/\/www.forum-soegel.de\/information\/wp-json\/wp\/v2\/media?parent=31890"}],"wp:term":[{"taxonomy":"category","embeddable":true,"href":"https:\/\/www.forum-soegel.de\/information\/wp-json\/wp\/v2\/categories?post=31890"},{"taxonomy":"post_tag","embeddable":true,"href":"https:\/\/www.forum-soegel.de\/information\/wp-json\/wp\/v2\/tags?post=31890"}],"curies":[{"name":"wp","href":"https:\/\/api.w.org\/{rel}","templated":true}]}}