{"id":31887,"date":"2022-02-02T09:04:01","date_gmt":"2022-02-02T08:04:01","guid":{"rendered":"https:\/\/www.forum-soegel.de\/information\/?p=31887"},"modified":"2022-02-02T09:04:01","modified_gmt":"2022-02-02T08:04:01","slug":"projekt-soegel-summt-wird-bis-maerz-2022-verlaengert","status":"publish","type":"post","link":"https:\/\/www.forum-soegel.de\/information\/2022\/02\/projekt-soegel-summt-wird-bis-maerz-2022-verlaengert\/","title":{"rendered":"Projekt \u201eS\u00f6gel summt\u201c wird bis\u00a0M\u00e4rz 2022\u00a0verl\u00e4ngert"},"content":{"rendered":"\n<p><strong>Paten f\u00fcr Schleiereuenkasten gesucht<\/strong><\/p>\n\n\n\n<p><br>S\u00f6gel &#8211; &#8222;Das Projekt \u201eS\u00f6gel summt\u201c wird bis&nbsp;M\u00e4rz 2022&nbsp;verl\u00e4ngert&#8220;, freut sich Maria Dierkes (Projektleitung) \u00fcber die aktuelle Zusage. Somit besteht f\u00fcr die S\u00f6geler Einwohner auch weiterhin die M\u00f6glichkeit, Gutscheine f\u00fcr Hausb\u00e4ume, Heckenpflanzen und Blumenwiesensaatgut im Rahmen dieses Projektes zu bekommen.<\/p>\n\n\n\n<p>M\u00f6gliche Antr\u00e4ge k\u00f6nnen unb\u00fcrokratisch angefordert werden unter&nbsp;dierkes@soegel.de&nbsp;oder unter 05952\/206-246.<\/p>\n\n\n\n<p>Auch werden noch Interessenten f\u00fcr die Aufh\u00e4ngung eines Schleiereulenkastens gesucht. Dierkes: \u201eBei der Bek\u00e4mpfung von Nagetieren z\u00e4hlen Schleiereulen zu den wichtigsten Helfern. Auf ihrem Speiseplan stehen neben Feld- und Scherm\u00e4usen auch Ratten. Sie sind also flei\u00dfige, kostenlose Helfer in der Ungezieferbeseitigung.&#8220; Schleiereulen ben\u00f6tigen f\u00fcr ihre Jagd offenes Gel\u00e4nde mit niedriger Vegetation, wie Wiesen und Felder. Als Kulturfolger leben sie immer in direkter menschlicher N\u00e4he und br\u00fcten auch dort.<\/p>\n\n\n\n<p>Die K\u00e4sten k\u00f6nnen innerhalb von Geb\u00e4uden (Scheunen, Dachgiebeln, Schuppen, Industriebauten) angebracht werden, wobei ein offenes Flugloch vorhanden sein muss. Auch Turmfalken oder Kauze besiedeln gern die Schleiereulenk\u00e4sten. &#8222;Der Schleiereulenkasten wird bei geeignetem Geb\u00e4ude und Gel\u00e4nde ebenfalls kostenlos zur Verf\u00fcgung gestellt,\u201c so Dierkes und f\u00fcgt noch an: \u201eIch freue mich \u00fcber jeden, der sich noch an \u201eS\u00f6gel summt\u201c z.B. durch Pflanzung einer Hecke, eines Hausbaumes, die Einsaat einer Blumenwiese etc. beteiligt und dadurch einen Beitrag dazu leistet, dass S\u00f6gel lebens- und erlebenswerter wird.\u201c<br><br>Text\/Foto: Hans-Georg Jansen, Helmut Jansen (beides Ranger), Maria Dierkes<\/p>\n\n\n\n<figure class=\"wp-block-gallery has-nested-images columns-default is-cropped wp-block-gallery-1 is-layout-flex wp-block-gallery-is-layout-flex\">\n<figure class=\"wp-block-image size-large\"><a href=\"https:\/\/www.forum-soegel.de\/information\/wp-content\/uploads\/2022\/02\/Projekt-Soegel-summt-wird-bis-Maerz-2022-verlaengert.jpeg\"><img loading=\"lazy\" decoding=\"async\" width=\"1024\" height=\"575\" data-id=\"31888\" src=\"https:\/\/www.forum-soegel.de\/information\/wp-content\/uploads\/2022\/02\/Projekt-Soegel-summt-wird-bis-Maerz-2022-verlaengert-1024x575.jpeg\" alt=\"\" class=\"wp-image-31888\" srcset=\"https:\/\/www.forum-soegel.de\/information\/wp-content\/uploads\/2022\/02\/Projekt-Soegel-summt-wird-bis-Maerz-2022-verlaengert-1024x575.jpeg 1024w, https:\/\/www.forum-soegel.de\/information\/wp-content\/uploads\/2022\/02\/Projekt-Soegel-summt-wird-bis-Maerz-2022-verlaengert-300x169.jpeg 300w, https:\/\/www.forum-soegel.de\/information\/wp-content\/uploads\/2022\/02\/Projekt-Soegel-summt-wird-bis-Maerz-2022-verlaengert-768x431.jpeg 768w, https:\/\/www.forum-soegel.de\/information\/wp-content\/uploads\/2022\/02\/Projekt-Soegel-summt-wird-bis-Maerz-2022-verlaengert.jpeg 1100w\" sizes=\"auto, (max-width: 1024px) 100vw, 1024px\" \/><\/a><\/figure>\n<\/figure>\n","protected":false},"excerpt":{"rendered":"Paten f\u00fcr Schleiereuenkasten gesucht S\u00f6gel &#8211; &#8222;Das Projekt \u201eS\u00f6gel summt\u201c wird bis&nbsp;M\u00e4rz 2022&nbsp;verl\u00e4ngert&#8220;, freut sich Maria Dierkes (Projektleitung) \u00fcber die aktuelle Zusage. Somit besteht f\u00fcr die S\u00f6geler Einwohner auch weiterhin die M\u00f6glichkeit, Gutscheine f\u00fcr Hausb\u00e4ume, Heckenpflanzen und Blumenwiesensaatgut im Rahmen dieses Projektes zu bekommen. M\u00f6gliche Antr\u00e4ge k\u00f6nnen unb\u00fcrokratisch angefordert werden unter&nbsp;dierkes@soegel.de&nbsp;oder unter 05952\/206-246. Auch werden [&hellip;]\n","protected":false},"author":2,"featured_media":0,"comment_status":"closed","ping_status":"closed","sticky":false,"template":"","format":"standard","meta":{"ngg_post_thumbnail":0,"footnotes":""},"categories":[3],"tags":[],"class_list":["post-31887","post","type-post","status-publish","format-standard","hentry","category-aktuelles-aus-der-region"],"_links":{"self":[{"href":"https:\/\/www.forum-soegel.de\/information\/wp-json\/wp\/v2\/posts\/31887","targetHints":{"allow":["GET"]}}],"collection":[{"href":"https:\/\/www.forum-soegel.de\/information\/wp-json\/wp\/v2\/posts"}],"about":[{"href":"https:\/\/www.forum-soegel.de\/information\/wp-json\/wp\/v2\/types\/post"}],"author":[{"embeddable":true,"href":"https:\/\/www.forum-soegel.de\/information\/wp-json\/wp\/v2\/users\/2"}],"replies":[{"embeddable":true,"href":"https:\/\/www.forum-soegel.de\/information\/wp-json\/wp\/v2\/comments?post=31887"}],"version-history":[{"count":1,"href":"https:\/\/www.forum-soegel.de\/information\/wp-json\/wp\/v2\/posts\/31887\/revisions"}],"predecessor-version":[{"id":31889,"href":"https:\/\/www.forum-soegel.de\/information\/wp-json\/wp\/v2\/posts\/31887\/revisions\/31889"}],"wp:attachment":[{"href":"https:\/\/www.forum-soegel.de\/information\/wp-json\/wp\/v2\/media?parent=31887"}],"wp:term":[{"taxonomy":"category","embeddable":true,"href":"https:\/\/www.forum-soegel.de\/information\/wp-json\/wp\/v2\/categories?post=31887"},{"taxonomy":"post_tag","embeddable":true,"href":"https:\/\/www.forum-soegel.de\/information\/wp-json\/wp\/v2\/tags?post=31887"}],"curies":[{"name":"wp","href":"https:\/\/api.w.org\/{rel}","templated":true}]}}