{"id":31884,"date":"2022-02-02T08:55:11","date_gmt":"2022-02-02T07:55:11","guid":{"rendered":"https:\/\/www.forum-soegel.de\/information\/?p=31884"},"modified":"2022-02-02T08:55:11","modified_gmt":"2022-02-02T07:55:11","slug":"medizin-stipendium-fuer-katharina-meerpohl","status":"publish","type":"post","link":"https:\/\/www.forum-soegel.de\/information\/2022\/02\/medizin-stipendium-fuer-katharina-meerpohl\/","title":{"rendered":"Medizin-Stipendium f\u00fcr Katharina Meerpohl"},"content":{"rendered":"\n<p>S\u00f6gel &#8211; Die Samtgemeinde und die Gemeinde S\u00f6gel unterst\u00fctzen eine weitere Medizinstudentin. Einstimmig votierte der Samtgemeinde- und Gemeinderat f\u00fcr den Abschluss einer Stipendienvereinbarung zur F\u00f6rderung der in T\u00fcbingen studierenden Katharina Meerpohl.<\/p>\n\n\n\n<p>Die Vierundzwanzigj\u00e4hrige hatte sich aufgrund Ihrer Zulassung zum Studium der Humanwissenschaften in T\u00fcbingen bei der Gemeinde und Samtgemeinde um ein Stipendium beworben: Nach dem Abitur am H\u00fcmmling Gymnasium hat sie ein Freiwilliges Soziales Jahr am H\u00fcmmling Hospital S\u00f6gel absolviert und hat anschlie\u00dfend dort eine Ausbildung zur Gesundheits- und Krankenpflegerin mit der Note 1,0 abgeschlossen. Bis April 2020 arbeitete sie nach der Ausbildung auf der Intensivstation. Zum Sommersemester 2020 hat sie ihr Studium an der Eberhard-Karls-Universit\u00e4t in T\u00fcbingen aufgenommen und arbeitet auch w\u00e4hrend der vorlesungsfreien Zeit weiterhin am H\u00fcmmling Hospital.<\/p>\n\n\n\n<p>Im Oktober wurde bei der Samtgemeinde und der Gemeinde S\u00f6gel ein Stipendienplatz frei. Gemeinde- und Samtgemeinderat haben daraufhin einstimmig beschlossen, dass eine Stipendienvereinbarung zur F\u00f6rderung der Humanmediziner Katharina Meerpohl mit einer monatlichen F\u00f6rderung von insgesamt 350 \u20ac f\u00fcr die Dauer der Regelstudienzeit abgeschlossen werden soll. Dieser Vertrag wurde nun im Rathaus unterschrieben. B\u00fcrgermeister G\u00fcnther Wucherpfennig und Cornelia Willigmann-Kassner, Allgemeine Stellvertreterin des Samtgemeindeb\u00fcrgermeisters, sind sich einig: \u201eMit diesem Stipendium tragen wir als politische Gemeinde S\u00f6gel bzw. als Samtgemeinde S\u00f6gel dazu bei, die \u00e4rztliche Versorgung in unserer Region sicherzustellen. Das machen wir gerne!\u201c<\/p>\n\n\n\n<p>Seit 2014 offeriert S\u00f6gel Studenten der medizinischen Fachrichtung eine finanzielle Unterst\u00fctzung. Neben Meerpohl erhalten auch Inken Wagener aus S\u00f6gel, Markus Klaas aus B\u00f6rger, Isabell Behnen aus Klein Ber\u00dfen, sowie Christina Niermann aus S\u00f6gel eine F\u00f6rderung. Dabei wird angehenden \u00c4rzten monatlich 350 Euro, die jeweils zur H\u00e4lfte von Samtgemeinde und Gemeinde getragen werden, von den Kommunen zur Verf\u00fcgung gestellt. Im Gegenzug verpflichten sich die Mediziner, nach erfolgreichem Abschluss der Ausbildungen, ihre T\u00e4tigkeit als Mediziner in der Gemeinde oder Samtgemeinde S\u00f6gel aufzunehmen und mindestens f\u00fcr eine angemessene Zeit auszu\u00fcben.<\/p>\n\n\n\n<p>Text: Ingrid Cloppenburg<\/p>\n\n\n\n<p>Foto: Samtgemeinde S\u00f6gel<\/p>\n\n\n\n<figure class=\"wp-block-image size-full\"><a href=\"https:\/\/www.forum-soegel.de\/information\/wp-content\/uploads\/2022\/02\/Medizin-Stipendium-fuer-Katharina-Meerpohl-1.jpg\"><img loading=\"lazy\" decoding=\"async\" width=\"1024\" height=\"768\" src=\"https:\/\/www.forum-soegel.de\/information\/wp-content\/uploads\/2022\/02\/Medizin-Stipendium-fuer-Katharina-Meerpohl-1.jpg\" alt=\"\" class=\"wp-image-31885\" srcset=\"https:\/\/www.forum-soegel.de\/information\/wp-content\/uploads\/2022\/02\/Medizin-Stipendium-fuer-Katharina-Meerpohl-1.jpg 1024w, https:\/\/www.forum-soegel.de\/information\/wp-content\/uploads\/2022\/02\/Medizin-Stipendium-fuer-Katharina-Meerpohl-1-300x225.jpg 300w, https:\/\/www.forum-soegel.de\/information\/wp-content\/uploads\/2022\/02\/Medizin-Stipendium-fuer-Katharina-Meerpohl-1-768x576.jpg 768w\" sizes=\"auto, (max-width: 1024px) 100vw, 1024px\" \/><\/a><figcaption>Katharina Meerpohl darf sich \u00fcber ein Medizin-Stipendium aus S\u00f6gel freuen.<\/figcaption><\/figure>\n","protected":false},"excerpt":{"rendered":"S\u00f6gel &#8211; Die Samtgemeinde und die Gemeinde S\u00f6gel unterst\u00fctzen eine weitere Medizinstudentin. Einstimmig votierte der Samtgemeinde- und Gemeinderat f\u00fcr den Abschluss einer Stipendienvereinbarung zur F\u00f6rderung der in T\u00fcbingen studierenden Katharina Meerpohl. Die Vierundzwanzigj\u00e4hrige hatte sich aufgrund Ihrer Zulassung zum Studium der Humanwissenschaften in T\u00fcbingen bei der Gemeinde und Samtgemeinde um ein Stipendium beworben: Nach dem [&hellip;]\n","protected":false},"author":2,"featured_media":0,"comment_status":"closed","ping_status":"closed","sticky":false,"template":"","format":"standard","meta":{"ngg_post_thumbnail":0,"footnotes":""},"categories":[3],"tags":[],"class_list":["post-31884","post","type-post","status-publish","format-standard","hentry","category-aktuelles-aus-der-region"],"_links":{"self":[{"href":"https:\/\/www.forum-soegel.de\/information\/wp-json\/wp\/v2\/posts\/31884","targetHints":{"allow":["GET"]}}],"collection":[{"href":"https:\/\/www.forum-soegel.de\/information\/wp-json\/wp\/v2\/posts"}],"about":[{"href":"https:\/\/www.forum-soegel.de\/information\/wp-json\/wp\/v2\/types\/post"}],"author":[{"embeddable":true,"href":"https:\/\/www.forum-soegel.de\/information\/wp-json\/wp\/v2\/users\/2"}],"replies":[{"embeddable":true,"href":"https:\/\/www.forum-soegel.de\/information\/wp-json\/wp\/v2\/comments?post=31884"}],"version-history":[{"count":1,"href":"https:\/\/www.forum-soegel.de\/information\/wp-json\/wp\/v2\/posts\/31884\/revisions"}],"predecessor-version":[{"id":31886,"href":"https:\/\/www.forum-soegel.de\/information\/wp-json\/wp\/v2\/posts\/31884\/revisions\/31886"}],"wp:attachment":[{"href":"https:\/\/www.forum-soegel.de\/information\/wp-json\/wp\/v2\/media?parent=31884"}],"wp:term":[{"taxonomy":"category","embeddable":true,"href":"https:\/\/www.forum-soegel.de\/information\/wp-json\/wp\/v2\/categories?post=31884"},{"taxonomy":"post_tag","embeddable":true,"href":"https:\/\/www.forum-soegel.de\/information\/wp-json\/wp\/v2\/tags?post=31884"}],"curies":[{"name":"wp","href":"https:\/\/api.w.org\/{rel}","templated":true}]}}