{"id":31875,"date":"2022-02-02T08:49:35","date_gmt":"2022-02-02T07:49:35","guid":{"rendered":"https:\/\/www.forum-soegel.de\/information\/?p=31875"},"modified":"2022-02-02T08:49:35","modified_gmt":"2022-02-02T07:49:35","slug":"feuerwehrleitung-in-soegel-veraendert","status":"publish","type":"post","link":"https:\/\/www.forum-soegel.de\/information\/2022\/02\/feuerwehrleitung-in-soegel-veraendert\/","title":{"rendered":"Feuerwehrleitung in S\u00f6gel ver\u00e4ndert"},"content":{"rendered":"\n<p>S\u00f6gel &#8211; Der Samtgemeinderat S\u00f6gel hat auf Vorschlag der Mitgliederversammlung den bisherigen 1. Stellvertretenden Ortsbrandmeister der Feuerwehr S\u00f6gel, Markus Heller (links), auf weitere sechs Jahre in seinem Amt best\u00e4tigt. Neuer 2. Stellvertretender Ortsbrandmeister wurde laut Ratsbeschluss der bisherige Leiter der Jugendfeuerwehr, Gerit Ahrens (rechts). Er \u00fcbernahm die Aufgabe von Guido Vagedes, der auf eine Wiederwahl verzichtet hatte. Samtgemeindeb\u00fcrgermeister Frank Kla\u00df \u00fcbereichte die Ernennungsurkunden und w\u00fcnschte beiden viel Erfolg in ihrem Amt.<\/p>\n\n\n\n<p>Text\/Foto: Feuerwehr<\/p>\n\n\n\n<figure class=\"wp-block-gallery has-nested-images columns-default is-cropped wp-block-gallery-1 is-layout-flex wp-block-gallery-is-layout-flex\">\n<figure class=\"wp-block-image size-large\"><a href=\"https:\/\/www.forum-soegel.de\/information\/wp-content\/uploads\/2022\/02\/Feuerwehrleitung-in-Soegel-veraendert-1.png\"><img loading=\"lazy\" decoding=\"async\" width=\"1024\" height=\"768\" data-id=\"31876\" src=\"https:\/\/www.forum-soegel.de\/information\/wp-content\/uploads\/2022\/02\/Feuerwehrleitung-in-Soegel-veraendert-1.png\" alt=\"\" class=\"wp-image-31876\" srcset=\"https:\/\/www.forum-soegel.de\/information\/wp-content\/uploads\/2022\/02\/Feuerwehrleitung-in-Soegel-veraendert-1.png 1024w, https:\/\/www.forum-soegel.de\/information\/wp-content\/uploads\/2022\/02\/Feuerwehrleitung-in-Soegel-veraendert-1-300x225.png 300w, https:\/\/www.forum-soegel.de\/information\/wp-content\/uploads\/2022\/02\/Feuerwehrleitung-in-Soegel-veraendert-1-768x576.png 768w\" sizes=\"auto, (max-width: 1024px) 100vw, 1024px\" \/><\/a><\/figure>\n<\/figure>\n","protected":false},"excerpt":{"rendered":"S\u00f6gel &#8211; Der Samtgemeinderat S\u00f6gel hat auf Vorschlag der Mitgliederversammlung den bisherigen 1. Stellvertretenden Ortsbrandmeister der Feuerwehr S\u00f6gel, Markus Heller (links), auf weitere sechs Jahre in seinem Amt best\u00e4tigt. Neuer 2. Stellvertretender Ortsbrandmeister wurde laut Ratsbeschluss der bisherige Leiter der Jugendfeuerwehr, Gerit Ahrens (rechts). Er \u00fcbernahm die Aufgabe von Guido Vagedes, der auf eine Wiederwahl [&hellip;]\n","protected":false},"author":2,"featured_media":0,"comment_status":"closed","ping_status":"closed","sticky":false,"template":"","format":"standard","meta":{"ngg_post_thumbnail":0,"footnotes":""},"categories":[3],"tags":[],"class_list":["post-31875","post","type-post","status-publish","format-standard","hentry","category-aktuelles-aus-der-region"],"_links":{"self":[{"href":"https:\/\/www.forum-soegel.de\/information\/wp-json\/wp\/v2\/posts\/31875","targetHints":{"allow":["GET"]}}],"collection":[{"href":"https:\/\/www.forum-soegel.de\/information\/wp-json\/wp\/v2\/posts"}],"about":[{"href":"https:\/\/www.forum-soegel.de\/information\/wp-json\/wp\/v2\/types\/post"}],"author":[{"embeddable":true,"href":"https:\/\/www.forum-soegel.de\/information\/wp-json\/wp\/v2\/users\/2"}],"replies":[{"embeddable":true,"href":"https:\/\/www.forum-soegel.de\/information\/wp-json\/wp\/v2\/comments?post=31875"}],"version-history":[{"count":1,"href":"https:\/\/www.forum-soegel.de\/information\/wp-json\/wp\/v2\/posts\/31875\/revisions"}],"predecessor-version":[{"id":31877,"href":"https:\/\/www.forum-soegel.de\/information\/wp-json\/wp\/v2\/posts\/31875\/revisions\/31877"}],"wp:attachment":[{"href":"https:\/\/www.forum-soegel.de\/information\/wp-json\/wp\/v2\/media?parent=31875"}],"wp:term":[{"taxonomy":"category","embeddable":true,"href":"https:\/\/www.forum-soegel.de\/information\/wp-json\/wp\/v2\/categories?post=31875"},{"taxonomy":"post_tag","embeddable":true,"href":"https:\/\/www.forum-soegel.de\/information\/wp-json\/wp\/v2\/tags?post=31875"}],"curies":[{"name":"wp","href":"https:\/\/api.w.org\/{rel}","templated":true}]}}