{"id":31872,"date":"2022-02-02T08:48:08","date_gmt":"2022-02-02T07:48:08","guid":{"rendered":"https:\/\/www.forum-soegel.de\/information\/?p=31872"},"modified":"2022-02-02T08:48:08","modified_gmt":"2022-02-02T07:48:08","slug":"samtgemeinde-soegel-abwassergebuehren-werden-gesenkt","status":"publish","type":"post","link":"https:\/\/www.forum-soegel.de\/information\/2022\/02\/samtgemeinde-soegel-abwassergebuehren-werden-gesenkt\/","title":{"rendered":"Samtgemeinde S\u00f6gel: Abwassergeb\u00fchren werden gesenkt"},"content":{"rendered":"\n<p>S\u00f6gel &#8211; \u201eWir k\u00f6nnen die Abwassergeb\u00fchren ab 2022 senken und sind damit eine der g\u00fcnstigsten Kommunen im Landkreis Emsland\u201c, machte Cornelia Willigmann-Kassner, Allgemeine Stellvertreterin des Samtgemeindeb\u00fcrgermeisters, in ihren Ausf\u00fchrungen auf der Ratssitzung des Samtgemeinderates bereits am 14. Oktober deutlich. Der Samtgemeinderat beschloss die daf\u00fcr notwendige Satzungs\u00e4nderung einstimmig.<\/p>\n\n\n\n<p>Eine Fachfirma habe die vorgeschriebene j\u00e4hrliche Neukalkulation der Kosten vorgenommen und habe eine Anpassung von 2,00 Euro auf 1,70 Euro pro Kubikmeter vorgeschlagen. Die Kostensenkung resultiert nach Angaben von Willigmann-Kassner vornehmlich aus Kostensenkungen bei der Unterhaltung und dem Personal, der Erzielung von nicht mehr aufl\u00f6sbaren Ertr\u00e4gen und aus einer festgestellten Erh\u00f6hung der Leistungseinheiten. F\u00fcr 2022 wird zudem ein \u00dcberschussabbau aus 2020 ber\u00fccksichtigt. Die fortw\u00e4hrende Modernisierung und die Qualifizierung der Mitarbeiter der Kl\u00e4ranlage machen sich somit auch f\u00fcr die Verbraucher positiv bemerkbar.<\/p>\n\n\n\n<p>Willigmann-Kassner erkl\u00e4rte: Als Abwassermenge gelten beim modifizierten Frischwasserma\u00dfstab die aus der Wasserversorgungsanlage entnommenen Wassermengen abz\u00fcglich der mittels Z\u00e4hler nachweislich auf dem Grundst\u00fcck verbrauchten oder zur\u00fcckgehaltenen Wassermengen.<\/p>\n\n\n\n<p>Die Samtgemeinde S\u00f6gel appelliert an die Verbraucher im Sinne des Klimaschutzes auch bei sinkenden Kosten weiterhin sparsam mit Frischwasser umzugehen. Damit werden nicht die pers\u00f6nlichen Abwassergeb\u00fchren gesenkt, sondern auch das Klima gesch\u00fctzt. Willigmann-Kassner: \u201eBewusster Umgang mit Trinkwasser im Haushalt kann Frischwasser und Geb\u00fchren einsparen.\u201c Gesammeltes Regenwasser in Zisternen k\u00f6nne ebenso die Geb\u00fchren senken. Dieses Regenwasser kann \u00fcber einen Hausanschluss f\u00fcr die Toilette, die Waschmaschine und zum Putzen genutzt werden. Auch die Bew\u00e4sserung eines Gartens kann mit Regenwasser aus der Zisterne erledigt werden.<\/p>\n\n\n\n<p>Text: Ingrid Cloppenburg<\/p>\n\n\n\n<p>Foto: Samtgemeinde S\u00f6gel<\/p>\n\n\n\n<figure class=\"wp-block-gallery has-nested-images columns-default is-cropped wp-block-gallery-1 is-layout-flex wp-block-gallery-is-layout-flex\">\n<figure class=\"wp-block-image size-large\"><a href=\"https:\/\/www.forum-soegel.de\/information\/wp-content\/uploads\/2022\/02\/Abwassergebuehren-werden-gesenkt-1.jpg\"><img loading=\"lazy\" decoding=\"async\" width=\"1024\" height=\"768\" data-id=\"31873\" src=\"https:\/\/www.forum-soegel.de\/information\/wp-content\/uploads\/2022\/02\/Abwassergebuehren-werden-gesenkt-1.jpg\" alt=\"\" class=\"wp-image-31873\" srcset=\"https:\/\/www.forum-soegel.de\/information\/wp-content\/uploads\/2022\/02\/Abwassergebuehren-werden-gesenkt-1.jpg 1024w, https:\/\/www.forum-soegel.de\/information\/wp-content\/uploads\/2022\/02\/Abwassergebuehren-werden-gesenkt-1-300x225.jpg 300w, https:\/\/www.forum-soegel.de\/information\/wp-content\/uploads\/2022\/02\/Abwassergebuehren-werden-gesenkt-1-768x576.jpg 768w\" sizes=\"auto, (max-width: 1024px) 100vw, 1024px\" \/><\/a><figcaption>Kl\u00e4ranlage S\u00f6gel<\/figcaption><\/figure>\n<\/figure>\n\n\n\n<p><\/p>\n","protected":false},"excerpt":{"rendered":"S\u00f6gel &#8211; \u201eWir k\u00f6nnen die Abwassergeb\u00fchren ab 2022 senken und sind damit eine der g\u00fcnstigsten Kommunen im Landkreis Emsland\u201c, machte Cornelia Willigmann-Kassner, Allgemeine Stellvertreterin des Samtgemeindeb\u00fcrgermeisters, in ihren Ausf\u00fchrungen auf der Ratssitzung des Samtgemeinderates bereits am 14. Oktober deutlich. Der Samtgemeinderat beschloss die daf\u00fcr notwendige Satzungs\u00e4nderung einstimmig. Eine Fachfirma habe die vorgeschriebene j\u00e4hrliche Neukalkulation der [&hellip;]\n","protected":false},"author":2,"featured_media":0,"comment_status":"closed","ping_status":"closed","sticky":false,"template":"","format":"standard","meta":{"ngg_post_thumbnail":0,"footnotes":""},"categories":[3],"tags":[],"class_list":["post-31872","post","type-post","status-publish","format-standard","hentry","category-aktuelles-aus-der-region"],"_links":{"self":[{"href":"https:\/\/www.forum-soegel.de\/information\/wp-json\/wp\/v2\/posts\/31872","targetHints":{"allow":["GET"]}}],"collection":[{"href":"https:\/\/www.forum-soegel.de\/information\/wp-json\/wp\/v2\/posts"}],"about":[{"href":"https:\/\/www.forum-soegel.de\/information\/wp-json\/wp\/v2\/types\/post"}],"author":[{"embeddable":true,"href":"https:\/\/www.forum-soegel.de\/information\/wp-json\/wp\/v2\/users\/2"}],"replies":[{"embeddable":true,"href":"https:\/\/www.forum-soegel.de\/information\/wp-json\/wp\/v2\/comments?post=31872"}],"version-history":[{"count":1,"href":"https:\/\/www.forum-soegel.de\/information\/wp-json\/wp\/v2\/posts\/31872\/revisions"}],"predecessor-version":[{"id":31874,"href":"https:\/\/www.forum-soegel.de\/information\/wp-json\/wp\/v2\/posts\/31872\/revisions\/31874"}],"wp:attachment":[{"href":"https:\/\/www.forum-soegel.de\/information\/wp-json\/wp\/v2\/media?parent=31872"}],"wp:term":[{"taxonomy":"category","embeddable":true,"href":"https:\/\/www.forum-soegel.de\/information\/wp-json\/wp\/v2\/categories?post=31872"},{"taxonomy":"post_tag","embeddable":true,"href":"https:\/\/www.forum-soegel.de\/information\/wp-json\/wp\/v2\/tags?post=31872"}],"curies":[{"name":"wp","href":"https:\/\/api.w.org\/{rel}","templated":true}]}}