{"id":31847,"date":"2022-01-05T17:40:15","date_gmt":"2022-01-05T16:40:15","guid":{"rendered":"https:\/\/www.forum-soegel.de\/information\/?p=31847"},"modified":"2022-01-05T17:40:15","modified_gmt":"2022-01-05T16:40:15","slug":"coronaschutzimpfungen-in-soegel-kommende-woche-stark-intensiviert","status":"publish","type":"post","link":"https:\/\/www.forum-soegel.de\/information\/2022\/01\/coronaschutzimpfungen-in-soegel-kommende-woche-stark-intensiviert\/","title":{"rendered":"Coronaschutzimpfungen in S\u00f6gel kommende Woche stark intensiviert!"},"content":{"rendered":"\n<p><em>Die Emsl\u00e4ndische Frauenarztpraxis und die Praxis \u201e\u00c4rzte Am Markt&#8220; bieten vermehrt Impfungen an.<\/em><\/p>\n\n\n\n<p>S\u00f6gel &#8211; Gleich an zwei Orten wird in S\u00f6gel in der kommenden Woche das Impfangebot stark erh\u00f6ht.<\/p>\n\n\n\n<p>Die haus\u00e4rztliche Gemeinschaftspraxis \u201e\u00c4rzte am Markt&#8220; bietet die Impfung im Rahmen einer \u201aImpfwoche\u2018 direkt in ihren Praxisr\u00e4umen an. Alle vier \u00c4rzte dieser Praxis werden durchgehend mit ihrem Helferteam damit besch\u00e4ftigt sein, Impfungen durchzuf\u00fchren.<\/p>\n\n\n\n<p>Seit Anfang der Coronakrise hat das Team der Emsl\u00e4ndischen Frauenarztpraxis bereits \u00fcber 11.000 Coronaschutzimpfungen verabreicht. Die Praxis impft jeden Samstag in S\u00f6gel bis zu 300 Personen in der Frauenarztpraxis an der Wahner Stra\u00dfe 12. Auch an den anderen Standorten der Emsl\u00e4ndischen Frauenarztpraxis wird im gr\u00f6\u00dferen Stil geimpft.<\/p>\n\n\n\n<p>Um der gro\u00dfen Menge an Anmeldungen gerecht zu werden, haben die \u00c4rzte der Frauenarztpraxis zus\u00e4tzlich zu den Impfungen in deren Praxisr\u00e4umen weitere 3 Impfveranstaltungen beschlossen. Am 11.12, am 27.12 und am 15.01 werden jeweils mehr als 1.200 Personen pro Tag in der Mensa am Schulzentrum in S\u00f6gel geimpft. Diese R\u00e4umlichkeiten d\u00fcrfen auf Vermittlung der Samtgemeinde S\u00f6gel genutzt werden. Dr. Ben van der Weide: \u201eHier haben wir r\u00e4umlich ein gutes Angebot, um die logistischen Herausforderungen, die mit den Impfaktionen verbunden sind, gut bew\u00e4ltigen zu k\u00f6nnen.&#8220; Bei Bedarf wird die Frauenarztpraxis weitere Impfveranstaltungen planen.<\/p>\n\n\n\n<p>Samtgemeindeb\u00fcrgermeister Frank Kla\u00df bedankt sich ausdr\u00fccklich bei den \u00c4rzten f\u00fcr deren Bereitschaft dieses Impfangebot vorzuhalten. \u201eWir sind im Rathaus dankbar f\u00fcr jede Impfung, die hier vor Ort durchgef\u00fchrt wird. Durch die Impfbereitschaft k\u00f6nnen wir die Impfm\u00f6glichkeiten deutlich steigern.&#8220; Daher sein Appell an die Bev\u00f6lkerung: \u201eDie Corona Welle hat uns wieder im Griff. Wir sind alle m\u00fcde, aber wir wissen und sehen ein, dass wir etwas tun m\u00fcssen. Die Impfquote ist immer noch zu gering und das ist ein wesentlicher Grund daf\u00fcr, dass wir so hohe Zahlen haben. Gehen Sie also zu Ihrem Arzt oder nutzen Sie die Impfstellen. Es gibt keinen anderen Weg!&#8220;<\/p>\n\n\n\n<p>Sein Dank gilt ausdr\u00fccklich auch allen weiteren Haus- und Fach\u00e4rzten in der Samtgemeinde S\u00f6gel, die ebenfalls Impfungen durchf\u00fchren.<\/p>\n\n\n\n<p>Bei der Emsl\u00e4ndischen Frauenarztpraxis ist eine Anmeldung unter https:\/\/efrap.emsbits.de\/ notwendig.<\/p>\n\n\n\n<p>Die Praxis \u201e\u00c4rzte am Markt&#8220; verweist auf eine Anmeldung \u00fcber deren Homepage https:\/\/www.aerzte-am-markt.com\/corona-impfung\/.<\/p>\n\n\n\n<p>Nach&nbsp; Buchung eines Termins ist es hilfreich, wenn die Impfwilligen den Aufkl\u00e4rungs-&nbsp; und Einwilligungsbogen herunterladen und zum Impftermin ausgef\u00fcllt und unterschrieben mitbringen. Denn nur mit vollst\u00e4ndig ausgef\u00fcllten und unterschriebenen Unterlagen kann die Impfung erfolgen! Bei Impfung von Minderj\u00e4hrigen ist die Anwesenheit eines Erziehungsberechtigten verpflichtend!<\/p>\n\n\n\n<p>Zudem weist Kla\u00df darauf hin, dass am 13. Dezember das mobile Impfteam des Landkreises Emsland in S\u00f6gel vor Ort sein wird. Von 14 bis 17 Uhr f\u00fchrt dieses Team Impfungen im Gemeindezentrum St. Jakobus durch. Hier ist keine Terminvereinbarung notwendig. Zur Impfung sollten der Anamnesebogen und das Merkblatt des Robert-Koch-Instituts ausgef\u00fcllt mitgebracht werden. Sie sind unter https:\/\/www.emsland.de\/buerger-behoerde\/aktuell\/coronavirus\/impftermine-vor-der-haustuer.html zu finden. Ebenfalls sollten der Personalausweis sowie der Impfpass (soweit vorhanden) mitgef\u00fchrt werden.<\/p>\n\n\n\n<p>Text: Ingrid Cloppenburg<\/p>\n\n\n\n<p>Foto: Samtgemeinde S\u00f6gel<\/p>\n\n\n\n<figure class=\"wp-block-gallery columns-1 is-cropped wp-block-gallery-1 is-layout-flex wp-block-gallery-is-layout-flex\"><ul class=\"blocks-gallery-grid\"><li class=\"blocks-gallery-item\"><figure><a href=\"https:\/\/www.forum-soegel.de\/information\/wp-content\/uploads\/2022\/01\/Coronaschutzimpfungen-in-Soegel-kommende-Woche-stark-intensiviert-1-scaled.jpg\"><img loading=\"lazy\" decoding=\"async\" width=\"1024\" height=\"768\" src=\"https:\/\/www.forum-soegel.de\/information\/wp-content\/uploads\/2022\/01\/Coronaschutzimpfungen-in-Soegel-kommende-Woche-stark-intensiviert-1-1024x768.jpg\" alt=\"\" data-id=\"31848\" data-full-url=\"https:\/\/www.forum-soegel.de\/information\/wp-content\/uploads\/2022\/01\/Coronaschutzimpfungen-in-Soegel-kommende-Woche-stark-intensiviert-1-scaled.jpg\" data-link=\"https:\/\/www.forum-soegel.de\/information\/?attachment_id=31848\" class=\"wp-image-31848\" srcset=\"https:\/\/www.forum-soegel.de\/information\/wp-content\/uploads\/2022\/01\/Coronaschutzimpfungen-in-Soegel-kommende-Woche-stark-intensiviert-1-1024x768.jpg 1024w, https:\/\/www.forum-soegel.de\/information\/wp-content\/uploads\/2022\/01\/Coronaschutzimpfungen-in-Soegel-kommende-Woche-stark-intensiviert-1-300x225.jpg 300w, https:\/\/www.forum-soegel.de\/information\/wp-content\/uploads\/2022\/01\/Coronaschutzimpfungen-in-Soegel-kommende-Woche-stark-intensiviert-1-768x576.jpg 768w, https:\/\/www.forum-soegel.de\/information\/wp-content\/uploads\/2022\/01\/Coronaschutzimpfungen-in-Soegel-kommende-Woche-stark-intensiviert-1-1536x1152.jpg 1536w, https:\/\/www.forum-soegel.de\/information\/wp-content\/uploads\/2022\/01\/Coronaschutzimpfungen-in-Soegel-kommende-Woche-stark-intensiviert-1-2048x1536.jpg 2048w\" sizes=\"auto, (max-width: 1024px) 100vw, 1024px\" \/><\/a><\/figure><\/li><\/ul><figcaption class=\"blocks-gallery-caption\">v.l.: Dr. Christian Prinz, Dr. Max Steuber, Dr. Ben van Weide, \u00c4rztin Pia Papenfuss, Samtgemeindeb\u00fcrgermeister Frank Kla\u00df.<\/figcaption><\/figure>\n","protected":false},"excerpt":{"rendered":"Die Emsl\u00e4ndische Frauenarztpraxis und die Praxis \u201e\u00c4rzte Am Markt&#8220; bieten vermehrt Impfungen an. S\u00f6gel &#8211; Gleich an zwei Orten wird in S\u00f6gel in der kommenden Woche das Impfangebot stark erh\u00f6ht. Die haus\u00e4rztliche Gemeinschaftspraxis \u201e\u00c4rzte am Markt&#8220; bietet die Impfung im Rahmen einer \u201aImpfwoche\u2018 direkt in ihren Praxisr\u00e4umen an. Alle vier \u00c4rzte dieser Praxis werden durchgehend [&hellip;]\n","protected":false},"author":2,"featured_media":0,"comment_status":"closed","ping_status":"closed","sticky":false,"template":"","format":"standard","meta":{"ngg_post_thumbnail":0,"footnotes":""},"categories":[3,25],"tags":[],"class_list":["post-31847","post","type-post","status-publish","format-standard","hentry","category-aktuelles-aus-der-region","category-hauptsache-gesund"],"_links":{"self":[{"href":"https:\/\/www.forum-soegel.de\/information\/wp-json\/wp\/v2\/posts\/31847","targetHints":{"allow":["GET"]}}],"collection":[{"href":"https:\/\/www.forum-soegel.de\/information\/wp-json\/wp\/v2\/posts"}],"about":[{"href":"https:\/\/www.forum-soegel.de\/information\/wp-json\/wp\/v2\/types\/post"}],"author":[{"embeddable":true,"href":"https:\/\/www.forum-soegel.de\/information\/wp-json\/wp\/v2\/users\/2"}],"replies":[{"embeddable":true,"href":"https:\/\/www.forum-soegel.de\/information\/wp-json\/wp\/v2\/comments?post=31847"}],"version-history":[{"count":1,"href":"https:\/\/www.forum-soegel.de\/information\/wp-json\/wp\/v2\/posts\/31847\/revisions"}],"predecessor-version":[{"id":31849,"href":"https:\/\/www.forum-soegel.de\/information\/wp-json\/wp\/v2\/posts\/31847\/revisions\/31849"}],"wp:attachment":[{"href":"https:\/\/www.forum-soegel.de\/information\/wp-json\/wp\/v2\/media?parent=31847"}],"wp:term":[{"taxonomy":"category","embeddable":true,"href":"https:\/\/www.forum-soegel.de\/information\/wp-json\/wp\/v2\/categories?post=31847"},{"taxonomy":"post_tag","embeddable":true,"href":"https:\/\/www.forum-soegel.de\/information\/wp-json\/wp\/v2\/tags?post=31847"}],"curies":[{"name":"wp","href":"https:\/\/api.w.org\/{rel}","templated":true}]}}