{"id":31830,"date":"2022-01-05T17:25:56","date_gmt":"2022-01-05T16:25:56","guid":{"rendered":"https:\/\/www.forum-soegel.de\/information\/?p=31830"},"modified":"2022-01-05T17:25:56","modified_gmt":"2022-01-05T16:25:56","slug":"musicalprojekt-franziskus","status":"publish","type":"post","link":"https:\/\/www.forum-soegel.de\/information\/2022\/01\/musicalprojekt-franziskus\/","title":{"rendered":"Musicalprojekt \u201eFranziskus\u201c"},"content":{"rendered":"\n<p><strong>Kinderchor an St. Jakobus erh\u00e4lt F\u00f6rderung<\/strong><\/p>\n\n\n\n<p>S\u00f6gel &#8211; Am Samstag, den 20.11.2021, hatte man die Gelegenheit in der St. Jakobuskirche das Musical \u201eFranziskus\u201c anzuschauen. Unter der Leitung von Dekanatskirchenmusiker J\u00f6rg Christian Freese waren der Kinderchor, der Minichor und eine Projektband zu h\u00f6ren. \u00dcber viele Wochen hinweg hatten die Ch\u00f6re das Singspiel von Andreas Hantke nach einem Text von Gerhard Monninger einstudiert, das vom Leben des Heiligen Franziskus von Assisi handelt. In der Hauptrolle des Franziskus war Jonas Loxen zu sehen, weitere Rollen \u00fcbernahmen Luise Charlotte Anrecht, Ina H\u00fcntelmann und andere Mitglieder des Kinderchores, die auch Sololieder bemerkenswert textsicher vortrugen. In zwei Vorstellungen sahen rund 300 Besucher unter den auch f\u00fcr die Gottesdienste geltenden Hygiene- und Abstandsregelungen das St\u00fcck. Die Leistungen der Kinder wurden mit reichlich Applaus belohnt. Diesem folgte als Zugabe \u201eLaudato si\u201c, eine Vertonung des Sonnengesangs des Hl. Franziskus. Vielfach wurde die Professionalit\u00e4t der Durchf\u00fchrung gelobt, an welcher Ton- und B\u00fchnentechniker Frank Kathmann einen erheblichen Anteil hatte. Alle Beteiligten waren froh, das Musical unter coronakonformen Rahmenbedingungen gestemmt zu haben; war doch schon viel Arbeit in Organisation und Vorbereitung geflossen. Mit erm\u00f6glicht wurde das Projekt durch F\u00f6rdermittel von IMPULS. Dies ist Teil des bundeseigenen F\u00f6rderprogramms \u201eNeustart Kultur\u201c und unterst\u00fctzt die Arbeit der Kinderch\u00f6re mit einer Summe von knapp 3000\u20ac.<\/p>\n\n\n\n<p>Text: J\u00f6rg Christian Freese<\/p>\n\n\n\n<p>Foto: Wiebke Anrecht\/Petra Loxen<\/p>\n\n\n\n<figure class=\"wp-block-gallery columns-1 is-cropped wp-block-gallery-1 is-layout-flex wp-block-gallery-is-layout-flex\"><ul class=\"blocks-gallery-grid\"><li class=\"blocks-gallery-item\"><figure><a href=\"https:\/\/www.forum-soegel.de\/information\/wp-content\/uploads\/2022\/01\/Musicalprojekt-Franziskus-1-scaled.jpg\"><img loading=\"lazy\" decoding=\"async\" width=\"1024\" height=\"767\" src=\"https:\/\/www.forum-soegel.de\/information\/wp-content\/uploads\/2022\/01\/Musicalprojekt-Franziskus-1-1024x767.jpg\" alt=\"\" data-id=\"31831\" data-full-url=\"https:\/\/www.forum-soegel.de\/information\/wp-content\/uploads\/2022\/01\/Musicalprojekt-Franziskus-1-scaled.jpg\" data-link=\"https:\/\/www.forum-soegel.de\/information\/?attachment_id=31831\" class=\"wp-image-31831\" srcset=\"https:\/\/www.forum-soegel.de\/information\/wp-content\/uploads\/2022\/01\/Musicalprojekt-Franziskus-1-1024x767.jpg 1024w, https:\/\/www.forum-soegel.de\/information\/wp-content\/uploads\/2022\/01\/Musicalprojekt-Franziskus-1-300x225.jpg 300w, https:\/\/www.forum-soegel.de\/information\/wp-content\/uploads\/2022\/01\/Musicalprojekt-Franziskus-1-768x576.jpg 768w, https:\/\/www.forum-soegel.de\/information\/wp-content\/uploads\/2022\/01\/Musicalprojekt-Franziskus-1-1536x1151.jpg 1536w, https:\/\/www.forum-soegel.de\/information\/wp-content\/uploads\/2022\/01\/Musicalprojekt-Franziskus-1-2048x1535.jpg 2048w\" sizes=\"auto, (max-width: 1024px) 100vw, 1024px\" \/><\/a><\/figure><\/li><\/ul><\/figure>\n","protected":false},"excerpt":{"rendered":"Kinderchor an St. Jakobus erh\u00e4lt F\u00f6rderung S\u00f6gel &#8211; Am Samstag, den 20.11.2021, hatte man die Gelegenheit in der St. Jakobuskirche das Musical \u201eFranziskus\u201c anzuschauen. Unter der Leitung von Dekanatskirchenmusiker J\u00f6rg Christian Freese waren der Kinderchor, der Minichor und eine Projektband zu h\u00f6ren. \u00dcber viele Wochen hinweg hatten die Ch\u00f6re das Singspiel von Andreas Hantke nach [&hellip;]\n","protected":false},"author":2,"featured_media":0,"comment_status":"closed","ping_status":"closed","sticky":false,"template":"","format":"standard","meta":{"ngg_post_thumbnail":0,"footnotes":""},"categories":[868],"tags":[],"class_list":["post-31830","post","type-post","status-publish","format-standard","hentry","category-zwischen-himmel-und-erde"],"_links":{"self":[{"href":"https:\/\/www.forum-soegel.de\/information\/wp-json\/wp\/v2\/posts\/31830","targetHints":{"allow":["GET"]}}],"collection":[{"href":"https:\/\/www.forum-soegel.de\/information\/wp-json\/wp\/v2\/posts"}],"about":[{"href":"https:\/\/www.forum-soegel.de\/information\/wp-json\/wp\/v2\/types\/post"}],"author":[{"embeddable":true,"href":"https:\/\/www.forum-soegel.de\/information\/wp-json\/wp\/v2\/users\/2"}],"replies":[{"embeddable":true,"href":"https:\/\/www.forum-soegel.de\/information\/wp-json\/wp\/v2\/comments?post=31830"}],"version-history":[{"count":1,"href":"https:\/\/www.forum-soegel.de\/information\/wp-json\/wp\/v2\/posts\/31830\/revisions"}],"predecessor-version":[{"id":31832,"href":"https:\/\/www.forum-soegel.de\/information\/wp-json\/wp\/v2\/posts\/31830\/revisions\/31832"}],"wp:attachment":[{"href":"https:\/\/www.forum-soegel.de\/information\/wp-json\/wp\/v2\/media?parent=31830"}],"wp:term":[{"taxonomy":"category","embeddable":true,"href":"https:\/\/www.forum-soegel.de\/information\/wp-json\/wp\/v2\/categories?post=31830"},{"taxonomy":"post_tag","embeddable":true,"href":"https:\/\/www.forum-soegel.de\/information\/wp-json\/wp\/v2\/tags?post=31830"}],"curies":[{"name":"wp","href":"https:\/\/api.w.org\/{rel}","templated":true}]}}