{"id":31729,"date":"2022-01-05T16:42:07","date_gmt":"2022-01-05T15:42:07","guid":{"rendered":"https:\/\/www.forum-soegel.de\/information\/?p=31729"},"modified":"2022-01-05T16:42:07","modified_gmt":"2022-01-05T15:42:07","slug":"verabschiedung-nach-vielen-jahren-ehrenamt","status":"publish","type":"post","link":"https:\/\/www.forum-soegel.de\/information\/2022\/01\/verabschiedung-nach-vielen-jahren-ehrenamt\/","title":{"rendered":"Verabschiedung nach vielen Jahren Ehrenamt"},"content":{"rendered":"\n<p><em>Raiffeisenbank Ems-Vechte eG ehrt ausgeschiedene Aufsichtsr\u00e4te<\/em><\/p>\n\n\n\n<p>Klein Ber\u00dfen &#8211; Das Ehrenamt nimmt auch im Genossenschaftswesen einen wichtigen Stellenwert ein. Jan-Harm ten Broek, Helmut Grote, Heino Holt und Otto Lieber waren gemeinsam insgesamt 60 Jahre f\u00fcr den Aufsichtsrat der Raiffeisenbank Ems-Vechte eG t\u00e4tig. Die Genossenschaft ehrte sie in einer kleinen Feierstunde.<\/p>\n\n\n\n<p>Die im Sommer zur Aufsichtsratsvorsitzenden gew\u00e4hlte Irmgard Rolfes-Hinson er\u00f6ffnete die Ehrung der vier ausgeschiedenen Aufsichtsr\u00e4te der Raiffeisenbank Ems-Vechte eG im Clemenswerther Hof in S\u00f6gel und verwies auf den jahrelangen Einsatz der vier Ehrenamtler: \u201eHeute Abend verabschieden wir 60 Jahre Aufsichtsratst\u00e4tigkeit; 60 Jahre Erfahrung und Einsatz. Ihr scheidet aus dem Aufsichtsrat aus, weil ihr die satzungsm\u00e4\u00dfige Altersgrenze erreicht habt, sonst w\u00e4ren es vermutlich noch einige Jahre mehr geworden.\u201c<\/p>\n\n\n\n<p>In ihrem Amt folgt Irmgard Rolfes-Hinson Otto Lieber, der nach 20 Jahren ehrenamtlicher Arbeit im Aufsichtsrat und davon fast 20 Jahren als Aufsichtsratsvorsitzender altersbedingt ausschied. Der stellvertretende Aufsichtsratsvorsitzende Bernhard J\u00fcrgens sagte zu Otto Lieber: \u201eDu hast das Schiff, wenn ich es so nennen darf, in recht st\u00fcrmischer See \u00fcbernommen und hast es verstanden, in dieser Zeit in ruhige See zu steuern.\u201c Er bedankte sich bei Otto Lieber f\u00fcr seine langj\u00e4hrige T\u00e4tigkeit, seine Weitsicht, f\u00fcr die eigene Nachfolge zu sorgen sowie seinen Verdienst, \u201edass unser Unternehmen weit \u00fcber die Grenzen des Emslandes und der Grafschaft als solide und verl\u00e4sslich dasteht.\u201c<\/p>\n\n\n\n<p>Johannes Freundlieb, Verbandsdirektor des Genossenschaftsverbands Weser-Ems hob das ehrenamtliche Engagement hervor: \u201eOhne Personen, die bereit sind, im Ehrenamt einer Genossenschaft Verantwortung zu \u00fcbernehmen, w\u00e4re das Genossenschaftswesen, so wie wir es heute kennen, nicht denkbar.\u201c<\/p>\n\n\n\n<p>Jan-Harm ten Broek bekam vom Verbandsdirektor au\u00dferdem die Goldene Ehrennadel des Deutschen Raiffeisenverbandes verliehen. Allein 41 Jahre war Jan-Harm ten Broek f\u00fcr die damalige Raiffeisen Grenzland eG, davon 15 Jahre als Vorstandsvorsitzender, sowie 9 Jahre als Aufsichtsrat f\u00fcr die heutige Raiffeisenbank Ems-Vechte eG t\u00e4tig gewesen. 21 Jahre machte er sich als Aufsichtsrat bzw. Bevollm\u00e4chtigter der Generalversammlung der Raiffeisen-Zentrallager Emlichheim eG verdient und zehn Jahre bei der Kooperativen Milchverwertung, davon sechs Jahre als Vorstand und vier Jahre als Aufsichtsrat. In diesen \u201e71 Jahren\u201c habe Jan-Harm ten Broek durch seine \u201estets besonnene und sachliche Art die Gremienmitglieder \u00fcberzeugen k\u00f6nnen.\u201c<\/p>\n\n\n\n<p>Helmut Grote nahm seine genossenschaftliche ehrenamtliche T\u00e4tigkeit am 29. Juli 1997 als Warenbeirat auf. Vor 20 Jahren wurde er dann in den Aufsichtsrat gew\u00e4hlt und bereits im Jahr 2002 zum stellvertretenden Aufsichtsratsvorsitzenden bestimmt. F\u00fcr seine langj\u00e4hrige T\u00e4tigkeit dankte Bernhard J\u00fcrgens ihm herzlich.<\/p>\n\n\n\n<p>Auch Heino Holt wurde f\u00fcr seinen Einsatz gedankt. Er kann auf eine elfj\u00e4hrige ehrenamtliche T\u00e4tigkeit f\u00fcr die Genossenschaft, der heutigen Raiffeisenbank Ems-Vechte eG, zur\u00fcckblicken. Er wurde Ende 2010 in den Aufsichtsrat gew\u00e4hlt und war Mitglied im Kreditausschuss.<\/p>\n\n\n\n<p>Text\/Foto: Kim Karotki<\/p>\n\n\n\n<figure class=\"wp-block-gallery columns-1 is-cropped wp-block-gallery-1 is-layout-flex wp-block-gallery-is-layout-flex\"><ul class=\"blocks-gallery-grid\"><li class=\"blocks-gallery-item\"><figure><a href=\"https:\/\/www.forum-soegel.de\/information\/wp-content\/uploads\/2022\/01\/Verabschiedung-nach-vielen-Jahren-Ehrenamt-1.png\"><img loading=\"lazy\" decoding=\"async\" width=\"1024\" height=\"632\" src=\"https:\/\/www.forum-soegel.de\/information\/wp-content\/uploads\/2022\/01\/Verabschiedung-nach-vielen-Jahren-Ehrenamt-1.png\" alt=\"\" data-id=\"31730\" data-full-url=\"https:\/\/www.forum-soegel.de\/information\/wp-content\/uploads\/2022\/01\/Verabschiedung-nach-vielen-Jahren-Ehrenamt-1.png\" data-link=\"https:\/\/www.forum-soegel.de\/information\/?attachment_id=31730\" class=\"wp-image-31730\" srcset=\"https:\/\/www.forum-soegel.de\/information\/wp-content\/uploads\/2022\/01\/Verabschiedung-nach-vielen-Jahren-Ehrenamt-1.png 1024w, https:\/\/www.forum-soegel.de\/information\/wp-content\/uploads\/2022\/01\/Verabschiedung-nach-vielen-Jahren-Ehrenamt-1-300x185.png 300w, https:\/\/www.forum-soegel.de\/information\/wp-content\/uploads\/2022\/01\/Verabschiedung-nach-vielen-Jahren-Ehrenamt-1-768x474.png 768w\" sizes=\"auto, (max-width: 1024px) 100vw, 1024px\" \/><\/a><\/figure><\/li><\/ul><figcaption class=\"blocks-gallery-caption\">Verabschiedung der ausgeschiedenen Aufsichtsr\u00e4te \u2013 (v. l.) Jan-Harm ten Broek, Holger Terhalle, Janna ten Broek, Irmgard Rolfes-Hinson, Irmgard Lieber, Bernhard J\u00fcrgens, Otto Lieber, Albert Weersmann, Anneliese Grote, Johannes Freundlieb, Helmut Grote, Andreas Terfehr, Maria Holt, Josef Mescher und Heino Holt<\/figcaption><\/figure>\n\n\n\n<figure class=\"wp-block-gallery columns-1 is-cropped wp-block-gallery-2 is-layout-flex wp-block-gallery-is-layout-flex\"><ul class=\"blocks-gallery-grid\"><li class=\"blocks-gallery-item\"><figure><a href=\"https:\/\/www.forum-soegel.de\/information\/wp-content\/uploads\/2022\/01\/Verabschiedung-nach-vielen-Jahren-Ehrenamt-2.png\"><img loading=\"lazy\" decoding=\"async\" width=\"875\" height=\"768\" src=\"https:\/\/www.forum-soegel.de\/information\/wp-content\/uploads\/2022\/01\/Verabschiedung-nach-vielen-Jahren-Ehrenamt-2.png\" alt=\"\" data-id=\"31731\" data-full-url=\"https:\/\/www.forum-soegel.de\/information\/wp-content\/uploads\/2022\/01\/Verabschiedung-nach-vielen-Jahren-Ehrenamt-2.png\" data-link=\"https:\/\/www.forum-soegel.de\/information\/?attachment_id=31731\" class=\"wp-image-31731\" srcset=\"https:\/\/www.forum-soegel.de\/information\/wp-content\/uploads\/2022\/01\/Verabschiedung-nach-vielen-Jahren-Ehrenamt-2.png 875w, https:\/\/www.forum-soegel.de\/information\/wp-content\/uploads\/2022\/01\/Verabschiedung-nach-vielen-Jahren-Ehrenamt-2-300x263.png 300w, https:\/\/www.forum-soegel.de\/information\/wp-content\/uploads\/2022\/01\/Verabschiedung-nach-vielen-Jahren-Ehrenamt-2-768x674.png 768w\" sizes=\"auto, (max-width: 875px) 100vw, 875px\" \/><\/a><\/figure><\/li><\/ul><figcaption class=\"blocks-gallery-caption\">Ehrenauszeichnung \u2013 Johannes Freundlieb \u00fcberreicht Jan-Harm ten Broek die Goldene Ehrennadel des Deutschen Raiffeisenverbandes.<\/figcaption><\/figure>\n","protected":false},"excerpt":{"rendered":"Raiffeisenbank Ems-Vechte eG ehrt ausgeschiedene Aufsichtsr\u00e4te Klein Ber\u00dfen &#8211; Das Ehrenamt nimmt auch im Genossenschaftswesen einen wichtigen Stellenwert ein. Jan-Harm ten Broek, Helmut Grote, Heino Holt und Otto Lieber waren gemeinsam insgesamt 60 Jahre f\u00fcr den Aufsichtsrat der Raiffeisenbank Ems-Vechte eG t\u00e4tig. Die Genossenschaft ehrte sie in einer kleinen Feierstunde. Die im Sommer zur Aufsichtsratsvorsitzenden [&hellip;]\n","protected":false},"author":2,"featured_media":0,"comment_status":"closed","ping_status":"closed","sticky":false,"template":"","format":"standard","meta":{"ngg_post_thumbnail":0,"footnotes":""},"categories":[4],"tags":[],"class_list":["post-31729","post","type-post","status-publish","format-standard","hentry","category-aus-der-geschaftswelt"],"_links":{"self":[{"href":"https:\/\/www.forum-soegel.de\/information\/wp-json\/wp\/v2\/posts\/31729","targetHints":{"allow":["GET"]}}],"collection":[{"href":"https:\/\/www.forum-soegel.de\/information\/wp-json\/wp\/v2\/posts"}],"about":[{"href":"https:\/\/www.forum-soegel.de\/information\/wp-json\/wp\/v2\/types\/post"}],"author":[{"embeddable":true,"href":"https:\/\/www.forum-soegel.de\/information\/wp-json\/wp\/v2\/users\/2"}],"replies":[{"embeddable":true,"href":"https:\/\/www.forum-soegel.de\/information\/wp-json\/wp\/v2\/comments?post=31729"}],"version-history":[{"count":1,"href":"https:\/\/www.forum-soegel.de\/information\/wp-json\/wp\/v2\/posts\/31729\/revisions"}],"predecessor-version":[{"id":31732,"href":"https:\/\/www.forum-soegel.de\/information\/wp-json\/wp\/v2\/posts\/31729\/revisions\/31732"}],"wp:attachment":[{"href":"https:\/\/www.forum-soegel.de\/information\/wp-json\/wp\/v2\/media?parent=31729"}],"wp:term":[{"taxonomy":"category","embeddable":true,"href":"https:\/\/www.forum-soegel.de\/information\/wp-json\/wp\/v2\/categories?post=31729"},{"taxonomy":"post_tag","embeddable":true,"href":"https:\/\/www.forum-soegel.de\/information\/wp-json\/wp\/v2\/tags?post=31729"}],"curies":[{"name":"wp","href":"https:\/\/api.w.org\/{rel}","templated":true}]}}