{"id":31723,"date":"2022-01-05T16:37:52","date_gmt":"2022-01-05T15:37:52","guid":{"rendered":"https:\/\/www.forum-soegel.de\/information\/?p=31723"},"modified":"2022-01-05T16:37:52","modified_gmt":"2022-01-05T15:37:52","slug":"mehr-sicherheit-fuer-die-kleinsten-verkehrsteilnehmer","status":"publish","type":"post","link":"https:\/\/www.forum-soegel.de\/information\/2022\/01\/mehr-sicherheit-fuer-die-kleinsten-verkehrsteilnehmer\/","title":{"rendered":"Mehr Sicherheit f\u00fcr die kleinsten Verkehrsteilnehmer"},"content":{"rendered":"\n<p><strong>Raiffeisenbank Ems-Vechte eG verteilt reflektierende Westen an Kinderg\u00e4rten und Grundschulen<\/strong><\/p>\n\n\n\n<p>Klein Ber\u00dfen &#8211; Wenn im Winter morgens die ersten Kinder in Schulen und Kinderg\u00e4rten eintrudeln, ist es oft noch dunkel. Damit auch die kleinsten Verkehrsteilnehmer gut gesehen werden, stattet die Raiffeisenbank Ems-Vechte eG die Kinderg\u00e4rten und Schulen in der Umgebung mit reflektierenden Sicherheitskragen aus.<\/p>\n\n\n\n<p>Insgesamt fast 250 Sicherheitswesten verteilen Mitarbeiterinnen und Mitarbeiter der Bank an die Kinderg\u00e4rten und Schulen in Ber\u00dfen, Lahn, S\u00f6gel, Spahnharrenst\u00e4tte, Stavern und Werpeloh. Seit fast 15 Jahren stattet die Raiffeisenbank mit Hauptsitz in Klein Ber\u00dfen die Einrichtungen vor Ort mit reflektierenden Warnwesten aus.&nbsp; Einige Jahrg\u00e4nge sind entsprechend bereits ausger\u00fcstet, sodass in diesem Jahr vor allem diejenigen Kinder, die im Sommer gestartet sind, einen Sicherheitskragen erhalten haben.<\/p>\n\n\n\n<p>Bereits jetzt konnten sich die Kinder vom Katholischen Kindergarten Regenbogenland in Gro\u00df Ber\u00dfen \u00fcber die Sicherheitswesten freuen. In den n\u00e4chsten Wochen bekommen der Katholische Kindergarten in Lahn, die Kinderg\u00e4rten Arche Noah und St. Jakobus sowie die Kindertagesst\u00e4tte Sonnenh\u00fcgel in S\u00f6gel, der Katholische Kindergarten St. Michael in Stavern, die Katholische Kindertagesst\u00e4tte St. Franziskus in Werpeloh und die Grundschule in Spahnharrenst\u00e4tte ihre Sicherheitskragen.<\/p>\n\n\n\n<p>Text\/Foto: Kim Karotki<\/p>\n\n\n\n<figure class=\"wp-block-gallery columns-1 is-cropped wp-block-gallery-1 is-layout-flex wp-block-gallery-is-layout-flex\"><ul class=\"blocks-gallery-grid\"><li class=\"blocks-gallery-item\"><figure><a href=\"https:\/\/www.forum-soegel.de\/information\/wp-content\/uploads\/2022\/01\/Mehr-Sicherheit-fuer-die-kleinsten-Verkehrsteilnehmer-1.jpg\"><img loading=\"lazy\" decoding=\"async\" width=\"1024\" height=\"768\" src=\"https:\/\/www.forum-soegel.de\/information\/wp-content\/uploads\/2022\/01\/Mehr-Sicherheit-fuer-die-kleinsten-Verkehrsteilnehmer-1.jpg\" alt=\"\" data-id=\"31724\" data-full-url=\"https:\/\/www.forum-soegel.de\/information\/wp-content\/uploads\/2022\/01\/Mehr-Sicherheit-fuer-die-kleinsten-Verkehrsteilnehmer-1.jpg\" data-link=\"https:\/\/www.forum-soegel.de\/information\/?attachment_id=31724\" class=\"wp-image-31724\" srcset=\"https:\/\/www.forum-soegel.de\/information\/wp-content\/uploads\/2022\/01\/Mehr-Sicherheit-fuer-die-kleinsten-Verkehrsteilnehmer-1.jpg 1024w, https:\/\/www.forum-soegel.de\/information\/wp-content\/uploads\/2022\/01\/Mehr-Sicherheit-fuer-die-kleinsten-Verkehrsteilnehmer-1-300x225.jpg 300w, https:\/\/www.forum-soegel.de\/information\/wp-content\/uploads\/2022\/01\/Mehr-Sicherheit-fuer-die-kleinsten-Verkehrsteilnehmer-1-768x576.jpg 768w\" sizes=\"auto, (max-width: 1024px) 100vw, 1024px\" \/><\/a><\/figure><\/li><\/ul><figcaption class=\"blocks-gallery-caption\">F\u00fcr die dunkle Jahreszeit ger\u00fcstet \u2013 die \u201eKleinsten\u201c vom Kath. Kindergarten Regenbogenland in Gro\u00df Ber\u00dfen.<\/figcaption><\/figure>\n","protected":false},"excerpt":{"rendered":"Raiffeisenbank Ems-Vechte eG verteilt reflektierende Westen an Kinderg\u00e4rten und Grundschulen Klein Ber\u00dfen &#8211; Wenn im Winter morgens die ersten Kinder in Schulen und Kinderg\u00e4rten eintrudeln, ist es oft noch dunkel. Damit auch die kleinsten Verkehrsteilnehmer gut gesehen werden, stattet die Raiffeisenbank Ems-Vechte eG die Kinderg\u00e4rten und Schulen in der Umgebung mit reflektierenden Sicherheitskragen aus. Insgesamt [&hellip;]\n","protected":false},"author":2,"featured_media":0,"comment_status":"closed","ping_status":"closed","sticky":false,"template":"","format":"standard","meta":{"ngg_post_thumbnail":0,"footnotes":""},"categories":[4],"tags":[],"class_list":["post-31723","post","type-post","status-publish","format-standard","hentry","category-aus-der-geschaftswelt"],"_links":{"self":[{"href":"https:\/\/www.forum-soegel.de\/information\/wp-json\/wp\/v2\/posts\/31723","targetHints":{"allow":["GET"]}}],"collection":[{"href":"https:\/\/www.forum-soegel.de\/information\/wp-json\/wp\/v2\/posts"}],"about":[{"href":"https:\/\/www.forum-soegel.de\/information\/wp-json\/wp\/v2\/types\/post"}],"author":[{"embeddable":true,"href":"https:\/\/www.forum-soegel.de\/information\/wp-json\/wp\/v2\/users\/2"}],"replies":[{"embeddable":true,"href":"https:\/\/www.forum-soegel.de\/information\/wp-json\/wp\/v2\/comments?post=31723"}],"version-history":[{"count":1,"href":"https:\/\/www.forum-soegel.de\/information\/wp-json\/wp\/v2\/posts\/31723\/revisions"}],"predecessor-version":[{"id":31725,"href":"https:\/\/www.forum-soegel.de\/information\/wp-json\/wp\/v2\/posts\/31723\/revisions\/31725"}],"wp:attachment":[{"href":"https:\/\/www.forum-soegel.de\/information\/wp-json\/wp\/v2\/media?parent=31723"}],"wp:term":[{"taxonomy":"category","embeddable":true,"href":"https:\/\/www.forum-soegel.de\/information\/wp-json\/wp\/v2\/categories?post=31723"},{"taxonomy":"post_tag","embeddable":true,"href":"https:\/\/www.forum-soegel.de\/information\/wp-json\/wp\/v2\/tags?post=31723"}],"curies":[{"name":"wp","href":"https:\/\/api.w.org\/{rel}","templated":true}]}}