{"id":31712,"date":"2022-01-05T16:29:14","date_gmt":"2022-01-05T15:29:14","guid":{"rendered":"https:\/\/www.forum-soegel.de\/information\/?p=31712"},"modified":"2022-01-05T16:29:14","modified_gmt":"2022-01-05T15:29:14","slug":"seelsorgerische-verstaerkung-fuer-die-huemmlinger-pfarreiengemeinschaft-um-st-jakobus-soegel","status":"publish","type":"post","link":"https:\/\/www.forum-soegel.de\/information\/2022\/01\/seelsorgerische-verstaerkung-fuer-die-huemmlinger-pfarreiengemeinschaft-um-st-jakobus-soegel\/","title":{"rendered":"Seelsorgerische Verst\u00e4rkung f\u00fcr die H\u00fcmmlinger Pfarreiengemeinschaft um St. Jakobus S\u00f6gel"},"content":{"rendered":"\n\n\n<p>S\u00f6gel &#8211; Seit dem 01. November 2021 verst\u00e4rkt Karlheinz Fischer als Pastor zur Mithilfe das Seelsorgeteam der H\u00fcmmlinger Pfarreiengemeinschaft mit den Kirchengemeinden St. Jakobus S\u00f6gel\/ \/ St. Johannes der T\u00e4ufer, Spahnharrenst\u00e4tte \/ St. Bonifatius, H\u00fcven mit Kapellengemeinde St. Josef, Eisten\/ St. Franziskus, Werpeloh \/ Herz Jesu, Klein Ber\u00dfen und St. Michael, Stavern.<\/p>\n\n\n\n<p>In feierlichen Gottesdiensten der einzelnen Kirchengemeinden wurde der 54-J\u00e4hrige in seinen Dienst eingef\u00fchrt und von den jeweiligen Gremienvertretern herzlich willkommen gehei\u00dfen. \u201eWir freuen uns, dass wir nach dem Weggang von Kaplan Kruse-Thevarajah durch Pastor Fischer so schnell wieder Unterst\u00fctzung erhalten haben\u201c, betonte Pfarrer J\u00fcrgen Krallmann und w\u00fcnschte dem Neuank\u00f6mmling einen guten Start und Gottes Segen f\u00fcr die vielf\u00e4ltigen Aufgaben in der gro\u00dfen Pfarreiengemeinschaft.&nbsp; Pastor Fischer, der in Lingen aufgewachsen ist und sogar Plattdeutsch spricht, wurde 1995 zum Priester geweiht und war zun\u00e4chst 20 Jahre lang als Seelsorger im Osnabr\u00fccker Land t\u00e4tig. 2012 kam er nach Rhede und wurde 2015 im Rahmen der gro\u00dfen Umstrukturierung der Rheder und Aschendorfer Pfarreien durch Bischof Bode als Pastor zur Mifhilfe&nbsp; in die Pfarreiengemeinschaft St. Vitus Lathen, St. Antonius Lathen-Wahn, St. Antonius von Padua Renkenberge und St. Bartholom\u00e4us Wippingen versetzt, wo er bis zum 01.10.2021 seelsorgerisch t\u00e4tig war. \u201eIch freue mich auf eine sch\u00f6ne Zeit und viele neue Eindr\u00fccke bei Ihnen\u201c, sagte Fischer. Im Anschluss an den Gottesdiensten gab es f\u00fcr die Gl\u00e4ubigen noch Gelegenheit zum pers\u00f6nlichen Kennenlernen.<\/p>\n\n\n\n<p>Text\/Foto: Gisela Arling<\/p>\n\n\n\n<p><\/p>\n","protected":false},"excerpt":{"rendered":"S\u00f6gel &#8211; Seit dem 01. November 2021 verst\u00e4rkt Karlheinz Fischer als Pastor zur Mithilfe das Seelsorgeteam der H\u00fcmmlinger Pfarreiengemeinschaft mit den Kirchengemeinden St. Jakobus S\u00f6gel\/ \/ St. Johannes der T\u00e4ufer, Spahnharrenst\u00e4tte \/ St. Bonifatius, H\u00fcven mit Kapellengemeinde St. Josef, Eisten\/ St. Franziskus, Werpeloh \/ Herz Jesu, Klein Ber\u00dfen und St. Michael, Stavern. In feierlichen Gottesdiensten [&hellip;]\n","protected":false},"author":2,"featured_media":0,"comment_status":"closed","ping_status":"closed","sticky":false,"template":"","format":"standard","meta":{"ngg_post_thumbnail":0,"footnotes":""},"categories":[868],"tags":[],"class_list":["post-31712","post","type-post","status-publish","format-standard","hentry","category-zwischen-himmel-und-erde"],"_links":{"self":[{"href":"https:\/\/www.forum-soegel.de\/information\/wp-json\/wp\/v2\/posts\/31712","targetHints":{"allow":["GET"]}}],"collection":[{"href":"https:\/\/www.forum-soegel.de\/information\/wp-json\/wp\/v2\/posts"}],"about":[{"href":"https:\/\/www.forum-soegel.de\/information\/wp-json\/wp\/v2\/types\/post"}],"author":[{"embeddable":true,"href":"https:\/\/www.forum-soegel.de\/information\/wp-json\/wp\/v2\/users\/2"}],"replies":[{"embeddable":true,"href":"https:\/\/www.forum-soegel.de\/information\/wp-json\/wp\/v2\/comments?post=31712"}],"version-history":[{"count":1,"href":"https:\/\/www.forum-soegel.de\/information\/wp-json\/wp\/v2\/posts\/31712\/revisions"}],"predecessor-version":[{"id":31713,"href":"https:\/\/www.forum-soegel.de\/information\/wp-json\/wp\/v2\/posts\/31712\/revisions\/31713"}],"wp:attachment":[{"href":"https:\/\/www.forum-soegel.de\/information\/wp-json\/wp\/v2\/media?parent=31712"}],"wp:term":[{"taxonomy":"category","embeddable":true,"href":"https:\/\/www.forum-soegel.de\/information\/wp-json\/wp\/v2\/categories?post=31712"},{"taxonomy":"post_tag","embeddable":true,"href":"https:\/\/www.forum-soegel.de\/information\/wp-json\/wp\/v2\/tags?post=31712"}],"curies":[{"name":"wp","href":"https:\/\/api.w.org\/{rel}","templated":true}]}}