{"id":31708,"date":"2022-01-05T16:25:09","date_gmt":"2022-01-05T15:25:09","guid":{"rendered":"https:\/\/www.forum-soegel.de\/information\/?p=31708"},"modified":"2022-01-05T16:25:09","modified_gmt":"2022-01-05T15:25:09","slug":"ordensschwester-teresa-zukic-lockt-170-kfd-frauen-in-den-werpeloher-hof","status":"publish","type":"post","link":"https:\/\/www.forum-soegel.de\/information\/2022\/01\/ordensschwester-teresa-zukic-lockt-170-kfd-frauen-in-den-werpeloher-hof\/","title":{"rendered":"Ordensschwester Teresa Zukic lockt 170 kfd Frauen in den Werpeloher Hof"},"content":{"rendered":"\n<div class=\"wp-block-image\"><figure class=\"alignleft size-full is-resized\"><a href=\"https:\/\/www.forum-soegel.de\/information\/wp-content\/uploads\/2022\/01\/Ordensschwester-Teresa-Zukic-lockt-170-kfd-Frauen-in-den-Werpeloher-Hof-2.jpg\"><img loading=\"lazy\" decoding=\"async\" src=\"https:\/\/www.forum-soegel.de\/information\/wp-content\/uploads\/2022\/01\/Ordensschwester-Teresa-Zukic-lockt-170-kfd-Frauen-in-den-Werpeloher-Hof-2.jpg\" alt=\"\" class=\"wp-image-31710\" width=\"226\" height=\"301\" srcset=\"https:\/\/www.forum-soegel.de\/information\/wp-content\/uploads\/2022\/01\/Ordensschwester-Teresa-Zukic-lockt-170-kfd-Frauen-in-den-Werpeloher-Hof-2.jpg 576w, https:\/\/www.forum-soegel.de\/information\/wp-content\/uploads\/2022\/01\/Ordensschwester-Teresa-Zukic-lockt-170-kfd-Frauen-in-den-Werpeloher-Hof-2-225x300.jpg 225w\" sizes=\"auto, (max-width: 226px) 100vw, 226px\" \/><\/a><\/figure><\/div>\n\n\n\n<p>Werpeloh &#8211; Die aus Rundfunk und Fernsehen als \u201eSkateboard fahrende Nonne\u201c und als \u201edie deutsche Antwort auf Sister Act\u201c bekannte Ordensschwester Teresa Zukic aus Oberlindach bei Erlangen-Hochstadt war Gastrednerin bei einem kfd-Frauenfr\u00fchst\u00fcck in Werpeloh. Nach ihrem schweren Krebsleiden und lang anhaltender Chemotherapie im letzten Jahr ist die rastlose Nonne nun wieder unterwegs, h\u00e4lt Vortr\u00e4ge und berichtet von Geschichten, die sie selbst erlebt hat. Auf Einladung der Regionalvorst\u00e4nde der katholischen Frauen (kfd) Aschendorf und H\u00fcmmling lockte sie gut 170 Frauen in den Werpeloher Hof. Die Veranstaltung stand unter dem Motto: \u201eLebe, lache, liebe, und sag den Sorgen Gute Nacht\u201c<\/p>\n\n\n\n<p>Vorsitzende Margret Br\u00fcmmer begr\u00fc\u00dfte den prominenten Gast als \u201edie kleine Ordensschwester mit dem gro\u00dfen Herzen f\u00fcr uns und die Menschen\u201c. Begleitet wurde diese von zwei Schwestern und ihrem Beichtvater und Chauffeur, Franz Reus. Ebenfalls begr\u00fc\u00dft wurde Dekanatssprecherin der Region H\u00fcmmling, Leni Schmits.<\/p>\n\n\n\n<p>Zu Beginn ihres Vortrages schilderte die in Kroatien geborene Schwester Teresa, wie sie \u00fcber die Bergpredigt zum katholischen Glauben kam. \u201eEigentlich wollte ich Leistungssportlerin werden und hatte schon einige Landestitel erworben, doch die Worte der Bergpredigt, die ich durch Zufall las, haben mich nicht mehr losgelassen. Da ist Jesus mir begegnet und es war der z\u00e4rtlichste Moment meines Lebens\u201c, schw\u00e4rmte Schwester Teresa. Sie habe sich dann taufen lassen und neun Jahre im Kloster verbracht, um dann gemeinsam mit ihrem Beichtvater Franz Reus und einer Mitschwester aus dem Kloster die \u201eKleine Kommunit\u00e4t der Geschwister Jesu\u201c zu gr\u00fcnden. Neben ihrer Arbeit als Gemeindereferentin habe sie bis zu ihrer Krebserkrankung Gottesdienste und Kirchenfeste organisiert, zahlreiche B\u00fccher \u00fcber Gott und die Welt und Musicals geschrieben sowie j\u00e4hrlich mehr als 150 Vortr\u00e4ge gehalten. Im M\u00e4rz 2022 werde ihren Worten nach ein neues Kochbuch mit dem Titel \u201eHeilsamer Genuss f\u00fcr mehr Lebensfreude\u201c herauskommen, welches sie gemeinsam mit dem Krebsspezialisten der Berliner Charitee und Hobbykoch, Prof. Dr. Jalid Sehoul, geschrieben hat. Sie sehe es als Teil ihrer Arbeit an, den Menschen von ihrer Hoffnung zu erz\u00e4hlen und sie immer wieder auf Gottes unendliche Liebe zu den Menschen hinzuweisen.<\/p>\n\n\n\n<p>Schwester Teresa, die auch schon in Talkshows bei Reinhold Beckmann und Markus Lanz diskutierte, wurde neben vielen Auszeichnungen auch das Bundesverdienstkreuz verliehen.<\/p>\n\n\n\n<p>Auch im Werpeloher Hof verstand sie es, trotz einiger ernsthafter Themen ihren Vortrag humorvoll und mit Witzeinlagen zu gestalten. Sie sprach von den allt\u00e4glichen Sorgen der Menschen und ging der Frage nach: \u201eWie kann man ungute Gedanken stoppen?\u201c Dabei zeigte sie den Frauen auf, wie sie sich nicht von negativen Denkweisen und Gef\u00fchlen den Tag verderben lassen sollten und legte ihnen eine Achtsamkeitsmeditation ans Herz. Auch eine Hausaufgabe gab es f\u00fcr die Frauen, wo es hie\u00df: \u201eNach Hause kommen und jemanden dr\u00fccken; am n\u00e4chsten Tag einen fremden Menschen anl\u00e4cheln\u201c. Am Beispiel des unheilbar erkrankten und unter starken Schmerzen leidenden US-Wissenschaftsjournalisten, Norman Cousins, machte sie die Auswirkung des Lachens auf Schmerzen deutlich. \u00dcber Lachtherapien habe dieser seine schlimmen Schmerzen vergessen. \u201eLachen ist eine Sauerstoffdusche f\u00fcr das Gehirn\u201c und \u201eLachen ist ein Heilmittel, das Gott uns geschenkt hat\u201c, betonte die Ordensschwester und lenkte ihren Blick auf die Geleotologie (Lachforschung), die behauptet, \u201edass zehn Minuten Lachen zu einem zweist\u00fcndigen, schmerzfreien Schlaf f\u00fchren\u201c. Diese Anmerkungen untermalte sie mit einem Liedbeitrag: \u201eLache dich frei\u2026\u201c Schwester Teresa leitete schlie\u00dflich zu einer Sorge \u00fcber, \u201edie jeder Mensch hat, seine allerletzte Sorge, das Sterben und der Tod\u201c. Dabei ging sie auf die Unvermeidlichkeit des Sterbens ein und nannte zehn Gr\u00fcnde, die die Angst vor dem Tod nehmen k\u00f6nnen, wie zum Beispiel, Sterben tue nicht weh, Sterben m\u00fcsse jeder,&nbsp; der Tod gebe dem Leben einen Sinn. Sie bezeichnete den Tod als Erl\u00f6sung und als Geschenk Gottes. Einige Frauen waren zu Tr\u00e4nen ger\u00fchrt. Als Fazit ihres Vortrages gab sie den Zuh\u00f6rerinnen mit: \u201eLebe dankbar, lebe zufrieden, lache mehr, lerne lachen, liebe leidenschaftlich, liebe gro\u00dfz\u00fcgig\u201c. Die Veranstaltung, die vom Vorstandsteam der Region H\u00fcmmling um Margret Br\u00fcmmer, Katharina Vogel, Maria Jansen, Annette Hilmes und Christa Geerswilken ausgerichtet wurde,&nbsp; endete mit einer von Schwester Teresa geschriebenen und von ihr vorgetragenen Weihnachtsgeschichte.<\/p>\n\n\n\n<p>Text\/Foto: Gisela Arling<\/p>\n\n\n\n<figure class=\"wp-block-gallery columns-1 is-cropped wp-block-gallery-1 is-layout-flex wp-block-gallery-is-layout-flex\"><ul class=\"blocks-gallery-grid\"><li class=\"blocks-gallery-item\"><figure><a href=\"https:\/\/www.forum-soegel.de\/information\/wp-content\/uploads\/2022\/01\/Ordensschwester-Teresa-Zukic-lockt-170-kfd-Frauen-in-den-Werpeloher-Hof-1.jpg\"><img loading=\"lazy\" decoding=\"async\" width=\"1024\" height=\"768\" src=\"https:\/\/www.forum-soegel.de\/information\/wp-content\/uploads\/2022\/01\/Ordensschwester-Teresa-Zukic-lockt-170-kfd-Frauen-in-den-Werpeloher-Hof-1.jpg\" alt=\"\" data-id=\"31709\" data-full-url=\"https:\/\/www.forum-soegel.de\/information\/wp-content\/uploads\/2022\/01\/Ordensschwester-Teresa-Zukic-lockt-170-kfd-Frauen-in-den-Werpeloher-Hof-1.jpg\" data-link=\"https:\/\/www.forum-soegel.de\/information\/?attachment_id=31709\" class=\"wp-image-31709\" srcset=\"https:\/\/www.forum-soegel.de\/information\/wp-content\/uploads\/2022\/01\/Ordensschwester-Teresa-Zukic-lockt-170-kfd-Frauen-in-den-Werpeloher-Hof-1.jpg 1024w, https:\/\/www.forum-soegel.de\/information\/wp-content\/uploads\/2022\/01\/Ordensschwester-Teresa-Zukic-lockt-170-kfd-Frauen-in-den-Werpeloher-Hof-1-300x225.jpg 300w, https:\/\/www.forum-soegel.de\/information\/wp-content\/uploads\/2022\/01\/Ordensschwester-Teresa-Zukic-lockt-170-kfd-Frauen-in-den-Werpeloher-Hof-1-768x576.jpg 768w\" sizes=\"auto, (max-width: 1024px) 100vw, 1024px\" \/><\/a><\/figure><\/li><\/ul><figcaption class=\"blocks-gallery-caption\">Die Frauen der Regionalvorst\u00e4nde bedanken sich bei Schwester Teresa (mittig): v.li.: Elisabeth B\u00fcscher, Maria Wilkens, Katharina M\u00fcnster, Annette Hilmes, Katharina Vogel, Margret Br\u00fcmmer, Thea Jansen und Christa Geerswilken<\/figcaption><\/figure>\n","protected":false},"excerpt":{"rendered":"Werpeloh &#8211; Die aus Rundfunk und Fernsehen als \u201eSkateboard fahrende Nonne\u201c und als \u201edie deutsche Antwort auf Sister Act\u201c bekannte Ordensschwester Teresa Zukic aus Oberlindach bei Erlangen-Hochstadt war Gastrednerin bei einem kfd-Frauenfr\u00fchst\u00fcck in Werpeloh. Nach ihrem schweren Krebsleiden und lang anhaltender Chemotherapie im letzten Jahr ist die rastlose Nonne nun wieder unterwegs, h\u00e4lt Vortr\u00e4ge und [&hellip;]\n","protected":false},"author":2,"featured_media":0,"comment_status":"closed","ping_status":"closed","sticky":false,"template":"","format":"standard","meta":{"ngg_post_thumbnail":0,"footnotes":""},"categories":[868],"tags":[],"class_list":["post-31708","post","type-post","status-publish","format-standard","hentry","category-zwischen-himmel-und-erde"],"_links":{"self":[{"href":"https:\/\/www.forum-soegel.de\/information\/wp-json\/wp\/v2\/posts\/31708","targetHints":{"allow":["GET"]}}],"collection":[{"href":"https:\/\/www.forum-soegel.de\/information\/wp-json\/wp\/v2\/posts"}],"about":[{"href":"https:\/\/www.forum-soegel.de\/information\/wp-json\/wp\/v2\/types\/post"}],"author":[{"embeddable":true,"href":"https:\/\/www.forum-soegel.de\/information\/wp-json\/wp\/v2\/users\/2"}],"replies":[{"embeddable":true,"href":"https:\/\/www.forum-soegel.de\/information\/wp-json\/wp\/v2\/comments?post=31708"}],"version-history":[{"count":1,"href":"https:\/\/www.forum-soegel.de\/information\/wp-json\/wp\/v2\/posts\/31708\/revisions"}],"predecessor-version":[{"id":31711,"href":"https:\/\/www.forum-soegel.de\/information\/wp-json\/wp\/v2\/posts\/31708\/revisions\/31711"}],"wp:attachment":[{"href":"https:\/\/www.forum-soegel.de\/information\/wp-json\/wp\/v2\/media?parent=31708"}],"wp:term":[{"taxonomy":"category","embeddable":true,"href":"https:\/\/www.forum-soegel.de\/information\/wp-json\/wp\/v2\/categories?post=31708"},{"taxonomy":"post_tag","embeddable":true,"href":"https:\/\/www.forum-soegel.de\/information\/wp-json\/wp\/v2\/tags?post=31708"}],"curies":[{"name":"wp","href":"https:\/\/api.w.org\/{rel}","templated":true}]}}