{"id":31643,"date":"2021-12-01T11:55:12","date_gmt":"2021-12-01T10:55:12","guid":{"rendered":"https:\/\/www.forum-soegel.de\/information\/?p=31643"},"modified":"2021-12-01T11:55:12","modified_gmt":"2021-12-01T10:55:12","slug":"klimaschutz-im-alltag-pm-online-umfrage","status":"publish","type":"post","link":"https:\/\/www.forum-soegel.de\/information\/2021\/12\/klimaschutz-im-alltag-pm-online-umfrage\/","title":{"rendered":"Klimaschutz im Alltag | PM Online-Umfrage"},"content":{"rendered":"\n<p><strong>LEADER-Regionen f\u00fcr mehr Klimaschutz im Alltag<\/strong><\/p>\n\n\n\n<p><strong>Gemeinsames Projekt startet mit gro\u00dfer Online-Umfrage<\/strong><\/p>\n\n\n\n<div class=\"wp-block-image\"><figure class=\"alignleft size-full\"><a href=\"https:\/\/www.forum-soegel.de\/information\/wp-content\/uploads\/2021\/12\/QR_Code.png\"><img loading=\"lazy\" decoding=\"async\" width=\"300\" height=\"300\" src=\"https:\/\/www.forum-soegel.de\/information\/wp-content\/uploads\/2021\/12\/QR_Code.png\" alt=\"\" class=\"wp-image-31644\" srcset=\"https:\/\/www.forum-soegel.de\/information\/wp-content\/uploads\/2021\/12\/QR_Code.png 300w, https:\/\/www.forum-soegel.de\/information\/wp-content\/uploads\/2021\/12\/QR_Code-150x150.png 150w\" sizes=\"auto, (max-width: 300px) 100vw, 300px\" \/><\/a><\/figure><\/div>\n\n\n\n<p>Klimaschutz ist eines der Themen, die die Gesellschaft zurzeit t\u00e4glich bewegen. W\u00e4hrend in Berlin bei der Regierungsbildung noch um Ma\u00dfnahmen gerungen wird, kann jeder einzelne im Alltag schon jetzt etwas f\u00fcr Klima und Umwelt tun. Um f\u00fcr das Thema zu sensibilisieren und Projekte anzusto\u00dfen, haben sich die LEADER-Regionen Hasetal, H\u00fcmmling, S\u00fcdliches Emsland, Moor ohne Grenzen und Grafschaft Bentheim zusammengetan. Aus dieser Kooperation entstand das Projekt \u201eKlimaschutz im Alltag\u201c, das jetzt mit einer Online-Umfrage beginnt, an der alle Einwohnerinnen und Einwohner der f\u00fcnf Regionen teilnehmen k\u00f6nnen.<\/p>\n\n\n\n<p>Dabei werden die Teilnehmerinnen und Teilnehmer unter anderem nach ihren bisherigen Ber\u00fchrungspunkten und Erfahrungen mit dem Thema Klimaschutz, welche Art von Veranstaltungen f\u00fcr sie interessant w\u00e4ren oder welche Aspekte des Klimaschutzes sie besonders bewegen, befragt. Optional kann die Umfrage auch als Vereinsmitglied oder -vertreter beantwortet werden. Wer gerne an der Umsetzung kleiner Projekte mitwirken m\u00f6chte oder an der Mitarbeit im Projekt \u201eKlimaschutz im Alltag\u201c interessiert ist, kann auch das in der Online-Umfrage angeben. Abrufbar ist der Fragebogen unter <strong>www.umfrage-online.com\/s\/KlimaschutzImAlltag<\/strong>. Teilnahmeschluss ist der 15.12.2021. F\u00fcr R\u00fcckfragen zur Umfrage steht Olga Neufeldt von der pro-t-in GmbH unter 0591\/964943-30 oder neufeldt@pro-t-in.de zur Verf\u00fcgung.<\/p>\n\n\n\n<p>Die Befragung stellt den Start des Projektes dar. Im n\u00e4chsten Jahr sollen in allen kooperierenden LEADER-Regionen Workshops durchgef\u00fchrt werden, die das Thema weiter vertiefen. F\u00fcr die Region H\u00fcmmling finden die Veranstaltungen voraussichtlich am 18.01. und 10.02.2021 statt.<\/p>\n\n\n\n<p>Bei R\u00fcckfragen zur Umfrage steht das beauftragte B\u00fcro pro-t-in aus Lingen zur Verf\u00fcgung.<\/p>\n","protected":false},"excerpt":{"rendered":"LEADER-Regionen f\u00fcr mehr Klimaschutz im Alltag Gemeinsames Projekt startet mit gro\u00dfer Online-Umfrage Klimaschutz ist eines der Themen, die die Gesellschaft zurzeit t\u00e4glich bewegen. W\u00e4hrend in Berlin bei der Regierungsbildung noch um Ma\u00dfnahmen gerungen wird, kann jeder einzelne im Alltag schon jetzt etwas f\u00fcr Klima und Umwelt tun. Um f\u00fcr das Thema zu sensibilisieren und Projekte [&hellip;]\n","protected":false},"author":2,"featured_media":0,"comment_status":"closed","ping_status":"closed","sticky":false,"template":"","format":"standard","meta":{"ngg_post_thumbnail":0,"footnotes":""},"categories":[3],"tags":[],"class_list":["post-31643","post","type-post","status-publish","format-standard","hentry","category-aktuelles-aus-der-region"],"_links":{"self":[{"href":"https:\/\/www.forum-soegel.de\/information\/wp-json\/wp\/v2\/posts\/31643","targetHints":{"allow":["GET"]}}],"collection":[{"href":"https:\/\/www.forum-soegel.de\/information\/wp-json\/wp\/v2\/posts"}],"about":[{"href":"https:\/\/www.forum-soegel.de\/information\/wp-json\/wp\/v2\/types\/post"}],"author":[{"embeddable":true,"href":"https:\/\/www.forum-soegel.de\/information\/wp-json\/wp\/v2\/users\/2"}],"replies":[{"embeddable":true,"href":"https:\/\/www.forum-soegel.de\/information\/wp-json\/wp\/v2\/comments?post=31643"}],"version-history":[{"count":1,"href":"https:\/\/www.forum-soegel.de\/information\/wp-json\/wp\/v2\/posts\/31643\/revisions"}],"predecessor-version":[{"id":31645,"href":"https:\/\/www.forum-soegel.de\/information\/wp-json\/wp\/v2\/posts\/31643\/revisions\/31645"}],"wp:attachment":[{"href":"https:\/\/www.forum-soegel.de\/information\/wp-json\/wp\/v2\/media?parent=31643"}],"wp:term":[{"taxonomy":"category","embeddable":true,"href":"https:\/\/www.forum-soegel.de\/information\/wp-json\/wp\/v2\/categories?post=31643"},{"taxonomy":"post_tag","embeddable":true,"href":"https:\/\/www.forum-soegel.de\/information\/wp-json\/wp\/v2\/tags?post=31643"}],"curies":[{"name":"wp","href":"https:\/\/api.w.org\/{rel}","templated":true}]}}