{"id":31634,"date":"2021-12-01T11:49:04","date_gmt":"2021-12-01T10:49:04","guid":{"rendered":"https:\/\/www.forum-soegel.de\/information\/?p=31634"},"modified":"2021-12-01T11:49:46","modified_gmt":"2021-12-01T10:49:46","slug":"polizeimeldungen-3","status":"publish","type":"post","link":"https:\/\/www.forum-soegel.de\/information\/2021\/12\/polizeimeldungen-3\/","title":{"rendered":"Polizeimeldungen"},"content":{"rendered":"\n<p>S\u00f6gel &#8211; Eigent\u00fcmer von hochwertiger Bekleidung gesucht<\/p>\n\n\n\n<p>Die Polizei S\u00f6gel hat am 1. November im Rahmen einer Diebstahlaufnahme sechs hochwertige Jeans sowie vier Boxershorts sichergestellt (siehe Foto) und sucht nun die Eigent\u00fcmerin bzw. den Eigent\u00fcmer.<\/p>\n\n\n\n<figure class=\"wp-block-image size-full is-resized\"><a href=\"https:\/\/www.forum-soegel.de\/information\/wp-content\/uploads\/2021\/12\/Polizeimeldungen-1.jpg\"><img loading=\"lazy\" decoding=\"async\" src=\"https:\/\/www.forum-soegel.de\/information\/wp-content\/uploads\/2021\/12\/Polizeimeldungen-1.jpg\" alt=\"\" class=\"wp-image-31635\" width=\"448\" height=\"246\" srcset=\"https:\/\/www.forum-soegel.de\/information\/wp-content\/uploads\/2021\/12\/Polizeimeldungen-1.jpg 1024w, https:\/\/www.forum-soegel.de\/information\/wp-content\/uploads\/2021\/12\/Polizeimeldungen-1-300x165.jpg 300w, https:\/\/www.forum-soegel.de\/information\/wp-content\/uploads\/2021\/12\/Polizeimeldungen-1-768x423.jpg 768w\" sizes=\"auto, (max-width: 448px) 100vw, 448px\" \/><\/a><figcaption> Sichergestellte Bekleidung <\/figcaption><\/figure>\n\n\n\n<p>H\u00fcven \u2013 Diebstahl einer Grablampe<\/p>\n\n\n\n<p>Bislang unbekannte T\u00e4ter entwendeten in der Zeit vom 12.10.21 bis 18.10.21 eine Grablampe inklusive des Sockels von einem Grab des Friedhofs in H\u00fcven an der Lahner Stra\u00dfe. Es entstand ein Sachschaden in einer H\u00f6he von etwa 350 Euro.<\/p>\n\n\n\n<p>Stavern \u2013 Einbruch in Jagdh\u00fctte und Scheune<\/p>\n\n\n\n<p>In der Zeit von Sonntagnachmittag bis Dienstagnachmittag (26.10.2021) kam es zu einem Einbruch in einer Jagdh\u00fctte und einer Scheune am Schlagbr\u00fcckener Weg (Panzerstra\u00dfe) in Stavern . Bislang unbekannte T\u00e4ter \u00f6ffneten gewaltsam T\u00fcren der Geb\u00e4ude und entwendeten Ger\u00e4te und Werkzeug. Insgesamt ist ein Schaden in einer H\u00f6he von etwa 3100 Euro entstanden.<\/p>\n\n\n\n<p>Gro\u00df Ber\u00dfen \u2013 Einbruch in Werkshalle<\/p>\n\n\n\n<p>In der Nacht von Sonntag auf Montag (25.10.2021)&nbsp; kam es in einer Werkshalle an der Dorfstra\u00dfe in Gro\u00df Ber\u00dfen zu einem Einbruch. Die bislang unbekannten T\u00e4ter schlugen die Scheibe einer T\u00fcr ein, um in das Geb\u00e4ude zu kommen und dort Bargeld zu entwenden. Insgesamt ist ein Schaden in einer H\u00f6he von etwa 500 Euro entstanden.<\/p>\n\n\n\n<p>S\u00f6gel \u2013 Einbruch in Bauwagen<\/p>\n\n\n\n<p>Bislang unbekannte T\u00e4ter sind zwischen Samstag und Sonntag (31.10.2021) in einen Bauwagen an der Stra\u00dfe \u201eVerwalters Damm\u201c in S\u00f6gel eingebrochen. Sie besch\u00e4digten ein Fenster und entwendeten eine K\u00fchltasche. Es entstand ein Sachschaden in H\u00f6he von etwa 100 Euro.<\/p>\n\n\n\n<p>Die Polizei bittet m\u00f6gliche Zeugen, sich mit der Dienststelle in S\u00f6gel unter der Rufnummer 05952\/93450 in Verbindung zu setzen.<\/p>\n\n\n\n<p><strong>Verkehrsunf\u00e4lle<\/strong><\/p>\n\n\n\n<p>S\u00f6gel \u2013 Fahrradfahrer gest\u00fcrzt<\/p>\n\n\n\n<p>Am Dienstagnachmittag (13.10.2021) kam es gegen 16 Uhr in der Wahner Stra\u00dfe zu einem Unfall mit einem Radfahrer. Ein Mann<strong> <\/strong>st\u00fcrzte aufgrund von gesundheitlichen Problemen mit seinem Fahrrad und verletzte sich schwer. Er wurde in ein nahegelegenes Krankenhaus gebracht.<\/p>\n\n\n\n<p>B\u00f6rger \u2013 Schwerer Verkehrsunfall<\/p>\n\n\n\n<p>Am Donnerstagmittag, 28.10.2021, ist es auf der Breddenberger Stra\u00dfe zu einem schweren Verkehrsunfall gekommen. Ein 18-J\u00e4hriger aus Rastdorf war gegen 13 Uhr mit seinem VW Caddy in Richtung B\u00f6rger unterwegs. Der Fahrer \u00fcberholte kurz vor einer Linkskurve zwei Autos, sowie einen LKW. Er verlor aus ungekl\u00e4rter Ursache die Kontrolle \u00fcber sein Fahrzeug, kam von der Stra\u00dfe ab und kollidierte ungebremst mit einem Baum. Der eingeklemmte Fahrer wurde mit hydraulischem Rettungsger\u00e4t von der Feuerwehr B\u00f6rger befreit. Die Feuerwehr Spahnharrenst\u00e4tte setzte zus\u00e4tzlich eine S\u00e4bels\u00e4ge ein, um den Kastenwagen seitlich zu \u00f6ffnen, damit der Patient m\u00f6glichst schnell aus dem Wrack befreit werden konnte. Der 18-j\u00e4hrige wurde, lebensgef\u00e4hrlich verletzt, mit einem Hubschrauber ins Krankenhaus eingeliefert. Die Schadensh\u00f6he ist noch unbekannt. Die Polizei hat die Ermittlungen aufgenommen. Nach rund zwei Stunden konnten die beiden Feuerwehren, die mit 35 Feuerwehrleuten und f\u00fcnf Fahrzeugen vor Ort waren, wieder abr\u00fccken.<\/p>\n\n\n\n<p>Vor knapp einem Jahr ereignete sich nur rund 100 Meter von der Einsatzstelle entfernt ein schwerer Verkehrsunfall, bei dem der damals beteiligte PKW nach einem Aufprall gegen einen Baum in Brand geriet. Der Fahrer konnte nur noch tot geborgen werden.<\/p>\n\n\n\n<p><strong>Feuerwehreinsatz<\/strong><\/p>\n\n\n\n<p>S\u00f6gel \u2013 Person aus Fahrstuhl befreit<\/p>\n\n\n\n<p>Besonders lange musste am Mittwochnachmittag (27.10.2021) in S\u00f6gel ein Mann in einem Fahrstuhl verbringen, weil sich die T\u00fcr nicht \u00f6ffnen lie\u00df.<\/p>\n\n\n\n<p>Nachdem der Mann seine Notlage dem zust\u00e4ndigen Sicherheitsunternehmen \u00fcber ein Notrufsystem mitgeteilt hatte, r\u00fcckte die Firma aus dem s\u00fcdlichen Emsland nach S\u00f6gel aus zu dem Objekt in der Clemens-August-Stra\u00dfe und fuhr den steckengebliebenen Aufzug ins Kellergeschoss hinunter. Trotz aller Bem\u00fchungen gelang es der Sicherheitsfirma nicht, die T\u00fcr zu \u00f6ffnen. Die dann alarmierte Freiwillige Feuerwehr S\u00f6gel verzichtete zun\u00e4chst auf eine gewaltsame T\u00fcr\u00f6ffnung, da es dem Eingeschlossenen offensichtlich gut ging, und versuchte, telefonisch mit der Herstellerfirma einen L\u00f6sungsansatz zu finden. Es gelang dann schlie\u00dflich, den Mann wohlbehalten aus seinem unfreiwilligen Gef\u00e4ngnis zu befreien, ohne den Fahrstuhl zu besch\u00e4digen. Die Feuerwehr S\u00f6gel war mit zw\u00f6lf Feuerwehrleuten und zwei Fahrzeugen im Einsatz.<\/p>\n\n\n\n<p>Zusammengestellt von Gerd Rode<\/p>\n","protected":false},"excerpt":{"rendered":"S\u00f6gel &#8211; Eigent\u00fcmer von hochwertiger Bekleidung gesucht Die Polizei S\u00f6gel hat am 1. November im Rahmen einer Diebstahlaufnahme sechs hochwertige Jeans sowie vier Boxershorts sichergestellt (siehe Foto) und sucht nun die Eigent\u00fcmerin bzw. den Eigent\u00fcmer. H\u00fcven \u2013 Diebstahl einer Grablampe Bislang unbekannte T\u00e4ter entwendeten in der Zeit vom 12.10.21 bis 18.10.21 eine Grablampe inklusive des [&hellip;]\n","protected":false},"author":2,"featured_media":0,"comment_status":"closed","ping_status":"closed","sticky":false,"template":"","format":"standard","meta":{"ngg_post_thumbnail":0,"footnotes":""},"categories":[931],"tags":[],"class_list":["post-31634","post","type-post","status-publish","format-standard","hentry","category-blaulichtreport"],"_links":{"self":[{"href":"https:\/\/www.forum-soegel.de\/information\/wp-json\/wp\/v2\/posts\/31634","targetHints":{"allow":["GET"]}}],"collection":[{"href":"https:\/\/www.forum-soegel.de\/information\/wp-json\/wp\/v2\/posts"}],"about":[{"href":"https:\/\/www.forum-soegel.de\/information\/wp-json\/wp\/v2\/types\/post"}],"author":[{"embeddable":true,"href":"https:\/\/www.forum-soegel.de\/information\/wp-json\/wp\/v2\/users\/2"}],"replies":[{"embeddable":true,"href":"https:\/\/www.forum-soegel.de\/information\/wp-json\/wp\/v2\/comments?post=31634"}],"version-history":[{"count":3,"href":"https:\/\/www.forum-soegel.de\/information\/wp-json\/wp\/v2\/posts\/31634\/revisions"}],"predecessor-version":[{"id":31638,"href":"https:\/\/www.forum-soegel.de\/information\/wp-json\/wp\/v2\/posts\/31634\/revisions\/31638"}],"wp:attachment":[{"href":"https:\/\/www.forum-soegel.de\/information\/wp-json\/wp\/v2\/media?parent=31634"}],"wp:term":[{"taxonomy":"category","embeddable":true,"href":"https:\/\/www.forum-soegel.de\/information\/wp-json\/wp\/v2\/categories?post=31634"},{"taxonomy":"post_tag","embeddable":true,"href":"https:\/\/www.forum-soegel.de\/information\/wp-json\/wp\/v2\/tags?post=31634"}],"curies":[{"name":"wp","href":"https:\/\/api.w.org\/{rel}","templated":true}]}}