{"id":31630,"date":"2021-12-01T11:43:51","date_gmt":"2021-12-01T10:43:51","guid":{"rendered":"https:\/\/www.forum-soegel.de\/information\/?p=31630"},"modified":"2021-12-01T11:43:51","modified_gmt":"2021-12-01T10:43:51","slug":"theatergruppe-boerger-eroeffnet-saison-2022","status":"publish","type":"post","link":"https:\/\/www.forum-soegel.de\/information\/2021\/12\/theatergruppe-boerger-eroeffnet-saison-2022\/","title":{"rendered":"Theatergruppe B\u00f6rger er\u00f6ffnet Saison 2022"},"content":{"rendered":"\n<p>B\u00f6rger &#8211; Die Theatergruppe B\u00f6rger bereitet sich wieder auf die Auff\u00fchrungen Anfang des Jahres 2022 vor. Mit dem Theaterst\u00fcck \u201eMumienschreck in D\u00fcstereck\u201c soll das Publikum belustigt werden. Das St\u00fcck handelt vom Tischlermeister Harald Eck, der sich gerade so mit den Auftr\u00e4gen des Bestattungsunternehmens Schwattrock \u00fcber Wasser halten kann. Zusammen mit seinen Angestellten Tobias und Ronja, einer Tischlerin auf der Walz, versucht er das Gesch\u00e4ft zu retten. Anstatt ihren Mann zu unterst\u00fctzen geht Ecks Frau Almut lieber ihrem arch\u00e4ologischen Hobby nach und investiert ihre Zeit in die Vorbereitung der Er\u00f6ffnung des neuen&nbsp; Dorfmuseums. Zusammen mit Museumsdirektorin Dr. Jankowski plant sie die Ausstellung einer Moorleiche als Museumsattraktion. Dies kommt der Tischlertochter Vroni, welche die heimliche Liaison von Tobias und Ronja ein Dorn im Auge ist, ganz recht. Um Ronja in Schwierigkeiten zu bringen, plant sie mit Schwattrocks zwielichtigem Angestellten Fredi Hase eine Intrige, indem sie die Moorleiche verschwinden l\u00e4sst. Das Chaos nimmt seinen Lauf.<\/p>\n\n\n\n<p>F\u00fcr die Veranstaltungen gelten die aktuellen Corona- Hygienema\u00dfnahmen.<\/p>\n\n\n\n<p>Zutritt nur f\u00fcr geimpfte oder genesene Personen nach der 2G-Regelung.<\/p>\n\n\n\n<p>Auff\u00fchrungstermine:<\/p>\n\n\n\n<p>Kinder: 14.01.2022, 15:00 Uhr<\/p>\n\n\n\n<p>Senioren: 15.01.2022, 15:00 Uhr<\/p>\n\n\n\n<p>Senioren: 16.01.2022, 15:00 Uhr<\/p>\n\n\n\n<p>1. Auff\u00fchrung: 23.01.2022, 19:00 Uhr<\/p>\n\n\n\n<p>2. Auff\u00fchrung: 29.01.2022, 20:00 Uhr<\/p>\n\n\n\n<p>3. Auff\u00fchrung: 05.02.2022, 20:00 Uhr!<\/p>\n\n\n\n<p>Text: Theatergruppe B\u00f6rger, Christine Ubbenjans<\/p>\n","protected":false},"excerpt":{"rendered":"B\u00f6rger &#8211; Die Theatergruppe B\u00f6rger bereitet sich wieder auf die Auff\u00fchrungen Anfang des Jahres 2022 vor. Mit dem Theaterst\u00fcck \u201eMumienschreck in D\u00fcstereck\u201c soll das Publikum belustigt werden. Das St\u00fcck handelt vom Tischlermeister Harald Eck, der sich gerade so mit den Auftr\u00e4gen des Bestattungsunternehmens Schwattrock \u00fcber Wasser halten kann. Zusammen mit seinen Angestellten Tobias und Ronja, [&hellip;]\n","protected":false},"author":2,"featured_media":0,"comment_status":"closed","ping_status":"closed","sticky":false,"template":"","format":"standard","meta":{"ngg_post_thumbnail":0,"footnotes":""},"categories":[3],"tags":[],"class_list":["post-31630","post","type-post","status-publish","format-standard","hentry","category-aktuelles-aus-der-region"],"_links":{"self":[{"href":"https:\/\/www.forum-soegel.de\/information\/wp-json\/wp\/v2\/posts\/31630","targetHints":{"allow":["GET"]}}],"collection":[{"href":"https:\/\/www.forum-soegel.de\/information\/wp-json\/wp\/v2\/posts"}],"about":[{"href":"https:\/\/www.forum-soegel.de\/information\/wp-json\/wp\/v2\/types\/post"}],"author":[{"embeddable":true,"href":"https:\/\/www.forum-soegel.de\/information\/wp-json\/wp\/v2\/users\/2"}],"replies":[{"embeddable":true,"href":"https:\/\/www.forum-soegel.de\/information\/wp-json\/wp\/v2\/comments?post=31630"}],"version-history":[{"count":1,"href":"https:\/\/www.forum-soegel.de\/information\/wp-json\/wp\/v2\/posts\/31630\/revisions"}],"predecessor-version":[{"id":31631,"href":"https:\/\/www.forum-soegel.de\/information\/wp-json\/wp\/v2\/posts\/31630\/revisions\/31631"}],"wp:attachment":[{"href":"https:\/\/www.forum-soegel.de\/information\/wp-json\/wp\/v2\/media?parent=31630"}],"wp:term":[{"taxonomy":"category","embeddable":true,"href":"https:\/\/www.forum-soegel.de\/information\/wp-json\/wp\/v2\/categories?post=31630"},{"taxonomy":"post_tag","embeddable":true,"href":"https:\/\/www.forum-soegel.de\/information\/wp-json\/wp\/v2\/tags?post=31630"}],"curies":[{"name":"wp","href":"https:\/\/api.w.org\/{rel}","templated":true}]}}