{"id":31625,"date":"2021-12-01T11:42:58","date_gmt":"2021-12-01T10:42:58","guid":{"rendered":"https:\/\/www.forum-soegel.de\/information\/?p=31625"},"modified":"2021-12-01T11:42:58","modified_gmt":"2021-12-01T10:42:58","slug":"soegeler-karnevalisten-stehen-in-den-startloechern-2","status":"publish","type":"post","link":"https:\/\/www.forum-soegel.de\/information\/2021\/12\/soegeler-karnevalisten-stehen-in-den-startloechern-2\/","title":{"rendered":"S\u00f6geler Karnevalisten stehen in den Startl\u00f6chern"},"content":{"rendered":"\n<p><strong>Hoffen auf eine stimmungsvolle Narrenzeit<\/strong><\/p>\n\n\n\n<div class=\"wp-block-image\"><figure class=\"alignleft size-full is-resized\"><a href=\"https:\/\/www.forum-soegel.de\/information\/wp-content\/uploads\/2021\/12\/Soegeler-Karnevalisten-stehen-in-den-Startloechern-1-1.png\"><img loading=\"lazy\" decoding=\"async\" src=\"https:\/\/www.forum-soegel.de\/information\/wp-content\/uploads\/2021\/12\/Soegeler-Karnevalisten-stehen-in-den-Startloechern-1-1.png\" alt=\"\" class=\"wp-image-31628\" width=\"305\" height=\"171\" srcset=\"https:\/\/www.forum-soegel.de\/information\/wp-content\/uploads\/2021\/12\/Soegeler-Karnevalisten-stehen-in-den-Startloechern-1-1.png 1024w, https:\/\/www.forum-soegel.de\/information\/wp-content\/uploads\/2021\/12\/Soegeler-Karnevalisten-stehen-in-den-Startloechern-1-1-300x169.png 300w, https:\/\/www.forum-soegel.de\/information\/wp-content\/uploads\/2021\/12\/Soegeler-Karnevalisten-stehen-in-den-Startloechern-1-1-768x432.png 768w\" sizes=\"auto, (max-width: 305px) 100vw, 305px\" \/><\/a><\/figure><\/div>\n\n\n\n<p>S\u00f6gel &#8211; \u201eIn der kommenden Karnevalssaison soll es wieder richtig krachen\u201c, sagt der Sitzungspr\u00e4sident Johannes Lake. Er zeigt sich zuversichtlich, dass im Februar 2022 wieder richtig Karneval gefeiert werden kann.<\/p>\n\n\n\n<p>\u201eWir haben das jetzige Jahr unter den geltenden Einschr\u00e4nkungen mit den digitalen Karnevalsauftritten ganz gut \u00fcber die B\u00fchne bekommen. Es ist aber kein Vergleich zu unseren vier Karnevalsabenden im Clemenswerther Hof mit Live-Musik der Kolpingkapelle und dem direkten Kontakt zwischen Akteuren und Publikum!\u201c, berichtet Lake. \u201eDem Schalk unserer Akteure hat die Publikumsabstinenz keinen Abbruch getan. Alle scharren schon mit den Hufen und bereiten sich auf die kommenden Sitzungen vor!\u201c, erg\u00e4nzt sein Zeremonienmeister Johannes Mielke. Unterst\u00fctzung fanden Pr\u00e4sident und Zeremonienmeister dabei wieder bei unz\u00e4hligen S\u00f6geler Unternehmen, die dem Karneval der Kolpingkapelle S\u00f6gel als Sponsoren zur Seite stehen. Daher geben sie auch jetzt den Startschuss f\u00fcr die kommende Saison. Alle Akteure wurden informiert, dass sie mit einem Karneval in 2022 rechnen d\u00fcrfen.<\/p>\n\n\n\n<p>Die Akteure freuen sich. Jeder Akteur hat bei den Vorbereitungen seine eigene Herangehensweise. Wolfgang Wind aus S\u00f6gel steht schon seit 13 Jahren in S\u00f6gel beim Karneval auf der B\u00fchne. \u201eIch hatte mich einfach daf\u00fcr interessiert und bin dann mit meiner damaligen Kollegin Ruth Bramlage erstmals unter dem Pseudonym Pepsi-Carola und Whisky Wolle aufgetreten. Sp\u00e4ter hie\u00dfen wir einfach nur Ruth und Wolle. In den letzten vier Jahren ist dann mein Sohn Simon eingesprungen.\u201c Im Grunde f\u00e4nde das ganze Jahr die Vorbereitung f\u00fcr die n\u00e4chste Karnevalssitzung statt. \u201eNach dem Karneval ist vor dem Karneval\u201c, schildert Wind seine Vorbereitungszeit. Er sammele st\u00e4ndig Nachrichten und fange das Geschehen im Dorf auf. Dazu mache er sich dann sofort ein paar Stichpunkte in seinem Handy. Wenn dann die dunkle Jahreszeit anbricht, setze er sich einige Abende in Ruhe hin und schleife an dem Text. In den ersten Jahren tat er dieses mit der Unterst\u00fctzung seines langj\u00e4hrigen Karnevalskollegen Alfons Br\u00fcmmer. Die Familie dient dann als Publikum und Kritiker. Dabei verwendet er immer die plattdeutsche Sprache. \u201eMeinem Sohn Simon f\u00e4llt die plattdeutsche Sprache leicht und wir kommunizieren auf der B\u00fchne, als wenn es das normalste der Welt ist.\u201c Das in Sohn Simon ebenfalls ein kleiner &#8222;Jecke&#8220; steckt, zeigte sich, als er spontan den Text ver\u00e4nderte und seinen Vater auf die Schippe nahm. \u201eDa kam ich dann doch ganz sch\u00f6n ins Schwitzen\u201c, schmunzelte Wind. F\u00fcr Simon seien die Auftritte ganz entspannt. Er ist schon seit vielen Jahren B\u00fchnentechniker beim S\u00f6geler Karneval und kennt das Geschehen.<\/p>\n\n\n\n<p>Nur in diesem Jahr mussten die Karnevalssitzungen abgesagt werden. Die Vorbereitungen dazu verliefen allerdings nicht ins Leere, denn sie hatten sich am digitalen Karneval der S\u00f6geler Kolpingskapelle beteiligt. (Sieht Foto). \u201eDas war aber ein komisches Gef\u00fchl. Uns hat das Publikum doch sehr gefehlt.\u201c Denn auch wenn zum Live-Auftritt eine Portion Lampenfieber bei Wind dazugeh\u00f6rt, sei der Kontakt zum Publikum gerade das Sch\u00f6ne. \u201eSobald wir in den Saal reingelassen werden, ist alles weg. Die Leute winken und schunkeln und die Aufregung verschwindet. Ab dann macht es einfach richtig Spa\u00df!\u201c Dabei sei die schlimmste Stelle direkt vor der T\u00fcr des Saales, wenn sie auf Ihren Einlass warten und die Darsteller angek\u00fcndigt werden. Aber jetzt freut sich Wind schon darauf, im kommenden Jahr wieder an den vier Karnevalsabenden durch die Saalt\u00fcr gelassen zu werden. Die Termine f\u00fcr die kommenden Sitzungen sind terminiert, der Festsaal reserviert. Die Sitzungen finden statt an den Wochenenden 11.\/12. Februar und 18.\/19. Februar 2022. Der Kartenvorverkauf beginnt am 13.11. um 18 Uhr.<\/p>\n\n\n\n<p>Text\/Foto: Ingrid Cloppenburg<\/p>\n\n\n\n<figure class=\"wp-block-gallery columns-1 is-cropped wp-block-gallery-1 is-layout-flex wp-block-gallery-is-layout-flex\"><ul class=\"blocks-gallery-grid\"><li class=\"blocks-gallery-item\"><figure><a href=\"https:\/\/www.forum-soegel.de\/information\/wp-content\/uploads\/2021\/12\/Soegeler-Karnevalisten-stehen-in-den-Startloechern-2.jpg\"><img loading=\"lazy\" decoding=\"async\" width=\"1024\" height=\"768\" src=\"https:\/\/www.forum-soegel.de\/information\/wp-content\/uploads\/2021\/12\/Soegeler-Karnevalisten-stehen-in-den-Startloechern-2.jpg\" alt=\"\" data-id=\"31626\" data-full-url=\"https:\/\/www.forum-soegel.de\/information\/wp-content\/uploads\/2021\/12\/Soegeler-Karnevalisten-stehen-in-den-Startloechern-2.jpg\" data-link=\"https:\/\/www.forum-soegel.de\/information\/?attachment_id=31626\" class=\"wp-image-31626\" srcset=\"https:\/\/www.forum-soegel.de\/information\/wp-content\/uploads\/2021\/12\/Soegeler-Karnevalisten-stehen-in-den-Startloechern-2.jpg 1024w, https:\/\/www.forum-soegel.de\/information\/wp-content\/uploads\/2021\/12\/Soegeler-Karnevalisten-stehen-in-den-Startloechern-2-300x225.jpg 300w, https:\/\/www.forum-soegel.de\/information\/wp-content\/uploads\/2021\/12\/Soegeler-Karnevalisten-stehen-in-den-Startloechern-2-768x576.jpg 768w\" sizes=\"auto, (max-width: 1024px) 100vw, 1024px\" \/><\/a><\/figure><\/li><\/ul><figcaption class=\"blocks-gallery-caption\">Zeremonienmeister Johannes Mielke (links) und Pr\u00e4sident Johannes Lake vom S\u00f6geler Karneval geben den Startschuss f\u00fcr die Saison.<\/figcaption><\/figure>\n","protected":false},"excerpt":{"rendered":"Hoffen auf eine stimmungsvolle Narrenzeit S\u00f6gel &#8211; \u201eIn der kommenden Karnevalssaison soll es wieder richtig krachen\u201c, sagt der Sitzungspr\u00e4sident Johannes Lake. Er zeigt sich zuversichtlich, dass im Februar 2022 wieder richtig Karneval gefeiert werden kann. \u201eWir haben das jetzige Jahr unter den geltenden Einschr\u00e4nkungen mit den digitalen Karnevalsauftritten ganz gut \u00fcber die B\u00fchne bekommen. Es [&hellip;]\n","protected":false},"author":2,"featured_media":0,"comment_status":"closed","ping_status":"closed","sticky":false,"template":"","format":"standard","meta":{"ngg_post_thumbnail":0,"footnotes":""},"categories":[3],"tags":[],"class_list":["post-31625","post","type-post","status-publish","format-standard","hentry","category-aktuelles-aus-der-region"],"_links":{"self":[{"href":"https:\/\/www.forum-soegel.de\/information\/wp-json\/wp\/v2\/posts\/31625","targetHints":{"allow":["GET"]}}],"collection":[{"href":"https:\/\/www.forum-soegel.de\/information\/wp-json\/wp\/v2\/posts"}],"about":[{"href":"https:\/\/www.forum-soegel.de\/information\/wp-json\/wp\/v2\/types\/post"}],"author":[{"embeddable":true,"href":"https:\/\/www.forum-soegel.de\/information\/wp-json\/wp\/v2\/users\/2"}],"replies":[{"embeddable":true,"href":"https:\/\/www.forum-soegel.de\/information\/wp-json\/wp\/v2\/comments?post=31625"}],"version-history":[{"count":1,"href":"https:\/\/www.forum-soegel.de\/information\/wp-json\/wp\/v2\/posts\/31625\/revisions"}],"predecessor-version":[{"id":31629,"href":"https:\/\/www.forum-soegel.de\/information\/wp-json\/wp\/v2\/posts\/31625\/revisions\/31629"}],"wp:attachment":[{"href":"https:\/\/www.forum-soegel.de\/information\/wp-json\/wp\/v2\/media?parent=31625"}],"wp:term":[{"taxonomy":"category","embeddable":true,"href":"https:\/\/www.forum-soegel.de\/information\/wp-json\/wp\/v2\/categories?post=31625"},{"taxonomy":"post_tag","embeddable":true,"href":"https:\/\/www.forum-soegel.de\/information\/wp-json\/wp\/v2\/tags?post=31625"}],"curies":[{"name":"wp","href":"https:\/\/api.w.org\/{rel}","templated":true}]}}