{"id":31620,"date":"2021-12-01T11:39:32","date_gmt":"2021-12-01T10:39:32","guid":{"rendered":"https:\/\/www.forum-soegel.de\/information\/?p=31620"},"modified":"2021-12-01T11:39:58","modified_gmt":"2021-12-01T10:39:58","slug":"karneval-2022-in-boerger-vorverkaufsstart-am-12-dezember","status":"publish","type":"post","link":"https:\/\/www.forum-soegel.de\/information\/2021\/12\/karneval-2022-in-boerger-vorverkaufsstart-am-12-dezember\/","title":{"rendered":"Karneval 2022 in B\u00f6rger &#8211; Vorverkaufsstart am 12. Dezember"},"content":{"rendered":"\n<p>B\u00f6rger &#8211; Nicht nur in K\u00f6ln und D\u00fcsseldorf beginnt traditionell der Karneval am 11.11., auch in B\u00f6rger starten die Narren am selben Tag ihre Vorbereitungen f\u00fcr die Karnevalssitzungen 2022. Auch eine Epidemie findet ihr Ende und der Karneval ist froher Dinge, die Sitzungen in B\u00f6rger 2022 wieder durchf\u00fchren zu k\u00f6nnen. Alle Akteure hatten nun ein Jahr mehr Zeit Pl\u00e4ne zu schmieden und sich Unterhaltsames f\u00fcr das Publikum zu \u00fcberlegen.<\/p>\n\n\n\n<p>Dazu werden nicht nur altbekannte Gruppen wie \u201eDai drai Wiesen ut dat Borgerland\u201c oder die Karnevalsband \u201eJuke und Pajatz\u201c ihr Bestes auf der B\u00fchne pr\u00e4sentieren. Auch kann sich das Publikum auf neue Gesichter freuen, die mit Ihren Gesangs- Sprech- oder Tanzk\u00fcnsten alle hervorragend unterhalten werden.<\/p>\n\n\n\n<p>Im Februar 2020 konnte zuletzt unter dem Motto: \u201eLachen ist das Luftholen der Seele\u201c das Publikum mit den verschiedensten Auftritten begeistert werden. Das Gemeindezentrum in B\u00f6rger zeigte sich von seiner besten karnevalistischen Seite und steigert nun bei allen Beteiligten die Vorfreude auf die n\u00e4chsten Prunksitzungen im Jahr 2022.<\/p>\n\n\n\n<p>Der Karneval in B\u00f6rger wird dann zum 39. Mal gefeiert werden. Dazu laden alle Akteure recht herzlich ein. Die Sitzungen finden am 18.2. und 19.2. um jeweils 20:11 Uhr und am 20.2. um 18:11 Uhr im Gemeindezentrum in B\u00f6rger statt.<\/p>\n\n\n\n<p>Der Kartenvorverkauf startet am 12.12. zwischen 14 und 17 Uhr im Rahmen des Weihnachtsmarktes des F\u00f6rdervereins der Feuerwehr beim Gemeindezentrum in B\u00f6rger. Die Restkarten k\u00f6nnen ab dem 13.12. bei Andreas und Anita Albers Tel.: 05953\/1571, Mobil: 0162\/9042971 oder 0151\/18335778 k\u00e4uflich erworben werden.<\/p>\n\n\n\n<p>Text\/Foto: Kolping Karneval \/ Markus Klaas<\/p>\n\n\n\n<figure class=\"wp-block-image size-full is-resized\"><a href=\"https:\/\/www.forum-soegel.de\/information\/wp-content\/uploads\/2021\/12\/Karneval-2022-in-Boerger-Vorverkaufsstart-am-12.-Dezember-1.jpg\"><img loading=\"lazy\" decoding=\"async\" src=\"https:\/\/www.forum-soegel.de\/information\/wp-content\/uploads\/2021\/12\/Karneval-2022-in-Boerger-Vorverkaufsstart-am-12.-Dezember-1.jpg\" alt=\"\" class=\"wp-image-31621\" width=\"508\" height=\"339\" srcset=\"https:\/\/www.forum-soegel.de\/information\/wp-content\/uploads\/2021\/12\/Karneval-2022-in-Boerger-Vorverkaufsstart-am-12.-Dezember-1.jpg 1024w, https:\/\/www.forum-soegel.de\/information\/wp-content\/uploads\/2021\/12\/Karneval-2022-in-Boerger-Vorverkaufsstart-am-12.-Dezember-1-300x200.jpg 300w, https:\/\/www.forum-soegel.de\/information\/wp-content\/uploads\/2021\/12\/Karneval-2022-in-Boerger-Vorverkaufsstart-am-12.-Dezember-1-768x512.jpg 768w\" sizes=\"auto, (max-width: 508px) 100vw, 508px\" \/><\/a><figcaption>Auftritt \u201eDie Floppers\u201c 2020<\/figcaption><\/figure>\n\n\n\n<figure class=\"wp-block-image size-full is-resized\"><a href=\"https:\/\/www.forum-soegel.de\/information\/wp-content\/uploads\/2021\/12\/Karneval-2022-in-Boerger-Vorverkaufsstart-am-12.-Dezember-2.jpg\"><img loading=\"lazy\" decoding=\"async\" src=\"https:\/\/www.forum-soegel.de\/information\/wp-content\/uploads\/2021\/12\/Karneval-2022-in-Boerger-Vorverkaufsstart-am-12.-Dezember-2.jpg\" alt=\"\" class=\"wp-image-31622\" width=\"508\" height=\"339\" srcset=\"https:\/\/www.forum-soegel.de\/information\/wp-content\/uploads\/2021\/12\/Karneval-2022-in-Boerger-Vorverkaufsstart-am-12.-Dezember-2.jpg 1024w, https:\/\/www.forum-soegel.de\/information\/wp-content\/uploads\/2021\/12\/Karneval-2022-in-Boerger-Vorverkaufsstart-am-12.-Dezember-2-300x200.jpg 300w, https:\/\/www.forum-soegel.de\/information\/wp-content\/uploads\/2021\/12\/Karneval-2022-in-Boerger-Vorverkaufsstart-am-12.-Dezember-2-768x512.jpg 768w\" sizes=\"auto, (max-width: 508px) 100vw, 508px\" \/><\/a><figcaption>Gro\u00dfes Finale aller Akteure<\/figcaption><\/figure>\n","protected":false},"excerpt":{"rendered":"B\u00f6rger &#8211; Nicht nur in K\u00f6ln und D\u00fcsseldorf beginnt traditionell der Karneval am 11.11., auch in B\u00f6rger starten die Narren am selben Tag ihre Vorbereitungen f\u00fcr die Karnevalssitzungen 2022. Auch eine Epidemie findet ihr Ende und der Karneval ist froher Dinge, die Sitzungen in B\u00f6rger 2022 wieder durchf\u00fchren zu k\u00f6nnen. Alle Akteure hatten nun ein [&hellip;]\n","protected":false},"author":2,"featured_media":0,"comment_status":"closed","ping_status":"closed","sticky":false,"template":"","format":"standard","meta":{"ngg_post_thumbnail":0,"footnotes":""},"categories":[3],"tags":[],"class_list":["post-31620","post","type-post","status-publish","format-standard","hentry","category-aktuelles-aus-der-region"],"_links":{"self":[{"href":"https:\/\/www.forum-soegel.de\/information\/wp-json\/wp\/v2\/posts\/31620","targetHints":{"allow":["GET"]}}],"collection":[{"href":"https:\/\/www.forum-soegel.de\/information\/wp-json\/wp\/v2\/posts"}],"about":[{"href":"https:\/\/www.forum-soegel.de\/information\/wp-json\/wp\/v2\/types\/post"}],"author":[{"embeddable":true,"href":"https:\/\/www.forum-soegel.de\/information\/wp-json\/wp\/v2\/users\/2"}],"replies":[{"embeddable":true,"href":"https:\/\/www.forum-soegel.de\/information\/wp-json\/wp\/v2\/comments?post=31620"}],"version-history":[{"count":2,"href":"https:\/\/www.forum-soegel.de\/information\/wp-json\/wp\/v2\/posts\/31620\/revisions"}],"predecessor-version":[{"id":31624,"href":"https:\/\/www.forum-soegel.de\/information\/wp-json\/wp\/v2\/posts\/31620\/revisions\/31624"}],"wp:attachment":[{"href":"https:\/\/www.forum-soegel.de\/information\/wp-json\/wp\/v2\/media?parent=31620"}],"wp:term":[{"taxonomy":"category","embeddable":true,"href":"https:\/\/www.forum-soegel.de\/information\/wp-json\/wp\/v2\/categories?post=31620"},{"taxonomy":"post_tag","embeddable":true,"href":"https:\/\/www.forum-soegel.de\/information\/wp-json\/wp\/v2\/tags?post=31620"}],"curies":[{"name":"wp","href":"https:\/\/api.w.org\/{rel}","templated":true}]}}