{"id":31569,"date":"2021-12-01T11:14:44","date_gmt":"2021-12-01T10:14:44","guid":{"rendered":"https:\/\/www.forum-soegel.de\/information\/?p=31569"},"modified":"2021-12-01T11:14:44","modified_gmt":"2021-12-01T10:14:44","slug":"soegeler-reiter-gewinnt-schwerstes-springen","status":"publish","type":"post","link":"https:\/\/www.forum-soegel.de\/information\/2021\/12\/soegeler-reiter-gewinnt-schwerstes-springen\/","title":{"rendered":"S\u00f6geler Reiter gewinnt schwerstes Springen"},"content":{"rendered":"\n<p>S\u00f6gel &#8211; Unter heimischer Kulisse konnte Manuel Beeker mit Chacci sich den Sieg im schwersten Springen am Samstagabend holen. Insgesamt 8 Reiter befanden sich im Stechen und lieferten den Zuschauern spannenden Sport.<\/p>\n\n\n\n<p>Am Sonntag gewann Sebastian Elias aus dem Reitverein Klein Roscharden mit Coupe d\u00b4Or, den Preis der Besten. F\u00fcr das Stechen konnten sich 9 Reiter qualifizieren.<\/p>\n\n\n\n<p>Unter Coronabedingungen konnte das Turnier an allen 3 Tagen ohne Bedenken durchgef\u00fchrt werden. Die Turnierleitung Werner Gerdes und Fritz Beeker sind mit dem Wochenende sehr zufrieden.<\/p>\n\n\n\n<p>Am Freitag wurden nur junge Pferde vorgestellt und konnten ihr K\u00f6nnen unter Beweis stellen.<\/p>\n\n\n\n<p>Samstag und Sonntag war der Ma\u00dfstab h\u00f6her gesetzt und viele schwierige Pr\u00fcfungen wurden ausgeschrieben. Tobias Willoh konnte am Freitag mit seinem Pferd Calimero den 2. Platz im M-Springen belegen.<\/p>\n\n\n\n<p>Insgesamt 12 Schleifen konnte der Reitverein S\u00f6gel f\u00fcr sich gewinnen.<\/p>\n\n\n\n<p>Am 27.11.2021 veranstaltet der Reitverein S\u00f6gel einen Reitertag. Dort k\u00f6nnen junge Reiter ihr K\u00f6nnen pr\u00e4sentieren.<\/p>\n\n\n\n<p>Text\/Foto: Karina Hinrichs<\/p>\n\n\n\n<figure class=\"wp-block-image size-full\"><a href=\"https:\/\/www.forum-soegel.de\/information\/wp-content\/uploads\/2021\/12\/Soegeler-Reiter-gewinnt-schwerstes-Springen-1.png\"><img loading=\"lazy\" decoding=\"async\" width=\"728\" height=\"768\" src=\"https:\/\/www.forum-soegel.de\/information\/wp-content\/uploads\/2021\/12\/Soegeler-Reiter-gewinnt-schwerstes-Springen-1.png\" alt=\"\" class=\"wp-image-31570\" srcset=\"https:\/\/www.forum-soegel.de\/information\/wp-content\/uploads\/2021\/12\/Soegeler-Reiter-gewinnt-schwerstes-Springen-1.png 728w, https:\/\/www.forum-soegel.de\/information\/wp-content\/uploads\/2021\/12\/Soegeler-Reiter-gewinnt-schwerstes-Springen-1-284x300.png 284w\" sizes=\"auto, (max-width: 728px) 100vw, 728px\" \/><\/a><figcaption>Manuel Beeker, RuF S\u00f6gel<\/figcaption><\/figure>\n","protected":false},"excerpt":{"rendered":"S\u00f6gel &#8211; Unter heimischer Kulisse konnte Manuel Beeker mit Chacci sich den Sieg im schwersten Springen am Samstagabend holen. Insgesamt 8 Reiter befanden sich im Stechen und lieferten den Zuschauern spannenden Sport. Am Sonntag gewann Sebastian Elias aus dem Reitverein Klein Roscharden mit Coupe d\u00b4Or, den Preis der Besten. F\u00fcr das Stechen konnten sich 9 [&hellip;]\n","protected":false},"author":2,"featured_media":0,"comment_status":"closed","ping_status":"closed","sticky":false,"template":"","format":"standard","meta":{"ngg_post_thumbnail":0,"footnotes":""},"categories":[5],"tags":[],"class_list":["post-31569","post","type-post","status-publish","format-standard","hentry","category-was-machen-die-vereine"],"_links":{"self":[{"href":"https:\/\/www.forum-soegel.de\/information\/wp-json\/wp\/v2\/posts\/31569","targetHints":{"allow":["GET"]}}],"collection":[{"href":"https:\/\/www.forum-soegel.de\/information\/wp-json\/wp\/v2\/posts"}],"about":[{"href":"https:\/\/www.forum-soegel.de\/information\/wp-json\/wp\/v2\/types\/post"}],"author":[{"embeddable":true,"href":"https:\/\/www.forum-soegel.de\/information\/wp-json\/wp\/v2\/users\/2"}],"replies":[{"embeddable":true,"href":"https:\/\/www.forum-soegel.de\/information\/wp-json\/wp\/v2\/comments?post=31569"}],"version-history":[{"count":1,"href":"https:\/\/www.forum-soegel.de\/information\/wp-json\/wp\/v2\/posts\/31569\/revisions"}],"predecessor-version":[{"id":31571,"href":"https:\/\/www.forum-soegel.de\/information\/wp-json\/wp\/v2\/posts\/31569\/revisions\/31571"}],"wp:attachment":[{"href":"https:\/\/www.forum-soegel.de\/information\/wp-json\/wp\/v2\/media?parent=31569"}],"wp:term":[{"taxonomy":"category","embeddable":true,"href":"https:\/\/www.forum-soegel.de\/information\/wp-json\/wp\/v2\/categories?post=31569"},{"taxonomy":"post_tag","embeddable":true,"href":"https:\/\/www.forum-soegel.de\/information\/wp-json\/wp\/v2\/tags?post=31569"}],"curies":[{"name":"wp","href":"https:\/\/api.w.org\/{rel}","templated":true}]}}