{"id":31566,"date":"2021-12-01T11:12:48","date_gmt":"2021-12-01T10:12:48","guid":{"rendered":"https:\/\/www.forum-soegel.de\/information\/?p=31566"},"modified":"2021-12-01T11:12:48","modified_gmt":"2021-12-01T10:12:48","slug":"sigiltra-jubilaeum-erst-2025","status":"publish","type":"post","link":"https:\/\/www.forum-soegel.de\/information\/2021\/12\/sigiltra-jubilaeum-erst-2025\/","title":{"rendered":"Sigiltra-Jubil\u00e4um erst 2025"},"content":{"rendered":"\n<p><strong>Generalversammlung vermittelt Aufbruchsstimmung \/ S\u00f6geler Sportverein sportgesund und leistungsf\u00e4hig \/ Neue Gro\u00dfraumhalle ab November offen<\/strong><\/p>\n\n\n\n<p>S\u00f6gel &#8211; Dem Verein geht es gut \u2013 sportlich, in der F\u00fchrung und finanziell. Das ist die wohl wichtigste Botschaft des S\u00f6geler Sportvereins Sigiltra nach \u00fcber anderthalb Jahren coronabedingter Durststrecke, der eigentlich schon im letzten Jahr sein 100-j\u00e4hriges Bestehen gro\u00df feiern wollte.<\/p>\n\n\n\n<p>Auf der Generalversammlung des SV Sigiltra S\u00f6gel 1920 e.V. wurde vom Vorsitzenden Arnold Welling verk\u00fcndet: die gro\u00dfe Jubil\u00e4umsfeier findet erst 2025 statt. Dann wird der erfolgreiche H\u00fcmmlinger Sportklub 105 Jahre alt und unbeschwertes Feiern sollte wieder m\u00f6glich sein. Zweimal mussten die komplett organisierten Feierlichkeiten aufgrund der Pandemie abgesagt werden.<\/p>\n\n\n\n<p>Frohe Botschaft brachte der scheidende Samtgemeindeb\u00fcrgermeister G\u00fcnter Wigbers sowie die Ortsb\u00fcrgermeisterin Irmgard Welling mit in den Saal des Clemenswerther Hofes, wo sich rund 50 Vereinsmitglieder unter 3G-Bedingungen versammelt hatten. Endlich d\u00fcrfen die Sportler wieder in die Gro\u00dfraumhalle einziehen, die direkt neben der alten Sportst\u00e4tte und dem Kunstrasenplatz nahe Schloss Clemenswerth fertiggestellt wurde. W\u00e4hrend die Hallensportler am 1. November gr\u00fcnes Licht erhalten, m\u00fcssen die Schwimmsportler auf die Renovierung des Freibades noch warten. Die Renovierung des Waldbades, so Wigbers, soll direkt nach der Sommersaison im September n\u00e4chsten Jahres starten. F\u00fcr die stets gute Zusammenarbeit und Unterst\u00fctzung bedankte sich stellvertretend als \u00e4ltestes Vorstandsmitglied, Klaus H\u00fcsing, bei der scheidenden kommunalen Doppelspitze und schloss die Verwaltung ausdr\u00fccklich mit ein.<\/p>\n\n\n\n<p>Weitere Ehrungen erfuhren Valentina Suchanov f\u00fcr ihren jahrzehntelangen und sehr erfolgreichen Einsatz im Tanzsport, bekannt auch unter \u201eSigiltra Dancing\u201c. Klaus Hannock wurde f\u00fcr sein unerm\u00fcdliches, langj\u00e4hriges Engagement im Badmintonsport ausgezeichnet. Die Abteilungsleitung \u00fcbernimmt zuk\u00fcnftig Franziska Deistung. F\u00fcr seine lange ehrenamtliche T\u00e4tigkeit in der Fu\u00dfballabteilung f\u00fchrte stellvertretend Ludwig Wilmes vom F\u00f6rderkreis Fu\u00dfball die Auszeichnung von Christian Bartling durch. F\u00fcr besondere Leistungen in der Leichtathletik bis zur Bundesebene erhielt Jugend-Landesmeister Thorben Finke (200 m Lauf) ein Pr\u00e4sent des Vereins durch LA-Abteilungsleiter Christian Schmitz \u00fcberreicht.<\/p>\n\n\n\n<p>Nach Erfolgsberichten der Abteilungen bis hin zu DM-Titeln sowie des Kassenwartes rundeten glatte Vorstandswahlen die Perspektiven des Gro\u00dfvereins sowie das Erscheinungsbild, was auch auf der ganz neu gestalteten Vereins-Homepage sichtbar wird, ab.<\/p>\n\n\n\n<p>Klaus V\u00f6lker wurde als 2. Vorsitzender ebenso einstimmig best\u00e4tigt wie Kassenwart Detlef Gerdes, Beisitzerin Doris M\u00f6hlenkamp sowie der neu installierte Medienwart (4. Beisitzer), Markus Resing. Den Ehrenrat bilden Valentina Suchanov (neu), G\u00fcnter Horstmann, Hans Fischer, Michael Langen und Hans Brachem.<\/p>\n\n\n\n<p>Text\/Foto: Klaus H\u00fcsing<\/p>\n\n\n\n<figure class=\"wp-block-image size-full\"><a href=\"https:\/\/www.forum-soegel.de\/information\/wp-content\/uploads\/2021\/12\/Sigiltra-Jubilaeum-erst-2025-1.jpg\"><img loading=\"lazy\" decoding=\"async\" width=\"1024\" height=\"768\" src=\"https:\/\/www.forum-soegel.de\/information\/wp-content\/uploads\/2021\/12\/Sigiltra-Jubilaeum-erst-2025-1.jpg\" alt=\"\" class=\"wp-image-31567\" srcset=\"https:\/\/www.forum-soegel.de\/information\/wp-content\/uploads\/2021\/12\/Sigiltra-Jubilaeum-erst-2025-1.jpg 1024w, https:\/\/www.forum-soegel.de\/information\/wp-content\/uploads\/2021\/12\/Sigiltra-Jubilaeum-erst-2025-1-300x225.jpg 300w, https:\/\/www.forum-soegel.de\/information\/wp-content\/uploads\/2021\/12\/Sigiltra-Jubilaeum-erst-2025-1-768x576.jpg 768w\" sizes=\"auto, (max-width: 1024px) 100vw, 1024px\" \/><\/a><figcaption>Auf der Generalversammlung des SV Sigiltra S\u00f6gel wurden (v.l.) die scheidende B\u00fcrgermeisterin Irmgard Welling, Fu\u00dfballer Christian Bartling, Leichtathlet Thorben Finke, Tanzlehrerin Valentina Suchanov, Badmintonspieler Klaus Hannock und der bisherige SG-B\u00fcrgermeister G\u00fcnter Wigbers vom Vorsitzenden Arnold Welling geehrt.<\/figcaption><\/figure>\n","protected":false},"excerpt":{"rendered":"Generalversammlung vermittelt Aufbruchsstimmung \/ S\u00f6geler Sportverein sportgesund und leistungsf\u00e4hig \/ Neue Gro\u00dfraumhalle ab November offen S\u00f6gel &#8211; Dem Verein geht es gut \u2013 sportlich, in der F\u00fchrung und finanziell. Das ist die wohl wichtigste Botschaft des S\u00f6geler Sportvereins Sigiltra nach \u00fcber anderthalb Jahren coronabedingter Durststrecke, der eigentlich schon im letzten Jahr sein 100-j\u00e4hriges Bestehen gro\u00df [&hellip;]\n","protected":false},"author":2,"featured_media":0,"comment_status":"closed","ping_status":"closed","sticky":false,"template":"","format":"standard","meta":{"ngg_post_thumbnail":0,"footnotes":""},"categories":[5],"tags":[],"class_list":["post-31566","post","type-post","status-publish","format-standard","hentry","category-was-machen-die-vereine"],"_links":{"self":[{"href":"https:\/\/www.forum-soegel.de\/information\/wp-json\/wp\/v2\/posts\/31566","targetHints":{"allow":["GET"]}}],"collection":[{"href":"https:\/\/www.forum-soegel.de\/information\/wp-json\/wp\/v2\/posts"}],"about":[{"href":"https:\/\/www.forum-soegel.de\/information\/wp-json\/wp\/v2\/types\/post"}],"author":[{"embeddable":true,"href":"https:\/\/www.forum-soegel.de\/information\/wp-json\/wp\/v2\/users\/2"}],"replies":[{"embeddable":true,"href":"https:\/\/www.forum-soegel.de\/information\/wp-json\/wp\/v2\/comments?post=31566"}],"version-history":[{"count":1,"href":"https:\/\/www.forum-soegel.de\/information\/wp-json\/wp\/v2\/posts\/31566\/revisions"}],"predecessor-version":[{"id":31568,"href":"https:\/\/www.forum-soegel.de\/information\/wp-json\/wp\/v2\/posts\/31566\/revisions\/31568"}],"wp:attachment":[{"href":"https:\/\/www.forum-soegel.de\/information\/wp-json\/wp\/v2\/media?parent=31566"}],"wp:term":[{"taxonomy":"category","embeddable":true,"href":"https:\/\/www.forum-soegel.de\/information\/wp-json\/wp\/v2\/categories?post=31566"},{"taxonomy":"post_tag","embeddable":true,"href":"https:\/\/www.forum-soegel.de\/information\/wp-json\/wp\/v2\/tags?post=31566"}],"curies":[{"name":"wp","href":"https:\/\/api.w.org\/{rel}","templated":true}]}}