{"id":31557,"date":"2021-12-01T11:06:34","date_gmt":"2021-12-01T10:06:34","guid":{"rendered":"https:\/\/www.forum-soegel.de\/information\/?p=31557"},"modified":"2021-12-01T11:06:34","modified_gmt":"2021-12-01T10:06:34","slug":"gruenderpreis-nordwest-fuer-vater-und-sohn-aus-dem-emsland","status":"publish","type":"post","link":"https:\/\/www.forum-soegel.de\/information\/2021\/12\/gruenderpreis-nordwest-fuer-vater-und-sohn-aus-dem-emsland\/","title":{"rendered":"Gr\u00fcnderpreis Nordwest f\u00fcr Vater und Sohn aus dem Emsland"},"content":{"rendered":"\n<p>S\u00f6gel &#8211; Alexander und Sergej Klassen, Vater und Sohn aus S\u00f6gel, haben in diesen Tagen den Gr\u00fcnderpreis Nordwest im Innovationscenter des Technologiekonzerns Rosen in Lingen aus den H\u00e4nden der Schirmherrin Gitta Connemann erhalten. Sie freuten sich \u00fcber den mit 2500 Euro dotierten Preis. Connemann: \u201eEine Erfolgsgeschichte von Vater und Sohn aus dem Emsland f\u00fchrte zum ersten Platz.\u201c F\u00fcr den Gr\u00fcnderpreis beworben hatten sich insgesamt 86 Firmen.<\/p>\n\n\n\n<p>Herausgeber des Gr\u00fcnderpreises ist der Unternehmensberater J\u00fcrgen Br\u00fcna aus dem ostfriesischen Rhauderfehn. Mit der Preisverleihung verbunden ist eine Auszeichnung f\u00fcr erfolgreiche Firmengr\u00fcndungen und besondere Leistungen bei der Entwicklung von tragf\u00e4higen Gesch\u00e4ftsideen.<\/p>\n\n\n\n<p>Alexander und Sergej Klassen haben ihr Unternehmen im Jahr 2017 unter dem Namen \u201eSKA SPS-Technik\u201c gegr\u00fcndet. Das Unternehmen befasst sich mit der Entwicklung, Konstruktion und Herstellung von elektronischen Steuerungen f\u00fcr Baumaschinen, Produktionsanlagen und Prozessautomatisierung mit Robotik. Ein weiteres Standbein ist der Vertrieb von Stromspeichersystemen.<\/p>\n\n\n\n<p>In der Laudatio wurde gew\u00fcrdigt, dass das Duo, welches vor vier Jahren anfing, inzwischen 15 Besch\u00e4ftigte hat. Eine \u201ehervorragende Entwicklung, ein stimmiges Gesamtkonzept und die empathische Art der Gr\u00fcnder\u201c, fasste der Laudator zusammen. Auch Samtgemeindeb\u00fcrgermeister G\u00fcnter Wigbers gratulierte ganz herzlich zu der erfolgreichen Platzierung. \u201eDie vorbildlich gef\u00fchrte Firma mit hoher Innovationskraft ist ein Gewinn f\u00fcr unsere Region!\u201c<\/p>\n\n\n\n<p>Text\/Foto: Ingrid Cloppenburg<\/p>\n\n\n\n<figure class=\"wp-block-gallery columns-1 is-cropped wp-block-gallery-1 is-layout-flex wp-block-gallery-is-layout-flex\"><ul class=\"blocks-gallery-grid\"><li class=\"blocks-gallery-item\"><figure><a href=\"https:\/\/www.forum-soegel.de\/information\/wp-content\/uploads\/2021\/12\/Gruenderpreis-Nordwest-fuer-Vater-und-Sohn-aus-dem-Emsland-1.jpg\"><img loading=\"lazy\" decoding=\"async\" width=\"1024\" height=\"768\" src=\"https:\/\/www.forum-soegel.de\/information\/wp-content\/uploads\/2021\/12\/Gruenderpreis-Nordwest-fuer-Vater-und-Sohn-aus-dem-Emsland-1.jpg\" alt=\"\" data-id=\"31558\" data-full-url=\"https:\/\/www.forum-soegel.de\/information\/wp-content\/uploads\/2021\/12\/Gruenderpreis-Nordwest-fuer-Vater-und-Sohn-aus-dem-Emsland-1.jpg\" data-link=\"https:\/\/www.forum-soegel.de\/information\/?attachment_id=31558\" class=\"wp-image-31558\" srcset=\"https:\/\/www.forum-soegel.de\/information\/wp-content\/uploads\/2021\/12\/Gruenderpreis-Nordwest-fuer-Vater-und-Sohn-aus-dem-Emsland-1.jpg 1024w, https:\/\/www.forum-soegel.de\/information\/wp-content\/uploads\/2021\/12\/Gruenderpreis-Nordwest-fuer-Vater-und-Sohn-aus-dem-Emsland-1-300x225.jpg 300w, https:\/\/www.forum-soegel.de\/information\/wp-content\/uploads\/2021\/12\/Gruenderpreis-Nordwest-fuer-Vater-und-Sohn-aus-dem-Emsland-1-768x576.jpg 768w\" sizes=\"auto, (max-width: 1024px) 100vw, 1024px\" \/><\/a><\/figure><\/li><\/ul><\/figure>\n","protected":false},"excerpt":{"rendered":"S\u00f6gel &#8211; Alexander und Sergej Klassen, Vater und Sohn aus S\u00f6gel, haben in diesen Tagen den Gr\u00fcnderpreis Nordwest im Innovationscenter des Technologiekonzerns Rosen in Lingen aus den H\u00e4nden der Schirmherrin Gitta Connemann erhalten. Sie freuten sich \u00fcber den mit 2500 Euro dotierten Preis. Connemann: \u201eEine Erfolgsgeschichte von Vater und Sohn aus dem Emsland f\u00fchrte zum [&hellip;]\n","protected":false},"author":2,"featured_media":0,"comment_status":"closed","ping_status":"closed","sticky":false,"template":"","format":"standard","meta":{"ngg_post_thumbnail":0,"footnotes":""},"categories":[4],"tags":[],"class_list":["post-31557","post","type-post","status-publish","format-standard","hentry","category-aus-der-geschaftswelt"],"_links":{"self":[{"href":"https:\/\/www.forum-soegel.de\/information\/wp-json\/wp\/v2\/posts\/31557","targetHints":{"allow":["GET"]}}],"collection":[{"href":"https:\/\/www.forum-soegel.de\/information\/wp-json\/wp\/v2\/posts"}],"about":[{"href":"https:\/\/www.forum-soegel.de\/information\/wp-json\/wp\/v2\/types\/post"}],"author":[{"embeddable":true,"href":"https:\/\/www.forum-soegel.de\/information\/wp-json\/wp\/v2\/users\/2"}],"replies":[{"embeddable":true,"href":"https:\/\/www.forum-soegel.de\/information\/wp-json\/wp\/v2\/comments?post=31557"}],"version-history":[{"count":1,"href":"https:\/\/www.forum-soegel.de\/information\/wp-json\/wp\/v2\/posts\/31557\/revisions"}],"predecessor-version":[{"id":31559,"href":"https:\/\/www.forum-soegel.de\/information\/wp-json\/wp\/v2\/posts\/31557\/revisions\/31559"}],"wp:attachment":[{"href":"https:\/\/www.forum-soegel.de\/information\/wp-json\/wp\/v2\/media?parent=31557"}],"wp:term":[{"taxonomy":"category","embeddable":true,"href":"https:\/\/www.forum-soegel.de\/information\/wp-json\/wp\/v2\/categories?post=31557"},{"taxonomy":"post_tag","embeddable":true,"href":"https:\/\/www.forum-soegel.de\/information\/wp-json\/wp\/v2\/tags?post=31557"}],"curies":[{"name":"wp","href":"https:\/\/api.w.org\/{rel}","templated":true}]}}