{"id":31544,"date":"2021-12-01T11:02:36","date_gmt":"2021-12-01T10:02:36","guid":{"rendered":"https:\/\/www.forum-soegel.de\/information\/?p=31544"},"modified":"2021-12-01T11:02:36","modified_gmt":"2021-12-01T10:02:36","slug":"pfarrer-juergen-krallmann-und-pastorale-koordinatorin-maria-thuenemann-feierlich-eingefuehrt","status":"publish","type":"post","link":"https:\/\/www.forum-soegel.de\/information\/2021\/12\/pfarrer-juergen-krallmann-und-pastorale-koordinatorin-maria-thuenemann-feierlich-eingefuehrt\/","title":{"rendered":"Pfarrer J\u00fcrgen Krallmann und Pastorale Koordinatorin Maria Th\u00fcnemann feierlich eingef\u00fchrt"},"content":{"rendered":"\n<p>S\u00f6gel &#8211; Mit einem feierlichen Gottesdienst in der St. Jakobus-Kirche in S\u00f6gel und anschlie\u00dfendem Empfang im Gemeindezentrum wurden Pfarrer J\u00fcrgen Krallmann und die Pastorale Koordinatorin Maria Th\u00fcnemann von Dechant Franz-Bernhard Lanvermeyer in ihre Dienste im Pfarrverbund S\u00f6gel eingef\u00fchrt.<\/p>\n\n\n\n<p>Viele Priester, Messdiener und Bannerabordnungen geleiteten sie in das von den Blumenschm\u00fcckerinnen sch\u00f6n dekorierte Gotteshaus, wo Pfarrgemeinderatsvorsitzende Dagmar Meyer sie im Namen aller kirchlichen Gremien herzlich willkommen hie\u00df. Sie \u00fcberreichte Pfarrer Krallmann die Schl\u00fcssel f\u00fcr die Kirche und das Pfarrhaus. Dem schlossen sich die&nbsp; Kirchenvorsteher der sechs Kirchengemeinden an. Nachdem Dechant Lanvermeyer die bisch\u00f6flichen Ernennungsurkunden vorgelesen hatte, \u00fcbergab er dem neuen Pfarrer Priestersitz, Ambo, Altar und Evangeliar. Am Taufbrunnen wurden ihm die Taufschale und die Taufkanne von der Familie Jansen-Meiners und ihrem frisch getauften Kind Josephine \u00fcberreicht, und Erstkommunionkind Justus Kla\u00df \u00fcberbrachte dem neuen Pfarrer die Beichtstola.<\/p>\n\n\n\n<p>\u201eDa bin ich wieder\u201c, sagte Pfarrer J\u00fcrgen Krallmann in seiner Begr\u00fc\u00dfung und erntete gleich Applaus. Schlie\u00dflich war er hier bereits von 2011 \u2013 2014 als Kaplan t\u00e4tig gewesen. Der in 2007 von Bischof Franz Josef Bode zum Priester geweihte J\u00fcrgen Krallmann ist geb\u00fcrtiger Kluser und war zuletzt sieben Jahre Pfarrer in der Pfarreiengemeinschaft Freren. \u201eIn Freren bin ich sehr gerne gewesen, doch jetzt freue ich mich aber auch, als Pfarrer wieder hier zu sein und auf die Zusammenarbeit mit dem hauptamtlichen Team und mit Ihnen allen, die in und f\u00fcr Kirche hier arbeiten\u201c, so Krallmann.<\/p>\n\n\n\n<p>Die 51j\u00e4hrige Maria Th\u00fcnemann aus Hasel\u00fcnne-Lehrte ist verheiratet und Mutter von zwei Kindern. Sie war in den letzten sechs Jahren Gemeindereferentin in der Pfarreiengemeinschaft Miteinander in L\u00e4hden.&nbsp; \u201eSeit 2015 gibt es das Projekt der Pastoralen Koordination im Bistum Osnabr\u00fcck und bedeutet, dass der Pfarrer einen Teil seiner Verantwortung mit einem Tandempartner teilt, um seelsorgliche Pfarrr\u00e4ume zu erhalten. Ein Schwerpunkt der Arbeit liegt dabei auf die stets wachsenden Kindertageseinrichtungen\u201c, erkl\u00e4rte sie der Gemeinde.<\/p>\n\n\n\n<p>G\u00fcnter Wigbers \u00fcbermittelte die guten W\u00fcnsche der politischen Gemeinden als letzte Amtshandlung in seiner Funktion als Samtgemeindeb\u00fcrgermeister und sagte: \u201eIch pers\u00f6nlich habe den allergr\u00f6\u00dften Respekt vor dem Amt eines Priesters, der gerade in der jetzigen Situation der Kirche \u00fcberhaupt vor immer gr\u00f6\u00dferen Herausforderungen steht\u201c. Er bedankte sich noch bei Pfarrer Bernhard Horstmann f\u00fcr die langj\u00e4hrige Zusammenarbeit. F\u00fcr die evangelische Kirchengemeinde w\u00fcnschte Pastor Matthias Voss den beiden einen guten Start in die neuen Aufgaben und unterstrich dabei noch einmal den Teamgedanken in der Leitungsverantwortung. \u201eIch freue mich auf euch und bin sehr gerne mal bereit, in eurem Team dabei zu sein und mitzuhelfen\u201c.<\/p>\n\n\n\n<p>Musikalisch umrahmt wurde der Gottesdienst vom Kirchenchor S\u00f6gel und den Solo-Trompetern Hans und Alex Hanekamp unter der Leitung von Dekanatskirchenmusiker J\u00f6rg Christian Freese. Die Kolpingkapelle brachte den \u201eNeuen\u201c auf dem Jakobusplatz ein Willkommensst\u00e4ndchen. Der von den kirchlichen Gremien gebundene wundersch\u00f6ne Kranz fand im Anschluss an den Gottesdienst seinen Platz an der Eingangst\u00fcr zum Pfarrhaus. Auch in den anderen sechs Pfarrgemeinden stellten sich J\u00fcrgen Krallmann und Maria Th\u00fcnemann in den Festgottesdiensten vor und wurden herzlich empfangen.<\/p>\n\n\n\n<p>Text\/Foto: Gisela Arling<\/p>\n\n\n\n<figure class=\"wp-block-image size-full\"><a href=\"https:\/\/www.forum-soegel.de\/information\/wp-content\/uploads\/2021\/12\/Pfarrer-Juergen-Krallmann-und-Pastorale-Koordinatorin-Maria-Thuenemann-feierlich-eingefuehrt-4.jpg\"><img loading=\"lazy\" decoding=\"async\" width=\"1024\" height=\"413\" src=\"https:\/\/www.forum-soegel.de\/information\/wp-content\/uploads\/2021\/12\/Pfarrer-Juergen-Krallmann-und-Pastorale-Koordinatorin-Maria-Thuenemann-feierlich-eingefuehrt-4.jpg\" alt=\"\" class=\"wp-image-31546\" srcset=\"https:\/\/www.forum-soegel.de\/information\/wp-content\/uploads\/2021\/12\/Pfarrer-Juergen-Krallmann-und-Pastorale-Koordinatorin-Maria-Thuenemann-feierlich-eingefuehrt-4.jpg 1024w, https:\/\/www.forum-soegel.de\/information\/wp-content\/uploads\/2021\/12\/Pfarrer-Juergen-Krallmann-und-Pastorale-Koordinatorin-Maria-Thuenemann-feierlich-eingefuehrt-4-300x121.jpg 300w, https:\/\/www.forum-soegel.de\/information\/wp-content\/uploads\/2021\/12\/Pfarrer-Juergen-Krallmann-und-Pastorale-Koordinatorin-Maria-Thuenemann-feierlich-eingefuehrt-4-768x310.jpg 768w\" sizes=\"auto, (max-width: 1024px) 100vw, 1024px\" \/><\/a><figcaption>Viele Priester<br>v. li.: Pater Franz Beer, Pater Andrews Francis CM, Dechant Franz Bernhard Lanvermeyer, Pastorale Koordianatorin Maria Th\u00fcnemann, Pfarrer J\u00fcrgen Krallmann, Diakon Michael Musolf, Pastor Matthias Voss, Pater Alois Dreyer und Pater Edmund Kesenheimer.<\/figcaption><\/figure>\n\n\n\n<figure class=\"wp-block-gallery columns-3 is-cropped wp-block-gallery-1 is-layout-flex wp-block-gallery-is-layout-flex\"><ul class=\"blocks-gallery-grid\"><li class=\"blocks-gallery-item\"><figure><a href=\"https:\/\/www.forum-soegel.de\/information\/wp-content\/uploads\/2021\/12\/Pfarrer-Juergen-Krallmann-und-Pastorale-Koordinatorin-Maria-Thuenemann-feierlich-eingefuehrt-7.jpg\"><img loading=\"lazy\" decoding=\"async\" width=\"1024\" height=\"589\" src=\"https:\/\/www.forum-soegel.de\/information\/wp-content\/uploads\/2021\/12\/Pfarrer-Juergen-Krallmann-und-Pastorale-Koordinatorin-Maria-Thuenemann-feierlich-eingefuehrt-7.jpg\" alt=\"\" data-id=\"31547\" data-full-url=\"https:\/\/www.forum-soegel.de\/information\/wp-content\/uploads\/2021\/12\/Pfarrer-Juergen-Krallmann-und-Pastorale-Koordinatorin-Maria-Thuenemann-feierlich-eingefuehrt-7.jpg\" data-link=\"https:\/\/www.forum-soegel.de\/information\/?attachment_id=31547\" class=\"wp-image-31547\" srcset=\"https:\/\/www.forum-soegel.de\/information\/wp-content\/uploads\/2021\/12\/Pfarrer-Juergen-Krallmann-und-Pastorale-Koordinatorin-Maria-Thuenemann-feierlich-eingefuehrt-7.jpg 1024w, https:\/\/www.forum-soegel.de\/information\/wp-content\/uploads\/2021\/12\/Pfarrer-Juergen-Krallmann-und-Pastorale-Koordinatorin-Maria-Thuenemann-feierlich-eingefuehrt-7-300x173.jpg 300w, https:\/\/www.forum-soegel.de\/information\/wp-content\/uploads\/2021\/12\/Pfarrer-Juergen-Krallmann-und-Pastorale-Koordinatorin-Maria-Thuenemann-feierlich-eingefuehrt-7-768x442.jpg 768w\" sizes=\"auto, (max-width: 1024px) 100vw, 1024px\" \/><\/a><\/figure><\/li><li class=\"blocks-gallery-item\"><figure><a href=\"https:\/\/www.forum-soegel.de\/information\/wp-content\/uploads\/2021\/12\/Pfarrer-Juergen-Krallmann-und-Pastorale-Koordinatorin-Maria-Thuenemann-feierlich-eingefuehrt-1-1.jpg\"><img loading=\"lazy\" decoding=\"async\" width=\"1024\" height=\"599\" src=\"https:\/\/www.forum-soegel.de\/information\/wp-content\/uploads\/2021\/12\/Pfarrer-Juergen-Krallmann-und-Pastorale-Koordinatorin-Maria-Thuenemann-feierlich-eingefuehrt-1-1.jpg\" alt=\"\" data-id=\"31548\" data-full-url=\"https:\/\/www.forum-soegel.de\/information\/wp-content\/uploads\/2021\/12\/Pfarrer-Juergen-Krallmann-und-Pastorale-Koordinatorin-Maria-Thuenemann-feierlich-eingefuehrt-1-1.jpg\" data-link=\"https:\/\/www.forum-soegel.de\/information\/?attachment_id=31548\" class=\"wp-image-31548\" srcset=\"https:\/\/www.forum-soegel.de\/information\/wp-content\/uploads\/2021\/12\/Pfarrer-Juergen-Krallmann-und-Pastorale-Koordinatorin-Maria-Thuenemann-feierlich-eingefuehrt-1-1.jpg 1024w, https:\/\/www.forum-soegel.de\/information\/wp-content\/uploads\/2021\/12\/Pfarrer-Juergen-Krallmann-und-Pastorale-Koordinatorin-Maria-Thuenemann-feierlich-eingefuehrt-1-1-300x175.jpg 300w, https:\/\/www.forum-soegel.de\/information\/wp-content\/uploads\/2021\/12\/Pfarrer-Juergen-Krallmann-und-Pastorale-Koordinatorin-Maria-Thuenemann-feierlich-eingefuehrt-1-1-768x449.jpg 768w\" sizes=\"auto, (max-width: 1024px) 100vw, 1024px\" \/><\/a><\/figure><\/li><li class=\"blocks-gallery-item\"><figure><a href=\"https:\/\/www.forum-soegel.de\/information\/wp-content\/uploads\/2021\/12\/Pfarrer-Juergen-Krallmann-und-Pastorale-Koordinatorin-Maria-Thuenemann-feierlich-eingefuehrt-2.jpg\"><img loading=\"lazy\" decoding=\"async\" width=\"1024\" height=\"768\" src=\"https:\/\/www.forum-soegel.de\/information\/wp-content\/uploads\/2021\/12\/Pfarrer-Juergen-Krallmann-und-Pastorale-Koordinatorin-Maria-Thuenemann-feierlich-eingefuehrt-2.jpg\" alt=\"\" data-id=\"31549\" data-full-url=\"https:\/\/www.forum-soegel.de\/information\/wp-content\/uploads\/2021\/12\/Pfarrer-Juergen-Krallmann-und-Pastorale-Koordinatorin-Maria-Thuenemann-feierlich-eingefuehrt-2.jpg\" data-link=\"https:\/\/www.forum-soegel.de\/information\/?attachment_id=31549\" class=\"wp-image-31549\" srcset=\"https:\/\/www.forum-soegel.de\/information\/wp-content\/uploads\/2021\/12\/Pfarrer-Juergen-Krallmann-und-Pastorale-Koordinatorin-Maria-Thuenemann-feierlich-eingefuehrt-2.jpg 1024w, https:\/\/www.forum-soegel.de\/information\/wp-content\/uploads\/2021\/12\/Pfarrer-Juergen-Krallmann-und-Pastorale-Koordinatorin-Maria-Thuenemann-feierlich-eingefuehrt-2-300x225.jpg 300w, https:\/\/www.forum-soegel.de\/information\/wp-content\/uploads\/2021\/12\/Pfarrer-Juergen-Krallmann-und-Pastorale-Koordinatorin-Maria-Thuenemann-feierlich-eingefuehrt-2-768x576.jpg 768w\" sizes=\"auto, (max-width: 1024px) 100vw, 1024px\" \/><\/a><\/figure><\/li><li class=\"blocks-gallery-item\"><figure><a href=\"https:\/\/www.forum-soegel.de\/information\/wp-content\/uploads\/2021\/12\/Pfarrer-Juergen-Krallmann-und-Pastorale-Koordinatorin-Maria-Thuenemann-feierlich-eingefuehrt-3.jpg\"><img loading=\"lazy\" decoding=\"async\" width=\"1024\" height=\"768\" src=\"https:\/\/www.forum-soegel.de\/information\/wp-content\/uploads\/2021\/12\/Pfarrer-Juergen-Krallmann-und-Pastorale-Koordinatorin-Maria-Thuenemann-feierlich-eingefuehrt-3.jpg\" alt=\"\" data-id=\"31550\" data-full-url=\"https:\/\/www.forum-soegel.de\/information\/wp-content\/uploads\/2021\/12\/Pfarrer-Juergen-Krallmann-und-Pastorale-Koordinatorin-Maria-Thuenemann-feierlich-eingefuehrt-3.jpg\" data-link=\"https:\/\/www.forum-soegel.de\/information\/?attachment_id=31550\" class=\"wp-image-31550\" srcset=\"https:\/\/www.forum-soegel.de\/information\/wp-content\/uploads\/2021\/12\/Pfarrer-Juergen-Krallmann-und-Pastorale-Koordinatorin-Maria-Thuenemann-feierlich-eingefuehrt-3.jpg 1024w, https:\/\/www.forum-soegel.de\/information\/wp-content\/uploads\/2021\/12\/Pfarrer-Juergen-Krallmann-und-Pastorale-Koordinatorin-Maria-Thuenemann-feierlich-eingefuehrt-3-300x225.jpg 300w, https:\/\/www.forum-soegel.de\/information\/wp-content\/uploads\/2021\/12\/Pfarrer-Juergen-Krallmann-und-Pastorale-Koordinatorin-Maria-Thuenemann-feierlich-eingefuehrt-3-768x576.jpg 768w\" sizes=\"auto, (max-width: 1024px) 100vw, 1024px\" \/><\/a><\/figure><\/li><li class=\"blocks-gallery-item\"><figure><a href=\"https:\/\/www.forum-soegel.de\/information\/wp-content\/uploads\/2021\/12\/Pfarrer-Juergen-Krallmann-und-Pastorale-Koordinatorin-Maria-Thuenemann-feierlich-eingefuehrt-5.jpg\"><img loading=\"lazy\" decoding=\"async\" width=\"1024\" height=\"604\" src=\"https:\/\/www.forum-soegel.de\/information\/wp-content\/uploads\/2021\/12\/Pfarrer-Juergen-Krallmann-und-Pastorale-Koordinatorin-Maria-Thuenemann-feierlich-eingefuehrt-5.jpg\" alt=\"\" data-id=\"31551\" data-full-url=\"https:\/\/www.forum-soegel.de\/information\/wp-content\/uploads\/2021\/12\/Pfarrer-Juergen-Krallmann-und-Pastorale-Koordinatorin-Maria-Thuenemann-feierlich-eingefuehrt-5.jpg\" data-link=\"https:\/\/www.forum-soegel.de\/information\/?attachment_id=31551\" class=\"wp-image-31551\" srcset=\"https:\/\/www.forum-soegel.de\/information\/wp-content\/uploads\/2021\/12\/Pfarrer-Juergen-Krallmann-und-Pastorale-Koordinatorin-Maria-Thuenemann-feierlich-eingefuehrt-5.jpg 1024w, https:\/\/www.forum-soegel.de\/information\/wp-content\/uploads\/2021\/12\/Pfarrer-Juergen-Krallmann-und-Pastorale-Koordinatorin-Maria-Thuenemann-feierlich-eingefuehrt-5-300x177.jpg 300w, https:\/\/www.forum-soegel.de\/information\/wp-content\/uploads\/2021\/12\/Pfarrer-Juergen-Krallmann-und-Pastorale-Koordinatorin-Maria-Thuenemann-feierlich-eingefuehrt-5-768x453.jpg 768w\" sizes=\"auto, (max-width: 1024px) 100vw, 1024px\" \/><\/a><\/figure><\/li><li class=\"blocks-gallery-item\"><figure><a href=\"https:\/\/www.forum-soegel.de\/information\/wp-content\/uploads\/2021\/12\/Pfarrer-Juergen-Krallmann-und-Pastorale-Koordinatorin-Maria-Thuenemann-feierlich-eingefuehrt-6.jpg\"><img loading=\"lazy\" decoding=\"async\" width=\"1024\" height=\"548\" src=\"https:\/\/www.forum-soegel.de\/information\/wp-content\/uploads\/2021\/12\/Pfarrer-Juergen-Krallmann-und-Pastorale-Koordinatorin-Maria-Thuenemann-feierlich-eingefuehrt-6.jpg\" alt=\"\" data-id=\"31552\" data-full-url=\"https:\/\/www.forum-soegel.de\/information\/wp-content\/uploads\/2021\/12\/Pfarrer-Juergen-Krallmann-und-Pastorale-Koordinatorin-Maria-Thuenemann-feierlich-eingefuehrt-6.jpg\" data-link=\"https:\/\/www.forum-soegel.de\/information\/?attachment_id=31552\" class=\"wp-image-31552\" srcset=\"https:\/\/www.forum-soegel.de\/information\/wp-content\/uploads\/2021\/12\/Pfarrer-Juergen-Krallmann-und-Pastorale-Koordinatorin-Maria-Thuenemann-feierlich-eingefuehrt-6.jpg 1024w, https:\/\/www.forum-soegel.de\/information\/wp-content\/uploads\/2021\/12\/Pfarrer-Juergen-Krallmann-und-Pastorale-Koordinatorin-Maria-Thuenemann-feierlich-eingefuehrt-6-300x161.jpg 300w, https:\/\/www.forum-soegel.de\/information\/wp-content\/uploads\/2021\/12\/Pfarrer-Juergen-Krallmann-und-Pastorale-Koordinatorin-Maria-Thuenemann-feierlich-eingefuehrt-6-768x411.jpg 768w\" sizes=\"auto, (max-width: 1024px) 100vw, 1024px\" \/><\/a><\/figure><\/li><\/ul><\/figure>\n","protected":false},"excerpt":{"rendered":"S\u00f6gel &#8211; Mit einem feierlichen Gottesdienst in der St. Jakobus-Kirche in S\u00f6gel und anschlie\u00dfendem Empfang im Gemeindezentrum wurden Pfarrer J\u00fcrgen Krallmann und die Pastorale Koordinatorin Maria Th\u00fcnemann von Dechant Franz-Bernhard Lanvermeyer in ihre Dienste im Pfarrverbund S\u00f6gel eingef\u00fchrt. Viele Priester, Messdiener und Bannerabordnungen geleiteten sie in das von den Blumenschm\u00fcckerinnen sch\u00f6n dekorierte Gotteshaus, wo Pfarrgemeinderatsvorsitzende [&hellip;]\n","protected":false},"author":2,"featured_media":0,"comment_status":"closed","ping_status":"closed","sticky":false,"template":"","format":"standard","meta":{"ngg_post_thumbnail":0,"footnotes":""},"categories":[868],"tags":[],"class_list":["post-31544","post","type-post","status-publish","format-standard","hentry","category-zwischen-himmel-und-erde"],"_links":{"self":[{"href":"https:\/\/www.forum-soegel.de\/information\/wp-json\/wp\/v2\/posts\/31544","targetHints":{"allow":["GET"]}}],"collection":[{"href":"https:\/\/www.forum-soegel.de\/information\/wp-json\/wp\/v2\/posts"}],"about":[{"href":"https:\/\/www.forum-soegel.de\/information\/wp-json\/wp\/v2\/types\/post"}],"author":[{"embeddable":true,"href":"https:\/\/www.forum-soegel.de\/information\/wp-json\/wp\/v2\/users\/2"}],"replies":[{"embeddable":true,"href":"https:\/\/www.forum-soegel.de\/information\/wp-json\/wp\/v2\/comments?post=31544"}],"version-history":[{"count":1,"href":"https:\/\/www.forum-soegel.de\/information\/wp-json\/wp\/v2\/posts\/31544\/revisions"}],"predecessor-version":[{"id":31553,"href":"https:\/\/www.forum-soegel.de\/information\/wp-json\/wp\/v2\/posts\/31544\/revisions\/31553"}],"wp:attachment":[{"href":"https:\/\/www.forum-soegel.de\/information\/wp-json\/wp\/v2\/media?parent=31544"}],"wp:term":[{"taxonomy":"category","embeddable":true,"href":"https:\/\/www.forum-soegel.de\/information\/wp-json\/wp\/v2\/categories?post=31544"},{"taxonomy":"post_tag","embeddable":true,"href":"https:\/\/www.forum-soegel.de\/information\/wp-json\/wp\/v2\/tags?post=31544"}],"curies":[{"name":"wp","href":"https:\/\/api.w.org\/{rel}","templated":true}]}}