{"id":31539,"date":"2021-12-01T10:58:25","date_gmt":"2021-12-01T09:58:25","guid":{"rendered":"https:\/\/www.forum-soegel.de\/information\/?p=31539"},"modified":"2021-12-01T10:58:25","modified_gmt":"2021-12-01T09:58:25","slug":"mini-sportabzeichen-in-der-kita-sonnenhuegel","status":"publish","type":"post","link":"https:\/\/www.forum-soegel.de\/information\/2021\/12\/mini-sportabzeichen-in-der-kita-sonnenhuegel\/","title":{"rendered":"Mini-Sportabzeichen in der Kita Sonnenh\u00fcgel"},"content":{"rendered":"\n<p>S\u00f6gel &#8211; Die Kinder der Kita Sonnenh\u00fcgel in S\u00f6gel haben am 08.10.2021 mit viel Begeisterung ihr Mini-Sportabzeichen absolviert. Sie durften gemeinsam mit den Handpuppen \u201eHoppel und B\u00fcrste\u201c die verschiedenen Stationen bew\u00e4ltigen und hatten sehr viel Spa\u00df dabei. Als Belohnung haben sie eine Urkunde und ein B\u00fcgelabzeichen bekommen. Diese Aktion wurde im Rahmen des Bewegungspasses angeboten. So konnten die Kinder noch einen zus\u00e4tzlichen Stempel f\u00fcr den Pass sammeln. Lukas Robben (BFD) und Laura Tapken (GPS und Bess \u2013 Projekt) vom KSB Emsland begleiteten die Kinder durch die sechs Stationen. Waltraud Meyer (Kita Leitung) berichtet: \u201eGanz besonders gut angekommen ist das Balancier Paradies. Die Kinder und unsere Kolleginnen hatten alle viel Spa\u00df bei der Veranstaltung.\u201c<\/p>\n\n\n\n<p>Text\/Foto: Waltraud Meyer<\/p>\n\n\n\n<figure class=\"wp-block-gallery columns-2 is-cropped wp-block-gallery-1 is-layout-flex wp-block-gallery-is-layout-flex\"><ul class=\"blocks-gallery-grid\"><li class=\"blocks-gallery-item\"><figure><a href=\"https:\/\/www.forum-soegel.de\/information\/wp-content\/uploads\/2021\/12\/Mini-Sportabzeichen-in-der-Kita-Sonnenhuegel-3.jpg\"><img loading=\"lazy\" decoding=\"async\" width=\"1024\" height=\"768\" src=\"https:\/\/www.forum-soegel.de\/information\/wp-content\/uploads\/2021\/12\/Mini-Sportabzeichen-in-der-Kita-Sonnenhuegel-3.jpg\" alt=\"\" data-id=\"31540\" data-full-url=\"https:\/\/www.forum-soegel.de\/information\/wp-content\/uploads\/2021\/12\/Mini-Sportabzeichen-in-der-Kita-Sonnenhuegel-3.jpg\" data-link=\"https:\/\/www.forum-soegel.de\/information\/?attachment_id=31540\" class=\"wp-image-31540\" srcset=\"https:\/\/www.forum-soegel.de\/information\/wp-content\/uploads\/2021\/12\/Mini-Sportabzeichen-in-der-Kita-Sonnenhuegel-3.jpg 1024w, https:\/\/www.forum-soegel.de\/information\/wp-content\/uploads\/2021\/12\/Mini-Sportabzeichen-in-der-Kita-Sonnenhuegel-3-300x225.jpg 300w, https:\/\/www.forum-soegel.de\/information\/wp-content\/uploads\/2021\/12\/Mini-Sportabzeichen-in-der-Kita-Sonnenhuegel-3-768x576.jpg 768w\" sizes=\"auto, (max-width: 1024px) 100vw, 1024px\" \/><\/a><\/figure><\/li><li class=\"blocks-gallery-item\"><figure><a href=\"https:\/\/www.forum-soegel.de\/information\/wp-content\/uploads\/2021\/12\/Mini-Sportabzeichen-in-der-Kita-Sonnenhuegel-1.jpg\"><img loading=\"lazy\" decoding=\"async\" width=\"1024\" height=\"768\" src=\"https:\/\/www.forum-soegel.de\/information\/wp-content\/uploads\/2021\/12\/Mini-Sportabzeichen-in-der-Kita-Sonnenhuegel-1.jpg\" alt=\"\" data-id=\"31541\" data-full-url=\"https:\/\/www.forum-soegel.de\/information\/wp-content\/uploads\/2021\/12\/Mini-Sportabzeichen-in-der-Kita-Sonnenhuegel-1.jpg\" data-link=\"https:\/\/www.forum-soegel.de\/information\/?attachment_id=31541\" class=\"wp-image-31541\" srcset=\"https:\/\/www.forum-soegel.de\/information\/wp-content\/uploads\/2021\/12\/Mini-Sportabzeichen-in-der-Kita-Sonnenhuegel-1.jpg 1024w, https:\/\/www.forum-soegel.de\/information\/wp-content\/uploads\/2021\/12\/Mini-Sportabzeichen-in-der-Kita-Sonnenhuegel-1-300x225.jpg 300w, https:\/\/www.forum-soegel.de\/information\/wp-content\/uploads\/2021\/12\/Mini-Sportabzeichen-in-der-Kita-Sonnenhuegel-1-768x576.jpg 768w\" sizes=\"auto, (max-width: 1024px) 100vw, 1024px\" \/><\/a><\/figure><\/li><li class=\"blocks-gallery-item\"><figure><a href=\"https:\/\/www.forum-soegel.de\/information\/wp-content\/uploads\/2021\/12\/Mini-Sportabzeichen-in-der-Kita-Sonnenhuegel-2.jpg\"><img loading=\"lazy\" decoding=\"async\" width=\"1024\" height=\"768\" src=\"https:\/\/www.forum-soegel.de\/information\/wp-content\/uploads\/2021\/12\/Mini-Sportabzeichen-in-der-Kita-Sonnenhuegel-2.jpg\" alt=\"\" data-id=\"31542\" data-full-url=\"https:\/\/www.forum-soegel.de\/information\/wp-content\/uploads\/2021\/12\/Mini-Sportabzeichen-in-der-Kita-Sonnenhuegel-2.jpg\" data-link=\"https:\/\/www.forum-soegel.de\/information\/?attachment_id=31542\" class=\"wp-image-31542\" srcset=\"https:\/\/www.forum-soegel.de\/information\/wp-content\/uploads\/2021\/12\/Mini-Sportabzeichen-in-der-Kita-Sonnenhuegel-2.jpg 1024w, https:\/\/www.forum-soegel.de\/information\/wp-content\/uploads\/2021\/12\/Mini-Sportabzeichen-in-der-Kita-Sonnenhuegel-2-300x225.jpg 300w, https:\/\/www.forum-soegel.de\/information\/wp-content\/uploads\/2021\/12\/Mini-Sportabzeichen-in-der-Kita-Sonnenhuegel-2-768x576.jpg 768w\" sizes=\"auto, (max-width: 1024px) 100vw, 1024px\" \/><\/a><\/figure><\/li><\/ul><\/figure>\n","protected":false},"excerpt":{"rendered":"S\u00f6gel &#8211; Die Kinder der Kita Sonnenh\u00fcgel in S\u00f6gel haben am 08.10.2021 mit viel Begeisterung ihr Mini-Sportabzeichen absolviert. Sie durften gemeinsam mit den Handpuppen \u201eHoppel und B\u00fcrste\u201c die verschiedenen Stationen bew\u00e4ltigen und hatten sehr viel Spa\u00df dabei. Als Belohnung haben sie eine Urkunde und ein B\u00fcgelabzeichen bekommen. Diese Aktion wurde im Rahmen des Bewegungspasses angeboten. [&hellip;]\n","protected":false},"author":2,"featured_media":0,"comment_status":"closed","ping_status":"closed","sticky":false,"template":"","format":"standard","meta":{"ngg_post_thumbnail":0,"footnotes":""},"categories":[868],"tags":[],"class_list":["post-31539","post","type-post","status-publish","format-standard","hentry","category-zwischen-himmel-und-erde"],"_links":{"self":[{"href":"https:\/\/www.forum-soegel.de\/information\/wp-json\/wp\/v2\/posts\/31539","targetHints":{"allow":["GET"]}}],"collection":[{"href":"https:\/\/www.forum-soegel.de\/information\/wp-json\/wp\/v2\/posts"}],"about":[{"href":"https:\/\/www.forum-soegel.de\/information\/wp-json\/wp\/v2\/types\/post"}],"author":[{"embeddable":true,"href":"https:\/\/www.forum-soegel.de\/information\/wp-json\/wp\/v2\/users\/2"}],"replies":[{"embeddable":true,"href":"https:\/\/www.forum-soegel.de\/information\/wp-json\/wp\/v2\/comments?post=31539"}],"version-history":[{"count":1,"href":"https:\/\/www.forum-soegel.de\/information\/wp-json\/wp\/v2\/posts\/31539\/revisions"}],"predecessor-version":[{"id":31543,"href":"https:\/\/www.forum-soegel.de\/information\/wp-json\/wp\/v2\/posts\/31539\/revisions\/31543"}],"wp:attachment":[{"href":"https:\/\/www.forum-soegel.de\/information\/wp-json\/wp\/v2\/media?parent=31539"}],"wp:term":[{"taxonomy":"category","embeddable":true,"href":"https:\/\/www.forum-soegel.de\/information\/wp-json\/wp\/v2\/categories?post=31539"},{"taxonomy":"post_tag","embeddable":true,"href":"https:\/\/www.forum-soegel.de\/information\/wp-json\/wp\/v2\/tags?post=31539"}],"curies":[{"name":"wp","href":"https:\/\/api.w.org\/{rel}","templated":true}]}}