{"id":31533,"date":"2021-12-01T10:55:56","date_gmt":"2021-12-01T09:55:56","guid":{"rendered":"https:\/\/www.forum-soegel.de\/information\/?p=31533"},"modified":"2021-12-01T10:55:56","modified_gmt":"2021-12-01T09:55:56","slug":"kirchencafe-in-stavern","status":"publish","type":"post","link":"https:\/\/www.forum-soegel.de\/information\/2021\/12\/kirchencafe-in-stavern\/","title":{"rendered":"Kirchencaf\u00e9 in Stavern"},"content":{"rendered":"\n<p>Stavern &#8211; In regelm\u00e4\u00dfigen Abst\u00e4nden findet nach den Gottesdiensten am Sonntag in Stavern ein Kirchencaf\u00e9 statt, bislang einzigartig im S\u00f6geler Pfarrverbund. Bis auf wenige Ausnahmen in den Wintermonaten k\u00fcmmern sich drei Teams, bestehend aus jeweils drei Frauen, um die Vorbereitungen. Diese feste Einrichtung wird von den Kirchenbesuchern gern in Anspruch genommen.<\/p>\n\n\n\n<p>Im Rahmen einer Zusammenkunft der Pfarrgemeinder\u00e4te des Pfarrverbundes S\u00f6gel im Jahre 2018 in H\u00fcven wurde dieses Projekt vorgestellt. Damit sollte erreicht werden, dass die Kirchenbesucher nach dem Gottesdienst noch ins Gespr\u00e4ch kommen und der ein oder andere \u201eKl\u00f6nschnack\u201c gehalten wird.<\/p>\n\n\n\n<p>Die Idee wurde in Stavern bei dem einen oder anderen Treffen vorgetragen und kurzerhand im Sommer 2019 umgesetzt. \u201eWir haben schnell gemerkt, dass dieses Angebot in Stavern gern angenommen wird\u201c, so die einhellige Aussage der Frauen, die von Anfang an dabei sind.<\/p>\n\n\n\n<p>In den Sommermonaten, wenn die Gottesdienste in der Weidenkirche neben der idyllische gelegenen Wasserm\u00fchle Bruneforth stattfinden, \u201e\u00f6ffnet\u201c das Kirchencaf\u00e9 alle vierzehn Tage.<\/p>\n\n\n\n<p>Dieses Projekt zeigt mal mehr, wie die Dorfgemeinschaft in der kleinen H\u00fcmmlinggemeinde Stavern gelebt wird.<\/p>\n\n\n\n<p>Text\/Foto: Gerd Rode<\/p>\n\n\n\n<figure class=\"wp-block-image size-full\"><a href=\"https:\/\/www.forum-soegel.de\/information\/wp-content\/uploads\/2021\/12\/Kirchencafe-in-Stavern-Cafe-1.jpg\"><img loading=\"lazy\" decoding=\"async\" width=\"1024\" height=\"739\" src=\"https:\/\/www.forum-soegel.de\/information\/wp-content\/uploads\/2021\/12\/Kirchencafe-in-Stavern-Cafe-1.jpg\" alt=\"\" class=\"wp-image-31534\" srcset=\"https:\/\/www.forum-soegel.de\/information\/wp-content\/uploads\/2021\/12\/Kirchencafe-in-Stavern-Cafe-1.jpg 1024w, https:\/\/www.forum-soegel.de\/information\/wp-content\/uploads\/2021\/12\/Kirchencafe-in-Stavern-Cafe-1-300x217.jpg 300w, https:\/\/www.forum-soegel.de\/information\/wp-content\/uploads\/2021\/12\/Kirchencafe-in-Stavern-Cafe-1-768x554.jpg 768w\" sizes=\"auto, (max-width: 1024px) 100vw, 1024px\" \/><\/a><figcaption>Die Teams des Kirchencaf\u00e9s mit Pater Francis beim letzten Treffen vor der Winterpause von links: Marlies Wotte, Rita Brunsen, Annelene Efken, Gertrud Gerdes, Maria Burgard, Monika Schepers, Marlies B\u00fcter und Petra B\u00fcter. Es fehlte Mechthild Schniederjans.<\/figcaption><\/figure>\n","protected":false},"excerpt":{"rendered":"Stavern &#8211; In regelm\u00e4\u00dfigen Abst\u00e4nden findet nach den Gottesdiensten am Sonntag in Stavern ein Kirchencaf\u00e9 statt, bislang einzigartig im S\u00f6geler Pfarrverbund. Bis auf wenige Ausnahmen in den Wintermonaten k\u00fcmmern sich drei Teams, bestehend aus jeweils drei Frauen, um die Vorbereitungen. Diese feste Einrichtung wird von den Kirchenbesuchern gern in Anspruch genommen. Im Rahmen einer Zusammenkunft [&hellip;]\n","protected":false},"author":2,"featured_media":0,"comment_status":"closed","ping_status":"closed","sticky":false,"template":"","format":"standard","meta":{"ngg_post_thumbnail":0,"footnotes":""},"categories":[868],"tags":[],"class_list":["post-31533","post","type-post","status-publish","format-standard","hentry","category-zwischen-himmel-und-erde"],"_links":{"self":[{"href":"https:\/\/www.forum-soegel.de\/information\/wp-json\/wp\/v2\/posts\/31533","targetHints":{"allow":["GET"]}}],"collection":[{"href":"https:\/\/www.forum-soegel.de\/information\/wp-json\/wp\/v2\/posts"}],"about":[{"href":"https:\/\/www.forum-soegel.de\/information\/wp-json\/wp\/v2\/types\/post"}],"author":[{"embeddable":true,"href":"https:\/\/www.forum-soegel.de\/information\/wp-json\/wp\/v2\/users\/2"}],"replies":[{"embeddable":true,"href":"https:\/\/www.forum-soegel.de\/information\/wp-json\/wp\/v2\/comments?post=31533"}],"version-history":[{"count":1,"href":"https:\/\/www.forum-soegel.de\/information\/wp-json\/wp\/v2\/posts\/31533\/revisions"}],"predecessor-version":[{"id":31535,"href":"https:\/\/www.forum-soegel.de\/information\/wp-json\/wp\/v2\/posts\/31533\/revisions\/31535"}],"wp:attachment":[{"href":"https:\/\/www.forum-soegel.de\/information\/wp-json\/wp\/v2\/media?parent=31533"}],"wp:term":[{"taxonomy":"category","embeddable":true,"href":"https:\/\/www.forum-soegel.de\/information\/wp-json\/wp\/v2\/categories?post=31533"},{"taxonomy":"post_tag","embeddable":true,"href":"https:\/\/www.forum-soegel.de\/information\/wp-json\/wp\/v2\/tags?post=31533"}],"curies":[{"name":"wp","href":"https:\/\/api.w.org\/{rel}","templated":true}]}}