{"id":31529,"date":"2021-12-01T10:53:10","date_gmt":"2021-12-01T09:53:10","guid":{"rendered":"https:\/\/www.forum-soegel.de\/information\/?p=31529"},"modified":"2021-12-01T10:53:10","modified_gmt":"2021-12-01T09:53:10","slug":"jahreshauptversammlung-der-landfrauen-berssen-stavern","status":"publish","type":"post","link":"https:\/\/www.forum-soegel.de\/information\/2021\/12\/jahreshauptversammlung-der-landfrauen-berssen-stavern\/","title":{"rendered":"Jahreshauptversammlung der Landfrauen Ber\u00dfen-Stavern"},"content":{"rendered":"\n<p>Stavern\/Ber\u00dfen &#8211; Am 23. September 2021 fand die Jahreshauptversammlung und Erntedankfeier auf Bruneforth in Stavern statt. Sie war ein voller Erfolg. Trotz Regens starteten die Landfrauen in der Weidenkirche. Zum Gl\u00fcck dauerte der des Regen nicht lange und die Versammlung konnte drau\u00dfen fortgef\u00fchrt werden. Es ergaben sich \u00c4nderungen im Vorstand:<\/p>\n\n\n\n<p>Zur 1. Vorsitzenden wurde Maria Deters (Stavern) und zur Kassenwartin Renate Klues (Klein Ber\u00dfen) gew\u00e4hlt. Neu im Vorstand d\u00fcrfen die Landfrauen Silvia Herbers (Klein Ber\u00dfen) und Sabine Kolisch (S\u00f6gel) begr\u00fc\u00dfen. Sie freuen sich auf eine tolle Vereinsarbeit! Au\u00dferdem wurden die Gewinnerinnen des Sonnenblumenwettbewerbs bekannt gegeben:<\/p>\n\n\n\n<p>1. Platz Lena Meyer (Gro\u00df Ber\u00dfen), H\u00f6he der Sonnenblume 3,70 m. Sie erhielt als Preis ein Vogelfutterhaus.<\/p>\n\n\n\n<p>2. Platz Annemarie Suren (Stavern), H\u00f6he der Sonnenblume 3,50 m. Sie erhielt als Preis einen Vogelnistkasten.<\/p>\n\n\n\n<p>3. Platz Martina Neef (Stavern), H\u00f6he der Sonnenblume 3,05 m. Sie erhielt als Preis ein Insektenhotel.<\/p>\n\n\n\n<p>Mit dem ersten Gl\u00fchwein des Jahres und Stockbrot lie\u00dfen die Landfrauen den Abend gem\u00fctlich ausklingen.<\/p>\n\n\n\n<p>Text\/Foto: Landfrauen<\/p>\n\n\n\n<figure class=\"wp-block-image size-full\"><a href=\"https:\/\/www.forum-soegel.de\/information\/wp-content\/uploads\/2021\/12\/Jahreshauptversammlung-der-LandFrauen-Berssen-Stavern-1-1.png\"><img loading=\"lazy\" decoding=\"async\" width=\"360\" height=\"640\" src=\"https:\/\/www.forum-soegel.de\/information\/wp-content\/uploads\/2021\/12\/Jahreshauptversammlung-der-LandFrauen-Berssen-Stavern-1-1.png\" alt=\"\" class=\"wp-image-31531\" srcset=\"https:\/\/www.forum-soegel.de\/information\/wp-content\/uploads\/2021\/12\/Jahreshauptversammlung-der-LandFrauen-Berssen-Stavern-1-1.png 360w, https:\/\/www.forum-soegel.de\/information\/wp-content\/uploads\/2021\/12\/Jahreshauptversammlung-der-LandFrauen-Berssen-Stavern-1-1-169x300.png 169w\" sizes=\"auto, (max-width: 360px) 100vw, 360px\" \/><\/a><\/figure>\n","protected":false},"excerpt":{"rendered":"Stavern\/Ber\u00dfen &#8211; Am 23. September 2021 fand die Jahreshauptversammlung und Erntedankfeier auf Bruneforth in Stavern statt. Sie war ein voller Erfolg. Trotz Regens starteten die Landfrauen in der Weidenkirche. Zum Gl\u00fcck dauerte der des Regen nicht lange und die Versammlung konnte drau\u00dfen fortgef\u00fchrt werden. Es ergaben sich \u00c4nderungen im Vorstand: Zur 1. Vorsitzenden wurde Maria [&hellip;]\n","protected":false},"author":2,"featured_media":0,"comment_status":"closed","ping_status":"closed","sticky":false,"template":"","format":"standard","meta":{"ngg_post_thumbnail":0,"footnotes":""},"categories":[868],"tags":[],"class_list":["post-31529","post","type-post","status-publish","format-standard","hentry","category-zwischen-himmel-und-erde"],"_links":{"self":[{"href":"https:\/\/www.forum-soegel.de\/information\/wp-json\/wp\/v2\/posts\/31529","targetHints":{"allow":["GET"]}}],"collection":[{"href":"https:\/\/www.forum-soegel.de\/information\/wp-json\/wp\/v2\/posts"}],"about":[{"href":"https:\/\/www.forum-soegel.de\/information\/wp-json\/wp\/v2\/types\/post"}],"author":[{"embeddable":true,"href":"https:\/\/www.forum-soegel.de\/information\/wp-json\/wp\/v2\/users\/2"}],"replies":[{"embeddable":true,"href":"https:\/\/www.forum-soegel.de\/information\/wp-json\/wp\/v2\/comments?post=31529"}],"version-history":[{"count":1,"href":"https:\/\/www.forum-soegel.de\/information\/wp-json\/wp\/v2\/posts\/31529\/revisions"}],"predecessor-version":[{"id":31532,"href":"https:\/\/www.forum-soegel.de\/information\/wp-json\/wp\/v2\/posts\/31529\/revisions\/31532"}],"wp:attachment":[{"href":"https:\/\/www.forum-soegel.de\/information\/wp-json\/wp\/v2\/media?parent=31529"}],"wp:term":[{"taxonomy":"category","embeddable":true,"href":"https:\/\/www.forum-soegel.de\/information\/wp-json\/wp\/v2\/categories?post=31529"},{"taxonomy":"post_tag","embeddable":true,"href":"https:\/\/www.forum-soegel.de\/information\/wp-json\/wp\/v2\/tags?post=31529"}],"curies":[{"name":"wp","href":"https:\/\/api.w.org\/{rel}","templated":true}]}}