{"id":31526,"date":"2021-12-01T10:50:38","date_gmt":"2021-12-01T09:50:38","guid":{"rendered":"https:\/\/www.forum-soegel.de\/information\/?p=31526"},"modified":"2021-12-01T10:50:38","modified_gmt":"2021-12-01T09:50:38","slug":"erweiterung-der-kita-in-gross-berssen-abgeschlossen","status":"publish","type":"post","link":"https:\/\/www.forum-soegel.de\/information\/2021\/12\/erweiterung-der-kita-in-gross-berssen-abgeschlossen\/","title":{"rendered":"Erweiterung der Kita in Gro\u00df Ber\u00dfen abgeschlossen"},"content":{"rendered":"\n<p>Gro\u00df Ber\u00dfen &#8211; Die Kita in Gro\u00df Ber\u00dfen ist um eine Krippengruppe mit Nebenr\u00e4umen (ca. 160qm) und einem Speiseraum mit K\u00fcche (ca. 70qm) erweitert worden. Es wurde ein Flachdachgeb\u00e4ude an das bestehende Geb\u00e4ude angesetzt, wobei die verwendeten Baumaterialien an die erste Erweiterung angepasst wurden. Die Kosten daf\u00fcr betragen etwa 560.000 Euro. Es flossen F\u00f6rdergelder vom Landkreis Emsland und vom Land Niedersachsen. Nun hat die Kita Gro\u00df Ber\u00dfen zwei Kindergartengruppen und zwei Krippengruppen. Die Betreuungszeiten aktuell gehen inklusive der Sonder\u00f6ffnungszeiten von 7.00 Uhr bis 14.00 Uhr. Die Fertigstellung war bereits im September 2020. Die Einweihung fand aufgrund der Coronapandemie erst im Juli 2021 statt.<\/p>\n\n\n\n<p>Text\/Foto: Ingrid Cloppenburg<\/p>\n\n\n\n<figure class=\"wp-block-gallery columns-1 is-cropped wp-block-gallery-1 is-layout-flex wp-block-gallery-is-layout-flex\"><ul class=\"blocks-gallery-grid\"><li class=\"blocks-gallery-item\"><figure><a href=\"https:\/\/www.forum-soegel.de\/information\/wp-content\/uploads\/2021\/12\/Erweiterung-der-Kita-in-Gross-Berssen-abgeschlossen-1.jpg\"><img loading=\"lazy\" decoding=\"async\" width=\"1024\" height=\"768\" src=\"https:\/\/www.forum-soegel.de\/information\/wp-content\/uploads\/2021\/12\/Erweiterung-der-Kita-in-Gross-Berssen-abgeschlossen-1.jpg\" alt=\"\" data-id=\"31527\" data-full-url=\"https:\/\/www.forum-soegel.de\/information\/wp-content\/uploads\/2021\/12\/Erweiterung-der-Kita-in-Gross-Berssen-abgeschlossen-1.jpg\" data-link=\"https:\/\/www.forum-soegel.de\/information\/?attachment_id=31527\" class=\"wp-image-31527\" srcset=\"https:\/\/www.forum-soegel.de\/information\/wp-content\/uploads\/2021\/12\/Erweiterung-der-Kita-in-Gross-Berssen-abgeschlossen-1.jpg 1024w, https:\/\/www.forum-soegel.de\/information\/wp-content\/uploads\/2021\/12\/Erweiterung-der-Kita-in-Gross-Berssen-abgeschlossen-1-300x225.jpg 300w, https:\/\/www.forum-soegel.de\/information\/wp-content\/uploads\/2021\/12\/Erweiterung-der-Kita-in-Gross-Berssen-abgeschlossen-1-768x576.jpg 768w\" sizes=\"auto, (max-width: 1024px) 100vw, 1024px\" \/><\/a><\/figure><\/li><\/ul><\/figure>\n","protected":false},"excerpt":{"rendered":"Gro\u00df Ber\u00dfen &#8211; Die Kita in Gro\u00df Ber\u00dfen ist um eine Krippengruppe mit Nebenr\u00e4umen (ca. 160qm) und einem Speiseraum mit K\u00fcche (ca. 70qm) erweitert worden. Es wurde ein Flachdachgeb\u00e4ude an das bestehende Geb\u00e4ude angesetzt, wobei die verwendeten Baumaterialien an die erste Erweiterung angepasst wurden. Die Kosten daf\u00fcr betragen etwa 560.000 Euro. Es flossen F\u00f6rdergelder vom [&hellip;]\n","protected":false},"author":2,"featured_media":0,"comment_status":"closed","ping_status":"closed","sticky":false,"template":"","format":"standard","meta":{"ngg_post_thumbnail":0,"footnotes":""},"categories":[868],"tags":[],"class_list":["post-31526","post","type-post","status-publish","format-standard","hentry","category-zwischen-himmel-und-erde"],"_links":{"self":[{"href":"https:\/\/www.forum-soegel.de\/information\/wp-json\/wp\/v2\/posts\/31526","targetHints":{"allow":["GET"]}}],"collection":[{"href":"https:\/\/www.forum-soegel.de\/information\/wp-json\/wp\/v2\/posts"}],"about":[{"href":"https:\/\/www.forum-soegel.de\/information\/wp-json\/wp\/v2\/types\/post"}],"author":[{"embeddable":true,"href":"https:\/\/www.forum-soegel.de\/information\/wp-json\/wp\/v2\/users\/2"}],"replies":[{"embeddable":true,"href":"https:\/\/www.forum-soegel.de\/information\/wp-json\/wp\/v2\/comments?post=31526"}],"version-history":[{"count":1,"href":"https:\/\/www.forum-soegel.de\/information\/wp-json\/wp\/v2\/posts\/31526\/revisions"}],"predecessor-version":[{"id":31528,"href":"https:\/\/www.forum-soegel.de\/information\/wp-json\/wp\/v2\/posts\/31526\/revisions\/31528"}],"wp:attachment":[{"href":"https:\/\/www.forum-soegel.de\/information\/wp-json\/wp\/v2\/media?parent=31526"}],"wp:term":[{"taxonomy":"category","embeddable":true,"href":"https:\/\/www.forum-soegel.de\/information\/wp-json\/wp\/v2\/categories?post=31526"},{"taxonomy":"post_tag","embeddable":true,"href":"https:\/\/www.forum-soegel.de\/information\/wp-json\/wp\/v2\/tags?post=31526"}],"curies":[{"name":"wp","href":"https:\/\/api.w.org\/{rel}","templated":true}]}}