{"id":31523,"date":"2021-12-01T10:48:51","date_gmt":"2021-12-01T09:48:51","guid":{"rendered":"https:\/\/www.forum-soegel.de\/information\/?p=31523"},"modified":"2021-12-01T10:48:51","modified_gmt":"2021-12-01T09:48:51","slug":"ein-organist-mit-leib-und-seele","status":"publish","type":"post","link":"https:\/\/www.forum-soegel.de\/information\/2021\/12\/ein-organist-mit-leib-und-seele\/","title":{"rendered":"Ein Organist mit Leib und Seele"},"content":{"rendered":"\n<div class=\"wp-block-image\"><figure class=\"alignleft size-full is-resized\"><a href=\"https:\/\/www.forum-soegel.de\/information\/wp-content\/uploads\/2021\/12\/Ein-Organist-mit-Leib-und-Seele-1.jpg\"><img loading=\"lazy\" decoding=\"async\" src=\"https:\/\/www.forum-soegel.de\/information\/wp-content\/uploads\/2021\/12\/Ein-Organist-mit-Leib-und-Seele-1.jpg\" alt=\"\" class=\"wp-image-31524\" width=\"313\" height=\"208\" srcset=\"https:\/\/www.forum-soegel.de\/information\/wp-content\/uploads\/2021\/12\/Ein-Organist-mit-Leib-und-Seele-1.jpg 1024w, https:\/\/www.forum-soegel.de\/information\/wp-content\/uploads\/2021\/12\/Ein-Organist-mit-Leib-und-Seele-1-768x514.jpg 768w\" sizes=\"auto, (max-width: 313px) 100vw, 313px\" \/><\/a><\/figure><\/div>\n\n\n\n<p>Werpeloh &#8211; Nach 47-j\u00e4hriger T\u00e4tigkeit als Organist in der St. Franziskus Kirche in Werpeloh wurde Heinz H\u00fcntelmann am 31. Oktober in einem Gottesdienst feierlich in den Ruhestand verabschiedet.<\/p>\n\n\n\n<p>Sowohl der Kirchenchor St. Franziskus, den Heinz H\u00fcntelmann zus\u00e4tzlich \u00fcber 44 Jahre als Chorleiter leitete und pr\u00e4gte, als auch der Frauenchor \u201ede Leiwicks\u201c, die Ihn auch in dieser Zeit 10 Jahre lang als Chorleiter gewinnen konnten, lie\u00dfen es sich nicht nehmen, Heinz in diesem besonderen und festlichen Gottesdienst mit Ihren musikalischen Darbietungen einen herzlichen Dank auszusprechen.<\/p>\n\n\n\n<p>Zudem betonte die Gemeindereferentin Hildegard Meyer und der Vertreter des Kirchenvorstandes Wilfried Konken in Ihren Danksagungen besonders die Treue, die Heinz H\u00fcntelmann sowohl Gott als auch der Franziskusgemeinde gegen\u00fcber in all den Jahren gelebt hat.<\/p>\n\n\n\n<p>Mit Liebe und Leidenschaft zeigte sich Heinz H\u00fcntelmann \u00fcber die Jahrzehnte hinweg als zuverl\u00e4ssiger und gewissenhafter Kirchenmusiker.<\/p>\n\n\n\n<p>Ein gro\u00dfer und herzlicher Applaus von den Gemeindemitgliedern erklang im Kirchenraum, als spontan an die Orgel gebeten wurde, um das Credo anzustimmen. Nach dem Schlusslied \u00fcberreichten Vertreter des Kirchenvorstandes und des Pfarrgemeinderates im Namen der ganzen Kirchengemeinde dem \u201eHobbygriller\u201c einen best\u00fcckten Grillkoffer mit einer pers\u00f6nlichen Gravur.<\/p>\n\n\n\n<p>Im Anschluss an den Gottesdienst lud der Pfarrgemeinderat und der Kirchenvorstand alle G\u00e4ste zu einem Mittagessen ein, um gemeinsam diesen besonderen Tag ausklingen zu lassen.<\/p>\n\n\n\n<p>Text\/Foto: Nikola M\u00f6hlenkamp<\/p>\n","protected":false},"excerpt":{"rendered":"Werpeloh &#8211; Nach 47-j\u00e4hriger T\u00e4tigkeit als Organist in der St. Franziskus Kirche in Werpeloh wurde Heinz H\u00fcntelmann am 31. Oktober in einem Gottesdienst feierlich in den Ruhestand verabschiedet. Sowohl der Kirchenchor St. Franziskus, den Heinz H\u00fcntelmann zus\u00e4tzlich \u00fcber 44 Jahre als Chorleiter leitete und pr\u00e4gte, als auch der Frauenchor \u201ede Leiwicks\u201c, die Ihn auch in [&hellip;]\n","protected":false},"author":2,"featured_media":0,"comment_status":"closed","ping_status":"closed","sticky":false,"template":"","format":"standard","meta":{"ngg_post_thumbnail":0,"footnotes":""},"categories":[868],"tags":[],"class_list":["post-31523","post","type-post","status-publish","format-standard","hentry","category-zwischen-himmel-und-erde"],"_links":{"self":[{"href":"https:\/\/www.forum-soegel.de\/information\/wp-json\/wp\/v2\/posts\/31523","targetHints":{"allow":["GET"]}}],"collection":[{"href":"https:\/\/www.forum-soegel.de\/information\/wp-json\/wp\/v2\/posts"}],"about":[{"href":"https:\/\/www.forum-soegel.de\/information\/wp-json\/wp\/v2\/types\/post"}],"author":[{"embeddable":true,"href":"https:\/\/www.forum-soegel.de\/information\/wp-json\/wp\/v2\/users\/2"}],"replies":[{"embeddable":true,"href":"https:\/\/www.forum-soegel.de\/information\/wp-json\/wp\/v2\/comments?post=31523"}],"version-history":[{"count":1,"href":"https:\/\/www.forum-soegel.de\/information\/wp-json\/wp\/v2\/posts\/31523\/revisions"}],"predecessor-version":[{"id":31525,"href":"https:\/\/www.forum-soegel.de\/information\/wp-json\/wp\/v2\/posts\/31523\/revisions\/31525"}],"wp:attachment":[{"href":"https:\/\/www.forum-soegel.de\/information\/wp-json\/wp\/v2\/media?parent=31523"}],"wp:term":[{"taxonomy":"category","embeddable":true,"href":"https:\/\/www.forum-soegel.de\/information\/wp-json\/wp\/v2\/categories?post=31523"},{"taxonomy":"post_tag","embeddable":true,"href":"https:\/\/www.forum-soegel.de\/information\/wp-json\/wp\/v2\/tags?post=31523"}],"curies":[{"name":"wp","href":"https:\/\/api.w.org\/{rel}","templated":true}]}}