{"id":31479,"date":"2021-11-19T15:46:48","date_gmt":"2021-11-19T14:46:48","guid":{"rendered":"https:\/\/www.forum-soegel.de\/information\/?p=31479"},"modified":"2021-11-19T15:47:13","modified_gmt":"2021-11-19T14:47:13","slug":"polizeimeldungen-2","status":"publish","type":"post","link":"https:\/\/www.forum-soegel.de\/information\/2021\/11\/polizeimeldungen-2\/","title":{"rendered":"Polizeimeldungen"},"content":{"rendered":"\n<p><strong>Schulweg\u00fcberwachung in S\u00f6gel<\/strong><\/p>\n\n\n\n<p>In der Vergangenheit war es mehrfach zu gef\u00e4hrlichen Situationen an der Clemens-August-Stra\u00dfe in H\u00f6he der Zuwegung zur Bernhardschule gekommen. \u201eDie dort eingesetzten Verkehrshelfer haben uns dar\u00fcber berichtet\u201c, so der Leiter der Polizeistation in S\u00f6gel, Robert Milnikel. Er hat sich anschlie\u00dfend selbst ein Bild vor Ort gemacht und musste mehrfach eingreifen und die Situation entsch\u00e4rfen.<\/p>\n\n\n\n<p>Das Problem liegt darin begr\u00fcndet, dass Sch\u00fclerinnen und Sch\u00fcler, teilweise von ihren Eltern begleitet, den linken Fu\u00dfweg aus Richtung M\u00fchlenstra\u00dfe kommend befahren. An dem Fu\u00dfg\u00e4nger\u00fcberweg, gegen\u00fcber der Zufahrt zur Bernhardschule, queren Sch\u00fclerinnen und Sch\u00fcler, die zu Fu\u00df aus Richtung Markt unterwegs sind, diesen Fu\u00dfweg. \u201eZum Gl\u00fcck kam es bisher nicht zu Zusammenst\u00f6\u00dfen, wobei Schulkinder verletzt wurden\u201c, so Milinikel.<\/p>\n\n\n\n<p>Der Polizeibeamte bittet darum, dass Radfahrer entweder die Stra\u00dfe nutzen oder \u00fcber den Gehweg ihr Fahrrad schieben.<\/p>\n\n\n\n<p>\u201eAn dieser Stelle muss ich den Verkehrshelfern, die hier jeden Tag bei Wind und Wetter ehrenamtlich ihren Dienst verrichten, meinen besonderen Dank aussprechen. Sie tragen durch ihre Mithilfe dazu bei, dass die Schulkinder jeden Tag sicher zur Schule kommen\u201c, so Polizeihauptkommissar Milnikel.<\/p>\n\n\n\n<figure class=\"wp-block-image size-full\"><a href=\"https:\/\/www.forum-soegel.de\/information\/wp-content\/uploads\/2021\/11\/Blaulichtmeldungen-November-Ausgabe-2.jpg\"><img loading=\"lazy\" decoding=\"async\" width=\"1024\" height=\"683\" src=\"https:\/\/www.forum-soegel.de\/information\/wp-content\/uploads\/2021\/11\/Blaulichtmeldungen-November-Ausgabe-2.jpg\" alt=\"\" class=\"wp-image-31480\" srcset=\"https:\/\/www.forum-soegel.de\/information\/wp-content\/uploads\/2021\/11\/Blaulichtmeldungen-November-Ausgabe-2.jpg 1024w, https:\/\/www.forum-soegel.de\/information\/wp-content\/uploads\/2021\/11\/Blaulichtmeldungen-November-Ausgabe-2-300x200.jpg 300w, https:\/\/www.forum-soegel.de\/information\/wp-content\/uploads\/2021\/11\/Blaulichtmeldungen-November-Ausgabe-2-768x512.jpg 768w\" sizes=\"auto, (max-width: 1024px) 100vw, 1024px\" \/><\/a><\/figure>\n\n\n\n<p><strong>(<\/strong><em>Quelle:Gerd Rode<\/em><strong>)<\/strong> \u2013 Mit dem Dienstfahrrad vor Ort. Robert Milnikel hatte alle H\u00e4nde voll zu tun und musste viele Gespr\u00e4che mit den Sch\u00fcler*innen aber auch mit Eltern f\u00fchren.\u00a0\u00a0<\/p>\n\n\n\n<p><strong>\u00d6ffentlichkeitsfahndung nach Diebstahl und Computerbetrug<\/strong><\/p>\n\n\n\n<p>Die Polizei S\u00f6gel sucht mit einem Foto nach einem unbekannten Geldabheber. Der abgebildete Mann hat bereits am 30. M\u00e4rz an der OLB-Filiale in S\u00f6gel 1000 Euro Bargeld mit einer gestohlenen EC-Karte abgehoben. Bislang konnte er nicht identifiziert werden. Hinweise nimmt die Polizei S\u00f6gel unter der Rufnummer (05952)93450 entgegen.<\/p>\n\n\n\n<figure class=\"wp-block-image size-full\"><a href=\"https:\/\/www.forum-soegel.de\/information\/wp-content\/uploads\/2021\/11\/Blaulichtmeldungen-November-Ausgabe-3.jpg\"><img loading=\"lazy\" decoding=\"async\" width=\"560\" height=\"768\" src=\"https:\/\/www.forum-soegel.de\/information\/wp-content\/uploads\/2021\/11\/Blaulichtmeldungen-November-Ausgabe-3.jpg\" alt=\"\" class=\"wp-image-31481\" srcset=\"https:\/\/www.forum-soegel.de\/information\/wp-content\/uploads\/2021\/11\/Blaulichtmeldungen-November-Ausgabe-3.jpg 560w, https:\/\/www.forum-soegel.de\/information\/wp-content\/uploads\/2021\/11\/Blaulichtmeldungen-November-Ausgabe-3-219x300.jpg 219w\" sizes=\"auto, (max-width: 560px) 100vw, 560px\" \/><\/a><\/figure>\n\n\n\n<p><strong>(<\/strong><em>Quelle:Polizei<\/em><strong>)<\/strong> \u2013 Unbekannter T\u00e4ter vom 30.03.2021<\/p>\n\n\n\n<p><strong>Wiederholte Brandstiftung in S\u00f6gel<\/strong><\/p>\n\n\n\n<p><strong>Sperrm\u00fcll offensichtlich vors\u00e4tzlich in Brand gesetzt<\/strong><\/p>\n\n\n\n<p>In der Nacht zum Freitag (01.10.2021) wurde die Freiwillige Feuerwehr S\u00f6gel gegen 01.12 Uhr von der Leitstelle EmsVechte mit den Stichworten \u201ePoskeberg. Kleiner Brand im Freien\u201c alarmiert. Beim Eintreffen stellte sich heraus, dass am Stra\u00dfenrand abgestellter Sperrm\u00fcll, der am folgenden Morgen abtransportiert werden sollte, lichterloh brannte. Die Feuerwehr brachte das Feuer schnell unter Kontrolle. Ein Brandschaden entstand nicht, die Ursache des Feuers war zun\u00e4chst nicht bekannt. Selbstentz\u00fcndung d\u00fcrfte nach Ansicht der Feuerwehr auszuschlie\u00dfen sein.<\/p>\n\n\n\n<figure class=\"wp-block-image size-full\"><a href=\"https:\/\/www.forum-soegel.de\/information\/wp-content\/uploads\/2021\/11\/Blaulichtmeldungen-November-Ausgabe-4.jpg\"><img loading=\"lazy\" decoding=\"async\" width=\"1024\" height=\"768\" src=\"https:\/\/www.forum-soegel.de\/information\/wp-content\/uploads\/2021\/11\/Blaulichtmeldungen-November-Ausgabe-4.jpg\" alt=\"\" class=\"wp-image-31482\" srcset=\"https:\/\/www.forum-soegel.de\/information\/wp-content\/uploads\/2021\/11\/Blaulichtmeldungen-November-Ausgabe-4.jpg 1024w, https:\/\/www.forum-soegel.de\/information\/wp-content\/uploads\/2021\/11\/Blaulichtmeldungen-November-Ausgabe-4-300x225.jpg 300w, https:\/\/www.forum-soegel.de\/information\/wp-content\/uploads\/2021\/11\/Blaulichtmeldungen-November-Ausgabe-4-768x576.jpg 768w\" sizes=\"auto, (max-width: 1024px) 100vw, 1024px\" \/><\/a><\/figure>\n\n\n\n<p><strong>(<\/strong><em>Quelle:Feuerwehr S\u00f6gel<\/em><strong>)<\/strong> \u2013 Brandstelle an der Stra\u00dfe \u201ePoskeberg\u201c<\/p>\n\n\n\n<p>In der Nacht zum Mittwoch (06.10.2021) musste die Feuerwehr S\u00f6gel gegen 2.49 Uhr erneut zu einem M\u00fcllbrand in der Stra\u00dfe \u201ePoskeberg\u201c ausr\u00fccken. Hier brannten Restm\u00fcll und der Inhalt gelber S\u00e4cke. Das Feuer war weitgehend erloschen, so dass sich die Feuerwehrleute auf Nachl\u00f6scharbeiten beschr\u00e4nken konnten. Weitere M\u00fcllbest\u00e4nde, die auf Grundst\u00fcck des Mehrfamilienhauses lagerten, wurden nicht von den Flammen erfasst.<\/p>\n\n\n\n<p>Die Brandursache war bisher nicht genau festzustellen, Brandsiftung kann auch hier nicht ausgeschlossen werden.<\/p>\n\n\n\n<figure class=\"wp-block-image size-full\"><a href=\"https:\/\/www.forum-soegel.de\/information\/wp-content\/uploads\/2021\/11\/Blaulichtmeldungen-November-Ausgabe-1.jpg\"><img loading=\"lazy\" decoding=\"async\" width=\"1024\" height=\"768\" src=\"https:\/\/www.forum-soegel.de\/information\/wp-content\/uploads\/2021\/11\/Blaulichtmeldungen-November-Ausgabe-1.jpg\" alt=\"\" class=\"wp-image-31483\" srcset=\"https:\/\/www.forum-soegel.de\/information\/wp-content\/uploads\/2021\/11\/Blaulichtmeldungen-November-Ausgabe-1.jpg 1024w, https:\/\/www.forum-soegel.de\/information\/wp-content\/uploads\/2021\/11\/Blaulichtmeldungen-November-Ausgabe-1-300x225.jpg 300w, https:\/\/www.forum-soegel.de\/information\/wp-content\/uploads\/2021\/11\/Blaulichtmeldungen-November-Ausgabe-1-768x576.jpg 768w\" sizes=\"auto, (max-width: 1024px) 100vw, 1024px\" \/><\/a><\/figure>\n\n\n\n<p><strong>(<\/strong><em>Quelle:Feuerwehr S\u00f6gel<\/em><strong>)<\/strong> \u2013 Brandstelle an der Stra\u00dfe \u201ePoskeberg\u201c<\/p>\n\n\n\n<p>Personen, die Beobachtungen gemacht haben und m\u00f6glicherweise verd\u00e4chtige Personen aufgefallen sind, werden gebeten sich mit der Polizeidienststelle in S\u00f6gel unter der Rufnummer 05952\/93450 in Verbindung zu setzen.<\/p>\n\n\n\n<p>Zusammengestellt von Gerd Rode<\/p>\n","protected":false},"excerpt":{"rendered":"Schulweg\u00fcberwachung in S\u00f6gel In der Vergangenheit war es mehrfach zu gef\u00e4hrlichen Situationen an der Clemens-August-Stra\u00dfe in H\u00f6he der Zuwegung zur Bernhardschule gekommen. \u201eDie dort eingesetzten Verkehrshelfer haben uns dar\u00fcber berichtet\u201c, so der Leiter der Polizeistation in S\u00f6gel, Robert Milnikel. Er hat sich anschlie\u00dfend selbst ein Bild vor Ort gemacht und musste mehrfach eingreifen und die [&hellip;]\n","protected":false},"author":2,"featured_media":0,"comment_status":"closed","ping_status":"closed","sticky":false,"template":"","format":"standard","meta":{"ngg_post_thumbnail":0,"footnotes":""},"categories":[931],"tags":[],"class_list":["post-31479","post","type-post","status-publish","format-standard","hentry","category-blaulichtreport"],"_links":{"self":[{"href":"https:\/\/www.forum-soegel.de\/information\/wp-json\/wp\/v2\/posts\/31479","targetHints":{"allow":["GET"]}}],"collection":[{"href":"https:\/\/www.forum-soegel.de\/information\/wp-json\/wp\/v2\/posts"}],"about":[{"href":"https:\/\/www.forum-soegel.de\/information\/wp-json\/wp\/v2\/types\/post"}],"author":[{"embeddable":true,"href":"https:\/\/www.forum-soegel.de\/information\/wp-json\/wp\/v2\/users\/2"}],"replies":[{"embeddable":true,"href":"https:\/\/www.forum-soegel.de\/information\/wp-json\/wp\/v2\/comments?post=31479"}],"version-history":[{"count":2,"href":"https:\/\/www.forum-soegel.de\/information\/wp-json\/wp\/v2\/posts\/31479\/revisions"}],"predecessor-version":[{"id":31485,"href":"https:\/\/www.forum-soegel.de\/information\/wp-json\/wp\/v2\/posts\/31479\/revisions\/31485"}],"wp:attachment":[{"href":"https:\/\/www.forum-soegel.de\/information\/wp-json\/wp\/v2\/media?parent=31479"}],"wp:term":[{"taxonomy":"category","embeddable":true,"href":"https:\/\/www.forum-soegel.de\/information\/wp-json\/wp\/v2\/categories?post=31479"},{"taxonomy":"post_tag","embeddable":true,"href":"https:\/\/www.forum-soegel.de\/information\/wp-json\/wp\/v2\/tags?post=31479"}],"curies":[{"name":"wp","href":"https:\/\/api.w.org\/{rel}","templated":true}]}}