{"id":31471,"date":"2021-11-01T15:36:00","date_gmt":"2021-11-01T14:36:00","guid":{"rendered":"https:\/\/www.forum-soegel.de\/information\/?p=31471"},"modified":"2021-11-19T15:38:53","modified_gmt":"2021-11-19T14:38:53","slug":"krippen-ausstellung-im-ludmillenhof","status":"publish","type":"post","link":"https:\/\/www.forum-soegel.de\/information\/2021\/11\/krippen-ausstellung-im-ludmillenhof\/","title":{"rendered":"Krippen-Ausstellung im Ludmillenhof"},"content":{"rendered":"\n<p><strong>Frieden auf Erden- Papierkrippen von Josef Morgret und Franz Buttgereit<\/strong><\/p>\n\n\n\n<p>S\u00f6gel. In der kommenden Adventszeit pr\u00e4sentiert der Verein der Krippenfreunde Osnabr\u00fccker Land und Emsland gemeinsam mit der Samtgemeinde S\u00f6gel in der Eingangshalle und im Altbau des Ludmillenhofes mehr als 40 gr\u00f6\u00dfere und kleinere Weihnachtskrippen aus Papier unter dem Titel \u201eFriede auf Erden\u201c. Darunter ist auch eine Ausschneidekrippe mit 1.300 Darstellungen von Menschen und Tieren. Sie gilt als die Krippe mit den meisten Figuren.<\/p>\n\n\n\n<p>Weihnachtskrippen, die bildhaft gestaltete biblische Botschaft des Heilsgeschehens, haben in vielen Familien unseres Landes eine weit zur\u00fcckreichende Tradition. Weihnachtskrippen wurden seit der Zeit ihrer Entstehung aus den verschiedensten Materialien hergestellt, am h\u00e4ufigsten aus Holz, Wachs oder Gips, dann aber auch aus Papier und Pappe. Erstmals werden nun besonders ausgew\u00e4hlte Papierkrippen im Rathaus der Samtgemeinde S\u00f6gel ausgestellt.<\/p>\n\n\n\n<p>\u201eDie Kunstausstellungen im Ludmillenhof erfreuen sich seit vielen Jahren besonderer Beliebtheit und haben ihren festen Kundenstamm\u201c, so Cornelia Willigmann-Kassner, erste allgemeine Vertreterin des Samtgemeindeb\u00fcrgermeisters. Aufgrund der Pandemie fand nun seit \u00fcber einem Jahr keine Wechsel in der Ausstellungsfolge statt. \u201eUmso gl\u00fccklicher sind wir, dass wir im November mit einer besonderen Krippen-Ausstellung f\u00fcr einen Neustart den Auftakt machen d\u00fcrfen.\u201c Interessierte sollten sich den Freitag, 26. November 2021, 18.00 Uhr, freihalten. Denn dann wird der Verein der Krippenfreunde Osnabr\u00fccker Land und Emsland e.V. und die Samtgemeinde S\u00f6gel zur Ausstellungser\u00f6ffnung einladen. Der Osnabr\u00fccker Bischof Franz-Josef Bode wird ein Gru\u00dfwort sprechen. \u201eMit dieser Ausstellung werden wir sicherlich viele Besucherinnen und Besucher erfreuen und in Weihnachtsstimmung versetzen\u201c, mutma\u00dft Willigmann-Kassner.<\/p>\n\n\n\n<p>Vorsitzender des Vereins Gerhard Lohmeier l\u00e4sst wissen, dass Weihnachtskrippen in vielen Kirchengemeinden und Familien eine weit zur\u00fcckreichende Tradition haben. \u201eRichtig bekannt wurden die Weihnachtskrippen erst im 16. Jahrhundert durch die Jesuiten, die mit ihrem Methodenkonzept der bildgesch\u00fctzten Verk\u00fcndigung die evangelisch-lutherisch gewordenen Christen wieder zum katholischen Glauben zur\u00fcckf\u00fchren wollten\u201c, erl\u00e4utert Lohmeier. \u201eDie f\u00fcr die Ausstellung im Ludmillenhof vorgesehenen Papierkrippen wurden von K\u00fcnstlern zu unterschiedlichsten Zeiten geschaffen und von Josef Morgret als Papierkrippen ausgef\u00fchrt. Sie geben ein interessantes Bild von unterschiedlichen Krippendarstellungen aus Papier, wie man sie in der F\u00fclle nur ganz selten zu sehen bekommt.\u201c<\/p>\n\n\n\n<p>Die Krippenausstellung \u201eFrieden auf Erden\u201c ist bis zum 14. Januar 2022 w\u00e4hrend der \u00d6ffnungszeiten im Ludmillenhof zu sehen. F\u00fcr Besucher gelten die dann geltenden Corona-Hygienevorschriften. Besuchergruppen sollten sich vorab anmelden bei Ingrid Cloppenburg (Tel.: 05952\/206-114, mail: cloppenburg@soegel.de)<\/p>\n\n\n\n<p>Zur Sache: Seit Mitte des 16. Jahrhunderts werden die meisten Krippen aus Holz, Wachs oder Gips hergestellt. Eine der vielen M\u00f6glichkeiten, die Geschichte der Geburt Jesu fig\u00fcrlich darzustellen, waren die Weihnachtskrippen aus Papier, die damals zun\u00e4chst als die \u201eKrippe des kleinen Mannes\u201c angesehen wurde. Bald aber fertigten die ersten K\u00fcnstler Papierkrippen an. Josef Morgret, Mitglied im Verein der Krippenfreunde Osnabr\u00fcck- Emsland, gestaltet schon seit vielen Jahren Weihnachtskrippen. Seit einigen Jahren stellt er mit besonderem Engagement Krippenk\u00e4sten her und bastelt mit viel Liebe zum Detail Figuren aus Papier.<\/p>\n\n\n\n<figure class=\"wp-block-gallery columns-1 is-cropped wp-block-gallery-1 is-layout-flex wp-block-gallery-is-layout-flex\"><ul class=\"blocks-gallery-grid\"><li class=\"blocks-gallery-item\"><figure><a href=\"https:\/\/www.forum-soegel.de\/information\/wp-content\/uploads\/2021\/11\/Krippen-Ausstellung-im-Ludmillenhof.jpg\"><img loading=\"lazy\" decoding=\"async\" width=\"1024\" height=\"377\" src=\"https:\/\/www.forum-soegel.de\/information\/wp-content\/uploads\/2021\/11\/Krippen-Ausstellung-im-Ludmillenhof.jpg\" alt=\"\" data-id=\"31472\" data-full-url=\"https:\/\/www.forum-soegel.de\/information\/wp-content\/uploads\/2021\/11\/Krippen-Ausstellung-im-Ludmillenhof.jpg\" data-link=\"https:\/\/www.forum-soegel.de\/information\/?attachment_id=31472\" class=\"wp-image-31472\" srcset=\"https:\/\/www.forum-soegel.de\/information\/wp-content\/uploads\/2021\/11\/Krippen-Ausstellung-im-Ludmillenhof.jpg 1024w, https:\/\/www.forum-soegel.de\/information\/wp-content\/uploads\/2021\/11\/Krippen-Ausstellung-im-Ludmillenhof-300x110.jpg 300w, https:\/\/www.forum-soegel.de\/information\/wp-content\/uploads\/2021\/11\/Krippen-Ausstellung-im-Ludmillenhof-768x283.jpg 768w\" sizes=\"auto, (max-width: 1024px) 100vw, 1024px\" \/><\/a><\/figure><\/li><\/ul><\/figure>\n","protected":false},"excerpt":{"rendered":"Frieden auf Erden- Papierkrippen von Josef Morgret und Franz Buttgereit S\u00f6gel. In der kommenden Adventszeit pr\u00e4sentiert der Verein der Krippenfreunde Osnabr\u00fccker Land und Emsland gemeinsam mit der Samtgemeinde S\u00f6gel in der Eingangshalle und im Altbau des Ludmillenhofes mehr als 40 gr\u00f6\u00dfere und kleinere Weihnachtskrippen aus Papier unter dem Titel \u201eFriede auf Erden\u201c. Darunter ist auch [&hellip;]\n","protected":false},"author":2,"featured_media":0,"comment_status":"closed","ping_status":"closed","sticky":false,"template":"","format":"standard","meta":{"ngg_post_thumbnail":0,"footnotes":""},"categories":[3],"tags":[],"class_list":["post-31471","post","type-post","status-publish","format-standard","hentry","category-aktuelles-aus-der-region"],"_links":{"self":[{"href":"https:\/\/www.forum-soegel.de\/information\/wp-json\/wp\/v2\/posts\/31471","targetHints":{"allow":["GET"]}}],"collection":[{"href":"https:\/\/www.forum-soegel.de\/information\/wp-json\/wp\/v2\/posts"}],"about":[{"href":"https:\/\/www.forum-soegel.de\/information\/wp-json\/wp\/v2\/types\/post"}],"author":[{"embeddable":true,"href":"https:\/\/www.forum-soegel.de\/information\/wp-json\/wp\/v2\/users\/2"}],"replies":[{"embeddable":true,"href":"https:\/\/www.forum-soegel.de\/information\/wp-json\/wp\/v2\/comments?post=31471"}],"version-history":[{"count":1,"href":"https:\/\/www.forum-soegel.de\/information\/wp-json\/wp\/v2\/posts\/31471\/revisions"}],"predecessor-version":[{"id":31473,"href":"https:\/\/www.forum-soegel.de\/information\/wp-json\/wp\/v2\/posts\/31471\/revisions\/31473"}],"wp:attachment":[{"href":"https:\/\/www.forum-soegel.de\/information\/wp-json\/wp\/v2\/media?parent=31471"}],"wp:term":[{"taxonomy":"category","embeddable":true,"href":"https:\/\/www.forum-soegel.de\/information\/wp-json\/wp\/v2\/categories?post=31471"},{"taxonomy":"post_tag","embeddable":true,"href":"https:\/\/www.forum-soegel.de\/information\/wp-json\/wp\/v2\/tags?post=31471"}],"curies":[{"name":"wp","href":"https:\/\/api.w.org\/{rel}","templated":true}]}}