{"id":31468,"date":"2021-11-19T15:36:41","date_gmt":"2021-11-19T14:36:41","guid":{"rendered":"https:\/\/www.forum-soegel.de\/information\/?p=31468"},"modified":"2021-11-19T15:36:41","modified_gmt":"2021-11-19T14:36:41","slug":"oberschule-soegel-bleibt-startklar-fuer-den-beruf","status":"publish","type":"post","link":"https:\/\/www.forum-soegel.de\/information\/2021\/11\/oberschule-soegel-bleibt-startklar-fuer-den-beruf\/","title":{"rendered":"Oberschule S\u00f6gel bleibt \u201eStartklar f\u00fcr den Beruf\u201c"},"content":{"rendered":"\n<p><strong>Erneute Auszeichnung mit dem G\u00fctesiegel<\/strong><\/p>\n\n\n\n<p>S\u00f6gel &#8211; Erneut hat die Oberschule S\u00f6gel es geschafft: Zum dritten Mal wurde sie jetzt mit dem G\u00fctesiegel \u201eStartklar f\u00fcr den Beruf\u201c ausgezeichnet. Die Festlichkeit fand allerdings coronabedingt im kleinen Rahmen mit dem Regionalleiter und Jurymitglied der Aktionsgemeinschaft Weser-Ems, Friedhelm Forbriger, sowie der Schulleiterin Maria Lau, dem AWT-Fachbereichsleiter Uwe Hoormann, dem zweiten Konrektor Michael Blankmann und der didaktischen Leiterin Marion Geers statt.<\/p>\n\n\n\n<p>Im letzten Jahr stand die Wiederbewerbung an, bei der unter der Federf\u00fchrung von Uwe Hoormann eine ausf\u00fchrliche Dokumentation \u00fcber die Darstellung der Gesamtsituation der Schule und die Beschreibung der Projekte, Aktionen und schulischen Ma\u00dfnahmen im Bereich der Pers\u00f6nlichkeits-, Fach- und Berufswahlkompetenz verfasst und erfolgreich eingereicht wurde. \u201eMit dem G\u00fctesiegel werden in diesem Jahr vier emsl\u00e4ndische Schulen ausgezeichnet. Somit gilt nun auch die Oberschule S\u00f6gel bis zum Jahr 2025 als Schule, die ihre Sch\u00fclerinnen und Sch\u00fcler mit besonderer Kompetenz und praxisnahen Projekten den \u00dcbergang in den Beruf erleichtert\u201c, sagte Forbriger bei der Urkunden\u00fcberreichung. Er zeigte sich beeindruckt, dass sich ein technikbegeistertes Sch\u00fclerteam unter der Leitung des Techniklehrers Uwe Hoormann durch die coronabedingten Ver\u00e4nderungen beim Wettbewerb \u201eJeT-Challenge\u201c nicht von der Teilnahme abschrecken lie\u00df und sogar den ersten Platz belegte. Bei dem Wettbewerb, an dem die Schule nun schon zum siebten Mal erfolgreich teilgenommen hat, muss ein RC-Modellauto zu einem RC-Trike umgebaut werden. \u201eDie technikbegeisterten Sch\u00fcler waren durch das erforderliche Homeschooling im Umgang mit den digitalen Medien bereits bestens geschult und konnten sich problemlos in Videokonferenzen, per WhatsApp oder \u00fcber E-Mail mitteilen\u201c, sagte Hoormann.<\/p>\n\n\n\n<p>Das Spektrum an Ma\u00dfnahmen und Projekten an der Oberschule S\u00f6gel sei den Worten von Schulleiterin Lau zufolge vielf\u00e4ltig und reiche von Betriebs-, und Praxistagen \u00fcber Berufsberatung und Bewerbungstraining vor Ort bis hin zur eigenen Ausbildungsb\u00f6rse \u201eChance-Azubi\u201c und seien feste Bestandteile im Jahresplan. Auch die Ausbildungsb\u00f6rse sei im letzten Schuljahr wegen der Corona-Schutzma\u00dfnahmen nicht ausgefallen, sondern konnte von den Sch\u00fclerinnen und Sch\u00fclern digital besucht werden.<\/p>\n\n\n\n<p>\u201eBerufsorientierung an der Oberschule S\u00f6gel umfasst einen hohen Praxisanteil und bindet regionale Betriebe wie BauXpert Knipper, Holzbau Quappen, Fahrzeugbau Krone, die Autoh\u00e4user Bartels und Osters, Nordlandpapier oder die Johannesburg mit ein\u201c, erkl\u00e4rte Hoormann. Wichtige Erg\u00e4nzungsbausteine in der Berufsorientierung und sogenannte \u201eLeuchtturmprojekte\u201c seien die AG \u201eSchule ohne Rassismus\u201c, die Sch\u00fclerfirma \u201eK.I.D.S.-AG, der \u201eJuleica-Kurs\u201c oder die Aktionen \u201eJeT-Challenge\u201c und \u201eSchrott-Auto\u201c.<\/p>\n\n\n\n<p>Fobriger stellte fest, dass sich die Sch\u00fclerinnen und Sch\u00fcler gl\u00fccklich sch\u00e4tzen k\u00f6nnten, w\u00e4hrend ihrer Schulzeit so wertvolle Projekte angeboten zu bekommen, die gut im Lehrplan und mit anderen Projekten vernetzt und zudem noch nachhaltig seien.<\/p>\n\n\n\n<p>\u201eDiese erneute Auszeichnung ist eine Best\u00e4tigung und Anerkennung f\u00fcr unsere gesamte Schule\u201c, freute sich Lau und f\u00fcgte hinzu: \u201eJede Sch\u00fclerin und jeder Sch\u00fcler erh\u00e4lt bis zum Ende der Klasse 10 ein individuelles und breites Orientierungsangebot, um schlie\u00dflich mit positivem Blick in die Zukunft \u201eStartklar f\u00fcr den Beruf\u201c zu sein\u201c.<\/p>\n\n\n\n<p>Text\/Foto: Gisela Arling<\/p>\n\n\n\n<figure class=\"wp-block-gallery columns-1 is-cropped wp-block-gallery-1 is-layout-flex wp-block-gallery-is-layout-flex\"><ul class=\"blocks-gallery-grid\"><li class=\"blocks-gallery-item\"><figure><a href=\"https:\/\/www.forum-soegel.de\/information\/wp-content\/uploads\/2021\/11\/Oberschule-Soegel-erneut-Startklar-fuer-den-Beruf-2.jpg\"><img loading=\"lazy\" decoding=\"async\" width=\"1024\" height=\"736\" src=\"https:\/\/www.forum-soegel.de\/information\/wp-content\/uploads\/2021\/11\/Oberschule-Soegel-erneut-Startklar-fuer-den-Beruf-2.jpg\" alt=\"\" data-id=\"31469\" data-full-url=\"https:\/\/www.forum-soegel.de\/information\/wp-content\/uploads\/2021\/11\/Oberschule-Soegel-erneut-Startklar-fuer-den-Beruf-2.jpg\" data-link=\"https:\/\/www.forum-soegel.de\/information\/?attachment_id=31469\" class=\"wp-image-31469\" srcset=\"https:\/\/www.forum-soegel.de\/information\/wp-content\/uploads\/2021\/11\/Oberschule-Soegel-erneut-Startklar-fuer-den-Beruf-2.jpg 1024w, https:\/\/www.forum-soegel.de\/information\/wp-content\/uploads\/2021\/11\/Oberschule-Soegel-erneut-Startklar-fuer-den-Beruf-2-300x216.jpg 300w, https:\/\/www.forum-soegel.de\/information\/wp-content\/uploads\/2021\/11\/Oberschule-Soegel-erneut-Startklar-fuer-den-Beruf-2-768x552.jpg 768w\" sizes=\"auto, (max-width: 1024px) 100vw, 1024px\" \/><\/a><\/figure><\/li><\/ul><\/figure>\n","protected":false},"excerpt":{"rendered":"Erneute Auszeichnung mit dem G\u00fctesiegel S\u00f6gel &#8211; Erneut hat die Oberschule S\u00f6gel es geschafft: Zum dritten Mal wurde sie jetzt mit dem G\u00fctesiegel \u201eStartklar f\u00fcr den Beruf\u201c ausgezeichnet. Die Festlichkeit fand allerdings coronabedingt im kleinen Rahmen mit dem Regionalleiter und Jurymitglied der Aktionsgemeinschaft Weser-Ems, Friedhelm Forbriger, sowie der Schulleiterin Maria Lau, dem AWT-Fachbereichsleiter Uwe Hoormann, [&hellip;]\n","protected":false},"author":2,"featured_media":0,"comment_status":"closed","ping_status":"closed","sticky":false,"template":"","format":"standard","meta":{"ngg_post_thumbnail":0,"footnotes":""},"categories":[6],"tags":[],"class_list":["post-31468","post","type-post","status-publish","format-standard","hentry","category-aus-der-schule-geplaudert"],"_links":{"self":[{"href":"https:\/\/www.forum-soegel.de\/information\/wp-json\/wp\/v2\/posts\/31468","targetHints":{"allow":["GET"]}}],"collection":[{"href":"https:\/\/www.forum-soegel.de\/information\/wp-json\/wp\/v2\/posts"}],"about":[{"href":"https:\/\/www.forum-soegel.de\/information\/wp-json\/wp\/v2\/types\/post"}],"author":[{"embeddable":true,"href":"https:\/\/www.forum-soegel.de\/information\/wp-json\/wp\/v2\/users\/2"}],"replies":[{"embeddable":true,"href":"https:\/\/www.forum-soegel.de\/information\/wp-json\/wp\/v2\/comments?post=31468"}],"version-history":[{"count":1,"href":"https:\/\/www.forum-soegel.de\/information\/wp-json\/wp\/v2\/posts\/31468\/revisions"}],"predecessor-version":[{"id":31470,"href":"https:\/\/www.forum-soegel.de\/information\/wp-json\/wp\/v2\/posts\/31468\/revisions\/31470"}],"wp:attachment":[{"href":"https:\/\/www.forum-soegel.de\/information\/wp-json\/wp\/v2\/media?parent=31468"}],"wp:term":[{"taxonomy":"category","embeddable":true,"href":"https:\/\/www.forum-soegel.de\/information\/wp-json\/wp\/v2\/categories?post=31468"},{"taxonomy":"post_tag","embeddable":true,"href":"https:\/\/www.forum-soegel.de\/information\/wp-json\/wp\/v2\/tags?post=31468"}],"curies":[{"name":"wp","href":"https:\/\/api.w.org\/{rel}","templated":true}]}}