{"id":31400,"date":"2021-11-19T15:19:24","date_gmt":"2021-11-19T14:19:24","guid":{"rendered":"https:\/\/www.forum-soegel.de\/information\/?p=31400"},"modified":"2021-11-19T15:19:24","modified_gmt":"2021-11-19T14:19:24","slug":"kreischorverband-ehrt-saenger-im-maennerchor-harmonie","status":"publish","type":"post","link":"https:\/\/www.forum-soegel.de\/information\/2021\/11\/kreischorverband-ehrt-saenger-im-maennerchor-harmonie\/","title":{"rendered":"Kreischorverband ehrt S\u00e4nger im M\u00e4nnerchor \u201eHarmonie\u201c"},"content":{"rendered":"\n<p>S\u00f6gel &#8211; H\u00f6hepunkt der Mitgliederversammlung des S\u00f6geler M\u00e4nnerchors \u201eHarmonie\u201c war die Auszeichnung von acht langj\u00e4hrig aktiven Sangesbr\u00fcdern. Allein f\u00fcnf Mitglieder sind seit mehr als 40 Jahren dabei. Bernhard Vagedes war bereits Anfang des Jahres f\u00fcr \u201e70 Jahre Singen in einem Chor\u201c geehrt worden.<\/p>\n\n\n\n<p>Sowohl Liedervater Bernhard B\u00fcter als auch der Vorsitzende des Kreischorverbandes Emsland-Grafschaft Bentheim, Georg Sewerin, hoben besonders die Leistungen der f\u00fcr 40 Jahre Chorarbeit geehrten Heinz K\u00fchl, Joachim Gehrs, Hansi Franke, Clemens Staggenborg und Clemens St\u00fcrmeyer hervor. Aber auch Hans Lake (10 Jahre) sowie Helmut Langen und Burkhardt Pracht (beide 25 Jahre) h\u00e4tten sich f\u00fcr den Chor verdient gemacht.<\/p>\n\n\n\n<p>In seinem Jahresbericht blickte Liedervater und Vereinsvorsitzender B\u00fcter auf \u201eein ungew\u00f6hnliches S\u00e4ngerjahr 2020\u201c zur\u00fcck, das gekennzeichnet war von Mindestabstand, Atemschutzmasken und Lockdowns, in dem Kultur nicht wie \u00fcblich stattfinden konnte und man sich neue M\u00f6glichkeiten f\u00fcr die Chorarbeit suchen musste. Zu Beginn des Jahres 2020, als die Chorverantwortlichen dachten, \u201ef\u00fcr uns ist die Welt noch in Ordnung\u201c, nutze man die M\u00f6glichkeit, gemeinsam mit dem Kirchenchor St. Michael Stavern am Jagd-Konzert anl\u00e4sslich des 65-j\u00e4hrigen Bestehens der Jagdhornbl\u00e4sergruppe Meppen teilzunehmen. Hier traten S\u00f6geler und Staverner S\u00e4nger als Gemeinschaftschor und auch einzeln auf und konnten, so B\u00fcter, wesentlich zum Erfolg dieses jagdlichen Konzerts beitragen. Immerhin waren mehr als 500 Besucher zugegen gewesen. Auch Chorleiter Thomas Kramer beklagte, dass der Gesang im vergangenen Jahr zu kurz gekommen sei. Deswegen sei es notwendig, die aktuellen Chancen f\u00fcr eine Intensivierung der Chorproben zu nutzen. Dies sei notwendig, da einige Auftritte anst\u00fcnden, die man in gewohnter Qualit\u00e4t durchf\u00fchren wolle.<\/p>\n\n\n\n<p>Bei den turnusm\u00e4\u00dfigen Wahlen wurde der Kassenwart Clemens Staggenborg in seinem Amt best\u00e4tigt und Ingo Bohlen zum neuen Kassenpr\u00fcfer gew\u00e4hlt.<\/p>\n\n\n\n<p>\u201eIch m\u00f6chte eine Diskussion anregen, wie wir unser Vereinsleben nach der Pandemie und mit Blick auf das 160-j\u00e4hrige Bestehen im kommenden Jahr noch aktiver gestalten k\u00f6nnen!\u201c, sagte Vorsitzender B\u00fcter. Dabei solle auch nach M\u00f6glichkeiten gesucht werden, die \u00e4ltere Generation miteinzubeziehen. Aus der Versammlung kamen Vorschl\u00e4ge, Ausschnitte von erfolgreichen Veranstaltungen der vergangenen Jahre zur Auff\u00fchrung zu bringen. Aber auch die Gewinnung neuer, m\u00f6glichst junger S\u00e4nger wurde in diesem Jahr wieder thematisiert. Der Verein hofft auf erfolgreiche Ideen, die umgesetzt werden k\u00f6nnen.<\/p>\n\n\n\n<p>Text\/Bild: LB<\/p>\n\n\n\n<p>Text\/Foto: Lambert Brand<\/p>\n\n\n\n<figure class=\"wp-block-image size-full\"><a href=\"https:\/\/www.forum-soegel.de\/information\/wp-content\/uploads\/2021\/11\/Kreischorverband-ehrt-Saenger-im-Maennerchor-Harmonie.jpg\"><img loading=\"lazy\" decoding=\"async\" width=\"1024\" height=\"522\" src=\"https:\/\/www.forum-soegel.de\/information\/wp-content\/uploads\/2021\/11\/Kreischorverband-ehrt-Saenger-im-Maennerchor-Harmonie.jpg\" alt=\"\" class=\"wp-image-31401\" srcset=\"https:\/\/www.forum-soegel.de\/information\/wp-content\/uploads\/2021\/11\/Kreischorverband-ehrt-Saenger-im-Maennerchor-Harmonie.jpg 1024w, https:\/\/www.forum-soegel.de\/information\/wp-content\/uploads\/2021\/11\/Kreischorverband-ehrt-Saenger-im-Maennerchor-Harmonie-300x153.jpg 300w, https:\/\/www.forum-soegel.de\/information\/wp-content\/uploads\/2021\/11\/Kreischorverband-ehrt-Saenger-im-Maennerchor-Harmonie-768x392.jpg 768w\" sizes=\"auto, (max-width: 1024px) 100vw, 1024px\" \/><\/a><figcaption>Langj\u00e4hrige S\u00e4nger des S\u00f6geler M\u00e4nnerchors Harmonie wurden vom Vorsitzenden des Kreischorverbands Emsland-Grafschaft Bentheim, Georg Sewerin (2. von links.) ausgezeichnet. Unser Foto zeigt die Geehrten mit Liedervater Bernhard B\u00fcter, (1. von links) und Chorleiter Thomas Kramer (2. von rechts).<\/figcaption><\/figure>\n\n\n\n<p><\/p>\n","protected":false},"excerpt":{"rendered":"S\u00f6gel &#8211; H\u00f6hepunkt der Mitgliederversammlung des S\u00f6geler M\u00e4nnerchors \u201eHarmonie\u201c war die Auszeichnung von acht langj\u00e4hrig aktiven Sangesbr\u00fcdern. Allein f\u00fcnf Mitglieder sind seit mehr als 40 Jahren dabei. Bernhard Vagedes war bereits Anfang des Jahres f\u00fcr \u201e70 Jahre Singen in einem Chor\u201c geehrt worden. Sowohl Liedervater Bernhard B\u00fcter als auch der Vorsitzende des Kreischorverbandes Emsland-Grafschaft Bentheim, [&hellip;]\n","protected":false},"author":2,"featured_media":0,"comment_status":"closed","ping_status":"closed","sticky":false,"template":"","format":"standard","meta":{"ngg_post_thumbnail":0,"footnotes":""},"categories":[5],"tags":[],"class_list":["post-31400","post","type-post","status-publish","format-standard","hentry","category-was-machen-die-vereine"],"_links":{"self":[{"href":"https:\/\/www.forum-soegel.de\/information\/wp-json\/wp\/v2\/posts\/31400","targetHints":{"allow":["GET"]}}],"collection":[{"href":"https:\/\/www.forum-soegel.de\/information\/wp-json\/wp\/v2\/posts"}],"about":[{"href":"https:\/\/www.forum-soegel.de\/information\/wp-json\/wp\/v2\/types\/post"}],"author":[{"embeddable":true,"href":"https:\/\/www.forum-soegel.de\/information\/wp-json\/wp\/v2\/users\/2"}],"replies":[{"embeddable":true,"href":"https:\/\/www.forum-soegel.de\/information\/wp-json\/wp\/v2\/comments?post=31400"}],"version-history":[{"count":1,"href":"https:\/\/www.forum-soegel.de\/information\/wp-json\/wp\/v2\/posts\/31400\/revisions"}],"predecessor-version":[{"id":31402,"href":"https:\/\/www.forum-soegel.de\/information\/wp-json\/wp\/v2\/posts\/31400\/revisions\/31402"}],"wp:attachment":[{"href":"https:\/\/www.forum-soegel.de\/information\/wp-json\/wp\/v2\/media?parent=31400"}],"wp:term":[{"taxonomy":"category","embeddable":true,"href":"https:\/\/www.forum-soegel.de\/information\/wp-json\/wp\/v2\/categories?post=31400"},{"taxonomy":"post_tag","embeddable":true,"href":"https:\/\/www.forum-soegel.de\/information\/wp-json\/wp\/v2\/tags?post=31400"}],"curies":[{"name":"wp","href":"https:\/\/api.w.org\/{rel}","templated":true}]}}