{"id":314,"date":"2010-02-07T15:26:02","date_gmt":"2010-02-07T13:26:02","guid":{"rendered":"https:\/\/www.forum-soegel.de\/information\/?p=314"},"modified":"2010-03-30T09:45:42","modified_gmt":"2010-03-30T07:45:42","slug":"schutzenball-in-werpeloh","status":"publish","type":"post","link":"https:\/\/www.forum-soegel.de\/information\/2010\/02\/schutzenball-in-werpeloh\/","title":{"rendered":"Sch\u00fctzenball in Werpeloh"},"content":{"rendered":"<p>Auf dem Sch\u00fctzenball in Werpeloh herrschte wieder, wie in jedem Jahr eine tolle Stimmung.<br \/>\nNach einer feierlichen Messe ging es mit der Werpeloher Musikkapelle im Marsch zum Werpeloher Hof. Bei guter Laune und Musik wurde auch oft das Tanzbein geschwungen. Oberst Wilhelm Kuper begr\u00fc\u00dfte die G\u00e4ste auf das herzlichste. Anschlie\u00dfend folgte der Ehrentanz vom amtierenden Sch\u00fctzenk\u00f6nig Martin Sievers und seiner Ehefrau Elisabeth. Auch eine Tombola darf bei so einer Veranstaltung nicht fehlen.<br \/>\nAls Hauptpreis winkte dem Gewinner ein Fahrrad. Das Foto zeigt die drei Hauptgewinner mit Oberst Wilhelm Kuper und Kommandeur Wilhelm Jansen. Das Fahrrad ging an Marlies Schmits.<\/p>\n<p>Text\/Foto: Heinz L\u00fcbbers<br \/>\n<a href=\"https:\/\/www.forum-soegel.de\/information\/wp-content\/uploads\/2010\/02\/Sch\u00fctzenf.-Werpeloh.jpg\"><img loading=\"lazy\" decoding=\"async\" class=\"alignnone size-thumbnail wp-image-315\" title=\"Sch\u00fctzenf. Werpeloh\" src=\"https:\/\/www.forum-soegel.de\/information\/wp-content\/uploads\/2010\/02\/Sch\u00fctzenf.-Werpeloh-150x150.jpg\" alt=\"\" width=\"150\" height=\"150\" \/><\/a><\/p>\n","protected":false},"excerpt":{"rendered":"Auf dem Sch\u00fctzenball in Werpeloh herrschte wieder, wie in jedem Jahr eine tolle Stimmung. Nach einer feierlichen Messe ging es mit der Werpeloher Musikkapelle im Marsch zum Werpeloher Hof. Bei guter Laune und Musik wurde auch oft das Tanzbein geschwungen. Oberst Wilhelm Kuper begr\u00fc\u00dfte die G\u00e4ste auf das herzlichste. Anschlie\u00dfend folgte der Ehrentanz vom amtierenden [&hellip;]\n","protected":false},"author":2,"featured_media":0,"comment_status":"closed","ping_status":"closed","sticky":false,"template":"","format":"standard","meta":{"ngg_post_thumbnail":0,"footnotes":""},"categories":[5],"tags":[57],"class_list":["post-314","post","type-post","status-publish","format-standard","hentry","category-was-machen-die-vereine","tag-schutzenball"],"_links":{"self":[{"href":"https:\/\/www.forum-soegel.de\/information\/wp-json\/wp\/v2\/posts\/314","targetHints":{"allow":["GET"]}}],"collection":[{"href":"https:\/\/www.forum-soegel.de\/information\/wp-json\/wp\/v2\/posts"}],"about":[{"href":"https:\/\/www.forum-soegel.de\/information\/wp-json\/wp\/v2\/types\/post"}],"author":[{"embeddable":true,"href":"https:\/\/www.forum-soegel.de\/information\/wp-json\/wp\/v2\/users\/2"}],"replies":[{"embeddable":true,"href":"https:\/\/www.forum-soegel.de\/information\/wp-json\/wp\/v2\/comments?post=314"}],"version-history":[{"count":4,"href":"https:\/\/www.forum-soegel.de\/information\/wp-json\/wp\/v2\/posts\/314\/revisions"}],"predecessor-version":[{"id":1248,"href":"https:\/\/www.forum-soegel.de\/information\/wp-json\/wp\/v2\/posts\/314\/revisions\/1248"}],"wp:attachment":[{"href":"https:\/\/www.forum-soegel.de\/information\/wp-json\/wp\/v2\/media?parent=314"}],"wp:term":[{"taxonomy":"category","embeddable":true,"href":"https:\/\/www.forum-soegel.de\/information\/wp-json\/wp\/v2\/categories?post=314"},{"taxonomy":"post_tag","embeddable":true,"href":"https:\/\/www.forum-soegel.de\/information\/wp-json\/wp\/v2\/tags?post=314"}],"curies":[{"name":"wp","href":"https:\/\/api.w.org\/{rel}","templated":true}]}}