{"id":31393,"date":"2021-11-19T15:15:53","date_gmt":"2021-11-19T14:15:53","guid":{"rendered":"https:\/\/www.forum-soegel.de\/information\/?p=31393"},"modified":"2021-11-19T15:15:53","modified_gmt":"2021-11-19T14:15:53","slug":"jahreshauptversammlung-des-schuetzenverein-stavern","status":"publish","type":"post","link":"https:\/\/www.forum-soegel.de\/information\/2021\/11\/jahreshauptversammlung-des-schuetzenverein-stavern\/","title":{"rendered":"Jahreshauptversammlung des Sch\u00fctzenverein Stavern"},"content":{"rendered":"\n<p><strong>Nach zwei Jahren erstmals wieder ein Oktoberfest<\/strong><\/p>\n\n\n\n<p>Stavern &#8211; Zur j\u00e4hrlichen Mitgliederversammlung hatte der Staverner Sch\u00fctzenverein seine Mitglieder in das Vereinslokal \u201eAltes Gasthaus Krange\u201c eingeladen. Besonders begr\u00fc\u00dft wurde der nun im dritten Jahr amtierende K\u00f6nig Marc Zielke. Mehrere Mitglieder wurden f\u00fcr ihre langj\u00e4hrige Vereinszugeh\u00f6rigkeit geehrt.<\/p>\n\n\n\n<p>In seinem Bericht \u00fcber das vergangene Vereinsjahr konnte der Vorsitzende Andreas Wessels leider \u00fcber relativ wenige Veranstaltungen berichten. Die Pandemie hatte insbesondere in der Zeit von September 2020 bis Anfang Sommer 2021 keinerlei Veranstaltungen zugelassen. So beschr\u00e4nkte sich das Vereinsleben in dieser Zeit auf einige Arbeitseins\u00e4tze auf dem Sch\u00fctzenplatz. Gegen\u00fcber dem Vereinsheim wurde eine neue Sitzecke mit einer Tafel, auf der alle K\u00f6nige der vergangenen Jahre aufgef\u00fchrt sind, erstellt. Im Juli, am eigentlichen Sch\u00fctzenfestwochenende, fand nach einer Sch\u00fctzenmesse mit Kranzniederlegung am Ehrenmal neben der Kirche ein \u201eSch\u00fctzenfest-Light\u201c statt. Unter Einhaltung aller erforderlichen Regeln trafen sich ca. 200 Sch\u00fctzenbr\u00fcder zu einem verl\u00e4ngerten Fr\u00fchschoppen. Seit dem letzten Monat finden nach fast zwei Jahren auch wieder das \u00dcbungsschie\u00dfen statt.<\/p>\n\n\n\n<p>Am 16. Oktober wird erstmals wieder ein Oktoberfest auf dem Festplatz stattfinden. Unter Beachtung der 2-G-Regel sind bis zu 1.000 Besucher zugelassen. Der Kartenverkauf l\u00e4uft bereits an. Zu der z\u00fcnftigen bayrischen Gaudi mit den Alpenbanditen laden der Sch\u00fctzen- und der Sportverein Stavern ein.<\/p>\n\n\n\n<p>Der anschlie\u00dfend vom Kassenwart Michael Kleefeld vorgetragene Bericht fiel aufgrund der fehlenden Einnahmen recht kurz aus. Mit einem leichten Minus schloss das vergangene Jahr ab. Hier erhofft sich der Verein im kommenden Jahr deutlich mehr auf der Habenseite.<\/p>\n\n\n\n<p>Nach der einstimmigen Entlastung des Vorstandes wurden mehrere Neuwahlen durchgef\u00fchrt. Neu in den Vorstand gew\u00e4hlt wurden Dieter Schulte als Kompanief\u00fchrer f\u00fcr den ausscheidenden Dieter Wessels. So wie er wurde auch Martin Wester als Adjutant des Schie\u00dfwartes einstimmig gew\u00e4hlt.<\/p>\n\n\n\n<p>Bei den anschlie\u00dfenden Ehrungen erhielten f\u00fcr 50-j\u00e4hrige Vereinstreue Bernhard Schlick, Paul Wotte, Hermann Pranger, Heinz Baalmann und Bernd Wehling eine besondere Auszeichnung.<\/p>\n\n\n\n<p>Ehrennadeln f\u00fcr 40-j\u00e4hrige Vereinsmitgliedschaft erhielten Martin Eikens, Helmut Gerdes, Hans M\u00f6ller, Hans-Georg Brunsen, Helmut Knoll, Richard Kramer und Andreas Stahlhut. 25 Jahre dabei sind die Sch\u00fctzenbr\u00fcder Wilfried Rolfes, Martin M\u00f6dden und Markus Kubath.<\/p>\n\n\n\n<p>Text: Foto: Gerd Rode<\/p>\n\n\n\n<figure class=\"wp-block-image size-full\"><a href=\"https:\/\/www.forum-soegel.de\/information\/wp-content\/uploads\/2021\/11\/Jahreshauptversammlung-des-Schuetzenverein-Stavern-1.jpg\"><img loading=\"lazy\" decoding=\"async\" width=\"1024\" height=\"739\" src=\"https:\/\/www.forum-soegel.de\/information\/wp-content\/uploads\/2021\/11\/Jahreshauptversammlung-des-Schuetzenverein-Stavern-1.jpg\" alt=\"\" class=\"wp-image-31394\" srcset=\"https:\/\/www.forum-soegel.de\/information\/wp-content\/uploads\/2021\/11\/Jahreshauptversammlung-des-Schuetzenverein-Stavern-1.jpg 1024w, https:\/\/www.forum-soegel.de\/information\/wp-content\/uploads\/2021\/11\/Jahreshauptversammlung-des-Schuetzenverein-Stavern-1-300x217.jpg 300w, https:\/\/www.forum-soegel.de\/information\/wp-content\/uploads\/2021\/11\/Jahreshauptversammlung-des-Schuetzenverein-Stavern-1-768x554.jpg 768w\" sizes=\"auto, (max-width: 1024px) 100vw, 1024px\" \/><\/a><figcaption>Die anwesenden geehrten Sch\u00fctzenbr\u00fcder mit dem Vorsitzenden Andreas Wessels links und seinem Vertreter Martin Knoll rechts, dazwischen von links: Bernhard Schlick, Heinz Baalmann, Andreas Stahlhut, Paul Wotte, Martin Eikens und Helmut Knoll.<\/figcaption><\/figure>\n\n\n\n<figure class=\"wp-block-image size-full\"><a href=\"https:\/\/www.forum-soegel.de\/information\/wp-content\/uploads\/2021\/11\/Jahreshauptversammlung-des-Schuetzenverein-Stavern-2.jpg\"><img loading=\"lazy\" decoding=\"async\" width=\"1024\" height=\"683\" src=\"https:\/\/www.forum-soegel.de\/information\/wp-content\/uploads\/2021\/11\/Jahreshauptversammlung-des-Schuetzenverein-Stavern-2.jpg\" alt=\"\" class=\"wp-image-31395\" srcset=\"https:\/\/www.forum-soegel.de\/information\/wp-content\/uploads\/2021\/11\/Jahreshauptversammlung-des-Schuetzenverein-Stavern-2.jpg 1024w, https:\/\/www.forum-soegel.de\/information\/wp-content\/uploads\/2021\/11\/Jahreshauptversammlung-des-Schuetzenverein-Stavern-2-300x200.jpg 300w, https:\/\/www.forum-soegel.de\/information\/wp-content\/uploads\/2021\/11\/Jahreshauptversammlung-des-Schuetzenverein-Stavern-2-768x512.jpg 768w\" sizes=\"auto, (max-width: 1024px) 100vw, 1024px\" \/><\/a><figcaption>Der Vorstand des Vereins mit von links: Michael Eikens, Michael Kleefeld, Helmut Wotte, Dieter Schulte, Dieter Wessels, Andreas Wessels, Heinrich G\u00f6ken, Martin Knoll, Guido Wessels, Martin Wester, Rene Eikens und Reinhold Peters<\/figcaption><\/figure>\n","protected":false},"excerpt":{"rendered":"Nach zwei Jahren erstmals wieder ein Oktoberfest Stavern &#8211; Zur j\u00e4hrlichen Mitgliederversammlung hatte der Staverner Sch\u00fctzenverein seine Mitglieder in das Vereinslokal \u201eAltes Gasthaus Krange\u201c eingeladen. Besonders begr\u00fc\u00dft wurde der nun im dritten Jahr amtierende K\u00f6nig Marc Zielke. Mehrere Mitglieder wurden f\u00fcr ihre langj\u00e4hrige Vereinszugeh\u00f6rigkeit geehrt. In seinem Bericht \u00fcber das vergangene Vereinsjahr konnte der Vorsitzende [&hellip;]\n","protected":false},"author":2,"featured_media":0,"comment_status":"closed","ping_status":"closed","sticky":false,"template":"","format":"standard","meta":{"ngg_post_thumbnail":0,"footnotes":""},"categories":[5],"tags":[],"class_list":["post-31393","post","type-post","status-publish","format-standard","hentry","category-was-machen-die-vereine"],"_links":{"self":[{"href":"https:\/\/www.forum-soegel.de\/information\/wp-json\/wp\/v2\/posts\/31393","targetHints":{"allow":["GET"]}}],"collection":[{"href":"https:\/\/www.forum-soegel.de\/information\/wp-json\/wp\/v2\/posts"}],"about":[{"href":"https:\/\/www.forum-soegel.de\/information\/wp-json\/wp\/v2\/types\/post"}],"author":[{"embeddable":true,"href":"https:\/\/www.forum-soegel.de\/information\/wp-json\/wp\/v2\/users\/2"}],"replies":[{"embeddable":true,"href":"https:\/\/www.forum-soegel.de\/information\/wp-json\/wp\/v2\/comments?post=31393"}],"version-history":[{"count":1,"href":"https:\/\/www.forum-soegel.de\/information\/wp-json\/wp\/v2\/posts\/31393\/revisions"}],"predecessor-version":[{"id":31396,"href":"https:\/\/www.forum-soegel.de\/information\/wp-json\/wp\/v2\/posts\/31393\/revisions\/31396"}],"wp:attachment":[{"href":"https:\/\/www.forum-soegel.de\/information\/wp-json\/wp\/v2\/media?parent=31393"}],"wp:term":[{"taxonomy":"category","embeddable":true,"href":"https:\/\/www.forum-soegel.de\/information\/wp-json\/wp\/v2\/categories?post=31393"},{"taxonomy":"post_tag","embeddable":true,"href":"https:\/\/www.forum-soegel.de\/information\/wp-json\/wp\/v2\/tags?post=31393"}],"curies":[{"name":"wp","href":"https:\/\/api.w.org\/{rel}","templated":true}]}}