{"id":31379,"date":"2021-11-19T15:07:57","date_gmt":"2021-11-19T14:07:57","guid":{"rendered":"https:\/\/www.forum-soegel.de\/information\/?p=31379"},"modified":"2021-11-19T15:07:57","modified_gmt":"2021-11-19T14:07:57","slug":"1-2-3-colorful","status":"publish","type":"post","link":"https:\/\/www.forum-soegel.de\/information\/2021\/11\/1-2-3-colorful\/","title":{"rendered":"1 \u2013 2 &#8211; 3: Colorful!"},"content":{"rendered":"\n<p>Spahnharrenst\u00e4tte &#8211; Frage: Was haben Holi-Pulver, eine Eismaschine und ein Zirkuszelt gemeinsam? Die Kids der KleinenKapelle von Spahnharrenst\u00e4tte k\u00f6nnen es direkt beantworten: Alle drei Dinge konnte man auf dem Colorful Jugendfestival des Regionalmusikverbandes Emsland\/Grafschaft Bentheim e.V. finden.<\/p>\n\n\n\n<p>Am 18.09.2021 startete im Jugendkloster in Ahmsen das Festival f\u00fcr \u00fcber 80 musikbegeisterte Kids.<\/p>\n\n\n\n<p>Der Tag begann mit einer Art Chaos-Stationen-Spiel. Hier wurden alle Kids in Gruppen aufgeteilt und mussten musikalische R\u00e4tsel l\u00f6sen \u2013 und die waren gar nicht so leicht! K\u00f6nnen Sie anhand eines kurzen Tonbeispiels benennen, welches Musikinstrument die Melodiestimme gespielt hat? Oder in ein bekanntes Musikst\u00fcck fehlende Takte richtig einordnen? F\u00fcr die Kids der KleinenKapelle war das so gut wie gar kein Problem, das zeigen nicht zuletzt die vier goldenen Notenschl\u00fcssel, die es nur gibt, wenn die R\u00e4tsel direkt und richtig gel\u00f6st wurden! H\u00f6chstpunktzahl!!<\/p>\n\n\n\n<p>R\u00e4tseln macht aber auch hungrig. Neben einer Candybar, einer Eismaschine und frisch gebackenen Waffeln, gab es ein ausgiebiges Mittagessen zum Energietanken.<\/p>\n\n\n\n<p>Energie brauchten alle n\u00e4mlich zum gemeinsamen Spielen am Nachmittag. Im gro\u00dfen Zirkuszelt sammelten sich alle MusikerInnen. Es war ein unglaubliches Bild: \u00dcber 80 aufgeregte und erwartungsvolle Kinder und Erwachsene mit ihren Instrumenten \u2013 und so klang es auch! Alle Kids waren fasziniert davon, mit so vielen anderen zu spielen. Auch die St\u00fccke waren sehr gut ausgew\u00e4hlt: Charts, Filmmusik oder Musical-Songs \u2013 alles war dabei. Inspiration f\u00fcr neue Lieder in Spahnharrenst\u00e4tte gibt es seitdem genug!<\/p>\n\n\n\n<p>Das gro\u00dfe Finale war das Steigenlassen von Luftballons sowie ein Farbenspiel mit Holi-Pulver. Das kann man sich so vorstellen: Holi-Pulver ist ein Farbpulver, das in die Luft geworfen wird und dann alles bunt f\u00e4rbt, sobald es auf irgendetwas \u2013 in diesem Fall die wei\u00dfen T-Shirt der Kids &#8211; trifft. \u201eAuch das Ende mit dem Holi Pulver war wirklich toll, obwohl wir danach aussahen, als w\u00e4ren wir in einen Farbtopf gefallen\u201c \u2013 so hat Johanna es perfekt zusammengefasst.<\/p>\n\n\n\n<p>Der Tag war ein voller Erfolg. Die Kids haben das Festival genossen und konnten ganz viel mitnehmen. In Zeiten von Corona sind solche Tage, die nat\u00fcrlich coronaconform umgesetzt wurden, Highlights. Endlich wieder zusammen mit ganz vielen Musik machen, lachen und einfach einmal alles rundherum vergessen. Wundervoll!<\/p>\n\n\n\n<p>Text\/Foto: Antonia Dopp<\/p>\n\n\n\n<figure class=\"wp-block-gallery columns-1 is-cropped wp-block-gallery-1 is-layout-flex wp-block-gallery-is-layout-flex\"><ul class=\"blocks-gallery-grid\"><li class=\"blocks-gallery-item\"><figure><a href=\"https:\/\/www.forum-soegel.de\/information\/wp-content\/uploads\/2021\/11\/1-2-3-Colorful.jpg\"><img loading=\"lazy\" decoding=\"async\" width=\"1023\" height=\"768\" src=\"https:\/\/www.forum-soegel.de\/information\/wp-content\/uploads\/2021\/11\/1-2-3-Colorful.jpg\" alt=\"\" data-id=\"31380\" data-full-url=\"https:\/\/www.forum-soegel.de\/information\/wp-content\/uploads\/2021\/11\/1-2-3-Colorful.jpg\" data-link=\"https:\/\/www.forum-soegel.de\/information\/?attachment_id=31380\" class=\"wp-image-31380\" srcset=\"https:\/\/www.forum-soegel.de\/information\/wp-content\/uploads\/2021\/11\/1-2-3-Colorful.jpg 1023w, https:\/\/www.forum-soegel.de\/information\/wp-content\/uploads\/2021\/11\/1-2-3-Colorful-300x225.jpg 300w, https:\/\/www.forum-soegel.de\/information\/wp-content\/uploads\/2021\/11\/1-2-3-Colorful-768x577.jpg 768w\" sizes=\"auto, (max-width: 1023px) 100vw, 1023px\" \/><\/a><\/figure><\/li><\/ul><\/figure>\n","protected":false},"excerpt":{"rendered":"Spahnharrenst\u00e4tte &#8211; Frage: Was haben Holi-Pulver, eine Eismaschine und ein Zirkuszelt gemeinsam? Die Kids der KleinenKapelle von Spahnharrenst\u00e4tte k\u00f6nnen es direkt beantworten: Alle drei Dinge konnte man auf dem Colorful Jugendfestival des Regionalmusikverbandes Emsland\/Grafschaft Bentheim e.V. finden. Am 18.09.2021 startete im Jugendkloster in Ahmsen das Festival f\u00fcr \u00fcber 80 musikbegeisterte Kids. Der Tag begann mit [&hellip;]\n","protected":false},"author":2,"featured_media":0,"comment_status":"closed","ping_status":"closed","sticky":false,"template":"","format":"standard","meta":{"ngg_post_thumbnail":0,"footnotes":""},"categories":[5],"tags":[],"class_list":["post-31379","post","type-post","status-publish","format-standard","hentry","category-was-machen-die-vereine"],"_links":{"self":[{"href":"https:\/\/www.forum-soegel.de\/information\/wp-json\/wp\/v2\/posts\/31379","targetHints":{"allow":["GET"]}}],"collection":[{"href":"https:\/\/www.forum-soegel.de\/information\/wp-json\/wp\/v2\/posts"}],"about":[{"href":"https:\/\/www.forum-soegel.de\/information\/wp-json\/wp\/v2\/types\/post"}],"author":[{"embeddable":true,"href":"https:\/\/www.forum-soegel.de\/information\/wp-json\/wp\/v2\/users\/2"}],"replies":[{"embeddable":true,"href":"https:\/\/www.forum-soegel.de\/information\/wp-json\/wp\/v2\/comments?post=31379"}],"version-history":[{"count":1,"href":"https:\/\/www.forum-soegel.de\/information\/wp-json\/wp\/v2\/posts\/31379\/revisions"}],"predecessor-version":[{"id":31381,"href":"https:\/\/www.forum-soegel.de\/information\/wp-json\/wp\/v2\/posts\/31379\/revisions\/31381"}],"wp:attachment":[{"href":"https:\/\/www.forum-soegel.de\/information\/wp-json\/wp\/v2\/media?parent=31379"}],"wp:term":[{"taxonomy":"category","embeddable":true,"href":"https:\/\/www.forum-soegel.de\/information\/wp-json\/wp\/v2\/categories?post=31379"},{"taxonomy":"post_tag","embeddable":true,"href":"https:\/\/www.forum-soegel.de\/information\/wp-json\/wp\/v2\/tags?post=31379"}],"curies":[{"name":"wp","href":"https:\/\/api.w.org\/{rel}","templated":true}]}}