{"id":31376,"date":"2021-11-19T15:06:50","date_gmt":"2021-11-19T14:06:50","guid":{"rendered":"https:\/\/www.forum-soegel.de\/information\/?p=31376"},"modified":"2021-11-19T15:06:50","modified_gmt":"2021-11-19T14:06:50","slug":"st-josef-stift-wird-elektrisch","status":"publish","type":"post","link":"https:\/\/www.forum-soegel.de\/information\/2021\/11\/st-josef-stift-wird-elektrisch\/","title":{"rendered":"St. Josef Stift wird \u201eelektrisch\u201c"},"content":{"rendered":"\n<p><strong>Connemann: Bund hilft mit 57.500 Euro bei der Anschaffung von 5 Elektroautos<\/strong><\/p>\n\n\n\n<p>B\u00f6rger &#8211; Das Team der St.Josef Stift GmbH f\u00e4hrt tausende Kilometer im Jahr, um seine Patienten bestm\u00f6glich zu versorgen. Jetzt k\u00f6nnen die Mitarbeiterinnen und Mitarbeiter elektrisch von Haus zu Haus flitzen. Denn die Einrichtung bekam jetzt gr\u00fcnes Licht f\u00fcr die Umr\u00fcstung ihres Fuhrparks. Es konnten f\u00fcnf Elektrofahrzeuge und f\u00fcnf Lades\u00e4ulen angeschafft werden. Wie die CDU-Bundestagsabgeordnete Gitta Connemann jetzt mitteilte, erhielt das St.Josef Stift daf\u00fcr F\u00f6rdermittel des Bundes in H\u00f6he von 57.500 Euro.<\/p>\n\n\n\n<p>Gesch\u00e4ftsf\u00fchrer Heiner M\u00fcller freut sich sehr \u00fcber die F\u00f6rderung. \u201eWir wollen unseren Beitrag f\u00fcr das Klima leisten. Aber ohne Finanzspritze ist dies f\u00fcr uns als soziale Einrichtung nicht m\u00f6glich. Da kommt die Zusage der Bundesf\u00f6rderung zum richtigen Zeitpunkt. Denn gute Pflege ist durch nichts zu ersetzen. Sozial war das Team vom St. Josef Stift schon immer Vorreiter und mit der Umr\u00fcstung geht es jetzt auch in Sachen Klimaschutz einen weiteren Schritt nach vorne.\u201c<\/p>\n\n\n\n<p>Aus Sicht von Connemann ist das St. Josef Stift f\u00fcr das Programm wie gemacht. \u201eBei ambulanten Pflegeangeboten und Essen auf R\u00e4dern fallen viele Kurzstreckenfahrten an. Daf\u00fcr bietet sich die Nutzung von E-Fahrzeugen an. Das kostet. Dabei unterst\u00fctzen wir. Denn gute Pflege ist durch nichts zu ersetzen. Sozial war das Team von St. Josef immer Vorreiter und mit der Umr\u00fcstung geht es jetzt auch in Sachen Klimaschutz einen weiteren Schritt nach vorne.\u201c<\/p>\n\n\n\n<p>Hintergrund:<\/p>\n\n\n\n<p>Bei dem aus F\u00f6rderprogramm &#8222;Sozial &amp; Mobil&#8220; handelt es sich um ein Flottenaustauschprogramm. Damit werden soziale Einrichtungen wie Pflegedienste, Seniorenheime oder Kindertagesst\u00e4tten dabei unterst\u00fctzt, ihren Fuhrpark auf Elektromobilit\u00e4t umzustellen. Gef\u00f6rdert wird die Beschaffung rein batterieelektrischer Neufahrzeuge und der Aufbau von Ladeinfrastruktur. Das Bundesf\u00f6rderprogramm &#8222;Sozial &amp; Mobil&#8220; hat eine Laufzeit von 2020 bis 2022 und ein Volumen von 200 Millionen Euro.<\/p>\n\n\n\n<p>Text\/Foto: Philipp Sempell<\/p>\n\n\n\n<figure class=\"wp-block-gallery columns-1 is-cropped wp-block-gallery-1 is-layout-flex wp-block-gallery-is-layout-flex\"><ul class=\"blocks-gallery-grid\"><li class=\"blocks-gallery-item\"><figure><a href=\"https:\/\/www.forum-soegel.de\/information\/wp-content\/uploads\/2021\/11\/St.-Josef-Stift-wird-elektrisch.jpg\"><img loading=\"lazy\" decoding=\"async\" width=\"1024\" height=\"768\" src=\"https:\/\/www.forum-soegel.de\/information\/wp-content\/uploads\/2021\/11\/St.-Josef-Stift-wird-elektrisch.jpg\" alt=\"\" data-id=\"31377\" data-full-url=\"https:\/\/www.forum-soegel.de\/information\/wp-content\/uploads\/2021\/11\/St.-Josef-Stift-wird-elektrisch.jpg\" data-link=\"https:\/\/www.forum-soegel.de\/information\/?attachment_id=31377\" class=\"wp-image-31377\" srcset=\"https:\/\/www.forum-soegel.de\/information\/wp-content\/uploads\/2021\/11\/St.-Josef-Stift-wird-elektrisch.jpg 1024w, https:\/\/www.forum-soegel.de\/information\/wp-content\/uploads\/2021\/11\/St.-Josef-Stift-wird-elektrisch-300x225.jpg 300w, https:\/\/www.forum-soegel.de\/information\/wp-content\/uploads\/2021\/11\/St.-Josef-Stift-wird-elektrisch-768x576.jpg 768w\" sizes=\"auto, (max-width: 1024px) 100vw, 1024px\" \/><\/a><\/figure><\/li><\/ul><\/figure>\n","protected":false},"excerpt":{"rendered":"Connemann: Bund hilft mit 57.500 Euro bei der Anschaffung von 5 Elektroautos B\u00f6rger &#8211; Das Team der St.Josef Stift GmbH f\u00e4hrt tausende Kilometer im Jahr, um seine Patienten bestm\u00f6glich zu versorgen. Jetzt k\u00f6nnen die Mitarbeiterinnen und Mitarbeiter elektrisch von Haus zu Haus flitzen. Denn die Einrichtung bekam jetzt gr\u00fcnes Licht f\u00fcr die Umr\u00fcstung ihres Fuhrparks. [&hellip;]\n","protected":false},"author":2,"featured_media":0,"comment_status":"closed","ping_status":"closed","sticky":false,"template":"","format":"standard","meta":{"ngg_post_thumbnail":0,"footnotes":""},"categories":[4],"tags":[],"class_list":["post-31376","post","type-post","status-publish","format-standard","hentry","category-aus-der-geschaftswelt"],"_links":{"self":[{"href":"https:\/\/www.forum-soegel.de\/information\/wp-json\/wp\/v2\/posts\/31376","targetHints":{"allow":["GET"]}}],"collection":[{"href":"https:\/\/www.forum-soegel.de\/information\/wp-json\/wp\/v2\/posts"}],"about":[{"href":"https:\/\/www.forum-soegel.de\/information\/wp-json\/wp\/v2\/types\/post"}],"author":[{"embeddable":true,"href":"https:\/\/www.forum-soegel.de\/information\/wp-json\/wp\/v2\/users\/2"}],"replies":[{"embeddable":true,"href":"https:\/\/www.forum-soegel.de\/information\/wp-json\/wp\/v2\/comments?post=31376"}],"version-history":[{"count":1,"href":"https:\/\/www.forum-soegel.de\/information\/wp-json\/wp\/v2\/posts\/31376\/revisions"}],"predecessor-version":[{"id":31378,"href":"https:\/\/www.forum-soegel.de\/information\/wp-json\/wp\/v2\/posts\/31376\/revisions\/31378"}],"wp:attachment":[{"href":"https:\/\/www.forum-soegel.de\/information\/wp-json\/wp\/v2\/media?parent=31376"}],"wp:term":[{"taxonomy":"category","embeddable":true,"href":"https:\/\/www.forum-soegel.de\/information\/wp-json\/wp\/v2\/categories?post=31376"},{"taxonomy":"post_tag","embeddable":true,"href":"https:\/\/www.forum-soegel.de\/information\/wp-json\/wp\/v2\/tags?post=31376"}],"curies":[{"name":"wp","href":"https:\/\/api.w.org\/{rel}","templated":true}]}}