{"id":31373,"date":"2021-11-19T15:04:51","date_gmt":"2021-11-19T14:04:51","guid":{"rendered":"https:\/\/www.forum-soegel.de\/information\/?p=31373"},"modified":"2021-11-19T15:04:51","modified_gmt":"2021-11-19T14:04:51","slug":"gesetzesaenderung-durch-initiative-aus-soegel","status":"publish","type":"post","link":"https:\/\/www.forum-soegel.de\/information\/2021\/11\/gesetzesaenderung-durch-initiative-aus-soegel\/","title":{"rendered":"Gesetzes\u00e4nderung durch Initiative aus S\u00f6gel"},"content":{"rendered":"\n<p><strong>Gitta Connemann setzt sich f\u00fcr AM-F\u00fchrerschein ab 15 f\u00fcr alle ein<\/strong><\/p>\n\n\n\n<p>S\u00f6gel\/Berlin &#8211; Was bei einem Besuch der CDU-Bundestagsabgeordneten Gitta Connemann beim Autohaus Bartels in S\u00f6gel begann, endete jetzt in einer erfolgreichen \u00c4nderung des Stra\u00dfenverkehrsgesetzes. Gesch\u00e4ftsf\u00fchrer Carsten Bartels hatte die Christdemokratin auf einen bundesweiten Flickenteppich bei F\u00fchrerscheinen f\u00fcr Roller, dreir\u00e4drige Kleinkraftr\u00e4der sowie vierr\u00e4drige Leichtkraftfahrzeuge bis 45 km\/h aufmerksam gemacht. Was in NRW erlaubt war, war in Niedersachsen nicht erlaubt. Connemann nahm das Problem mit nach Berlin und konnte jetzt Erfolg vermelden. Dank der Initiative aus S\u00f6gel k\u00f6nnen Jugendliche nun auch aus Niedersachsen in Deutschland den F\u00fchrerschein AM mit 15 machen.<\/p>\n\n\n\n<p>Connemann erkl\u00e4rt: \u201eGerade auf dem Land l\u00e4uft ohne Mobilit\u00e4t nichts. Auch Jugendliche brauchen hier mehr Angebote. Microcars, Roller und Mopeds bieten Chancen. Jugendliche im Emsland m\u00fcssen die gleichen M\u00f6glichkeiten haben wie in anderen Teilen Deutschlands. Diese L\u00fccke haben wir jetzt geschlossen.\u201c<\/p>\n\n\n\n<p>Carsten Bartels ist zufrieden. Bislang konnte er seine Leichtkraftfahrzeuge \u2013 auch Microcars genannt \u2013 nur an Kunden aus benachbarten Bundesl\u00e4ndern verkaufen. Das Land Niedersachsen hatte bisher von seiner Option im ge\u00e4nderten Stra\u00dfenverkehrsgesetz keinen Gebrauch gemacht. Deshalb wandte er sich an Connemann.<\/p>\n\n\n\n<p>Jetzt steht fest. Das Mindestalter f\u00fcr den Moped-F\u00fchrerschein (Klasse AM) wird gesenkt. Die Klasse AM kann ab sofort von 15-J\u00e4hrigen in allen Bundesl\u00e4ndern erworben werden. Dem entsprechenden Gesetzesentwurf mit einer bundeseinheitlichen L\u00f6sung hat der Bundesrat am 28.Mai 2021 zugestimmt. Das Gesetz ist bereits in Kraft getreten.<\/p>\n\n\n\n<p>Text: Philipp Sempell<\/p>\n\n\n\n<p>Foto: Samtgemeinde S\u00f6gel<\/p>\n\n\n\n<figure class=\"wp-block-gallery columns-1 is-cropped wp-block-gallery-1 is-layout-flex wp-block-gallery-is-layout-flex\"><ul class=\"blocks-gallery-grid\"><li class=\"blocks-gallery-item\"><figure><a href=\"https:\/\/www.forum-soegel.de\/information\/wp-content\/uploads\/2021\/11\/Gesetzesaenderung-durch-Initiative-aus-Soegel-1.jpg\"><img loading=\"lazy\" decoding=\"async\" width=\"1024\" height=\"768\" src=\"https:\/\/www.forum-soegel.de\/information\/wp-content\/uploads\/2021\/11\/Gesetzesaenderung-durch-Initiative-aus-Soegel-1.jpg\" alt=\"\" data-id=\"31374\" data-full-url=\"https:\/\/www.forum-soegel.de\/information\/wp-content\/uploads\/2021\/11\/Gesetzesaenderung-durch-Initiative-aus-Soegel-1.jpg\" data-link=\"https:\/\/www.forum-soegel.de\/information\/?attachment_id=31374\" class=\"wp-image-31374\" srcset=\"https:\/\/www.forum-soegel.de\/information\/wp-content\/uploads\/2021\/11\/Gesetzesaenderung-durch-Initiative-aus-Soegel-1.jpg 1024w, https:\/\/www.forum-soegel.de\/information\/wp-content\/uploads\/2021\/11\/Gesetzesaenderung-durch-Initiative-aus-Soegel-1-300x225.jpg 300w, https:\/\/www.forum-soegel.de\/information\/wp-content\/uploads\/2021\/11\/Gesetzesaenderung-durch-Initiative-aus-Soegel-1-768x576.jpg 768w\" sizes=\"auto, (max-width: 1024px) 100vw, 1024px\" \/><\/a><\/figure><\/li><\/ul><\/figure>\n","protected":false},"excerpt":{"rendered":"Gitta Connemann setzt sich f\u00fcr AM-F\u00fchrerschein ab 15 f\u00fcr alle ein S\u00f6gel\/Berlin &#8211; Was bei einem Besuch der CDU-Bundestagsabgeordneten Gitta Connemann beim Autohaus Bartels in S\u00f6gel begann, endete jetzt in einer erfolgreichen \u00c4nderung des Stra\u00dfenverkehrsgesetzes. Gesch\u00e4ftsf\u00fchrer Carsten Bartels hatte die Christdemokratin auf einen bundesweiten Flickenteppich bei F\u00fchrerscheinen f\u00fcr Roller, dreir\u00e4drige Kleinkraftr\u00e4der sowie vierr\u00e4drige Leichtkraftfahrzeuge bis [&hellip;]\n","protected":false},"author":2,"featured_media":0,"comment_status":"closed","ping_status":"closed","sticky":false,"template":"","format":"standard","meta":{"ngg_post_thumbnail":0,"footnotes":""},"categories":[4],"tags":[],"class_list":["post-31373","post","type-post","status-publish","format-standard","hentry","category-aus-der-geschaftswelt"],"_links":{"self":[{"href":"https:\/\/www.forum-soegel.de\/information\/wp-json\/wp\/v2\/posts\/31373","targetHints":{"allow":["GET"]}}],"collection":[{"href":"https:\/\/www.forum-soegel.de\/information\/wp-json\/wp\/v2\/posts"}],"about":[{"href":"https:\/\/www.forum-soegel.de\/information\/wp-json\/wp\/v2\/types\/post"}],"author":[{"embeddable":true,"href":"https:\/\/www.forum-soegel.de\/information\/wp-json\/wp\/v2\/users\/2"}],"replies":[{"embeddable":true,"href":"https:\/\/www.forum-soegel.de\/information\/wp-json\/wp\/v2\/comments?post=31373"}],"version-history":[{"count":1,"href":"https:\/\/www.forum-soegel.de\/information\/wp-json\/wp\/v2\/posts\/31373\/revisions"}],"predecessor-version":[{"id":31375,"href":"https:\/\/www.forum-soegel.de\/information\/wp-json\/wp\/v2\/posts\/31373\/revisions\/31375"}],"wp:attachment":[{"href":"https:\/\/www.forum-soegel.de\/information\/wp-json\/wp\/v2\/media?parent=31373"}],"wp:term":[{"taxonomy":"category","embeddable":true,"href":"https:\/\/www.forum-soegel.de\/information\/wp-json\/wp\/v2\/categories?post=31373"},{"taxonomy":"post_tag","embeddable":true,"href":"https:\/\/www.forum-soegel.de\/information\/wp-json\/wp\/v2\/tags?post=31373"}],"curies":[{"name":"wp","href":"https:\/\/api.w.org\/{rel}","templated":true}]}}