{"id":31368,"date":"2021-11-19T15:02:14","date_gmt":"2021-11-19T14:02:14","guid":{"rendered":"https:\/\/www.forum-soegel.de\/information\/?p=31368"},"modified":"2021-11-19T15:02:14","modified_gmt":"2021-11-19T14:02:14","slug":"vorschulkinder-lernen-fair-trade-kennen","status":"publish","type":"post","link":"https:\/\/www.forum-soegel.de\/information\/2021\/11\/vorschulkinder-lernen-fair-trade-kennen\/","title":{"rendered":"Vorschulkinder lernen \u201eFair Trade\u201c kennen"},"content":{"rendered":"\n<p><strong>Aktion auf dem Wochenmarkt<\/strong><\/p>\n\n\n\n<p>S\u00f6gel &#8211; Die Vorschulkinder im Familienzentrum St. Jakobus haben sich intensiv mit dem Thema \u201eFair Trade\u201c befasst und auf dem S\u00f6geler Wochenmarkt erfolgreich Produkte des Weltladens verkauft.<\/p>\n\n\n\n<p>Aufgeteilt in drei Gruppen, haben die Mitarbeitenden mit den Vorschulkindern nach Mitteilung des Familienzentrums erarbeitet, was sie unter \u201efair\u201c und \u201eunfair\u201c verstehen. Gemeinsam schaute man sich den von Sternsinger produzierten Film: \u201eSo funktioniert fairer Handel\u201c an und hat dabei die Logos von El Puente, Gepa und Fair Trade kennengelernt. Mit roten Karten (unfair) und gr\u00fcnen Karten (fair) durften die Kinder w\u00e4hrend des Filmes bewerten, welche Lebensbedingungen gerecht beziehungsweise ungerecht waren und sind.<\/p>\n\n\n\n<p>\u201eSchule statt Kinderarbeit\u201c war ein wesentlicher Bestandteil des Films und gerade f\u00fcr die Vorschulkinder gut nachvollziehbar. An den folgenden Tagen besuchten die Vorschulkinder, wieder aufgeteilt in drei Gruppen, den Weltladen. Dort konnten die Kinder die Logos wieder erkennen und Waren f\u00fcr den Wochenmarkt aussuchen.<\/p>\n\n\n\n<p>Am anschlie\u00dfenden Freitag durften die Kinder dann im Wechsel die fair gehandelten Produkte auf dem Wochenmarkt verkaufen. Durch die gro\u00dfe Unterst\u00fctzung der Eltern und weiterer Marktbesucher kam dabei, so das Familienzentrum, die \u201efantastische Summe\u201c von 559,47\u20ac zusammen. Sowohl das Familienzentrum als auch die Mitarbeitenden im Familienzentrum freuten sich \u00fcber gro\u00dfe Unterst\u00fctzung.<\/p>\n\n\n\n<p>Text\/Foto: Lambert Brand<\/p>\n\n\n\n<figure class=\"wp-block-gallery columns-1 is-cropped wp-block-gallery-1 is-layout-flex wp-block-gallery-is-layout-flex\"><ul class=\"blocks-gallery-grid\"><li class=\"blocks-gallery-item\"><figure><a href=\"https:\/\/www.forum-soegel.de\/information\/wp-content\/uploads\/2021\/11\/Vorschulkinder-lernen-Fair-Trade-kennen.jpg\"><img loading=\"lazy\" decoding=\"async\" width=\"1024\" height=\"768\" src=\"https:\/\/www.forum-soegel.de\/information\/wp-content\/uploads\/2021\/11\/Vorschulkinder-lernen-Fair-Trade-kennen.jpg\" alt=\"\" data-id=\"31369\" data-full-url=\"https:\/\/www.forum-soegel.de\/information\/wp-content\/uploads\/2021\/11\/Vorschulkinder-lernen-Fair-Trade-kennen.jpg\" data-link=\"https:\/\/www.forum-soegel.de\/information\/?attachment_id=31369\" class=\"wp-image-31369\" srcset=\"https:\/\/www.forum-soegel.de\/information\/wp-content\/uploads\/2021\/11\/Vorschulkinder-lernen-Fair-Trade-kennen.jpg 1024w, https:\/\/www.forum-soegel.de\/information\/wp-content\/uploads\/2021\/11\/Vorschulkinder-lernen-Fair-Trade-kennen-300x225.jpg 300w, https:\/\/www.forum-soegel.de\/information\/wp-content\/uploads\/2021\/11\/Vorschulkinder-lernen-Fair-Trade-kennen-768x576.jpg 768w\" sizes=\"auto, (max-width: 1024px) 100vw, 1024px\" \/><\/a><\/figure><\/li><\/ul><figcaption class=\"blocks-gallery-caption\">Zusammen mit ihren Gruppenleitern boten die Vorschulkinder des S\u00f6geler Familienzentrum fair gehandelte Produkte des Weltladens auf dem Wochenmarkt an und fanden dabei eine gro\u00dfe Resonanz.<\/figcaption><\/figure>\n","protected":false},"excerpt":{"rendered":"Aktion auf dem Wochenmarkt S\u00f6gel &#8211; Die Vorschulkinder im Familienzentrum St. Jakobus haben sich intensiv mit dem Thema \u201eFair Trade\u201c befasst und auf dem S\u00f6geler Wochenmarkt erfolgreich Produkte des Weltladens verkauft. Aufgeteilt in drei Gruppen, haben die Mitarbeitenden mit den Vorschulkindern nach Mitteilung des Familienzentrums erarbeitet, was sie unter \u201efair\u201c und \u201eunfair\u201c verstehen. Gemeinsam schaute [&hellip;]\n","protected":false},"author":2,"featured_media":0,"comment_status":"closed","ping_status":"closed","sticky":false,"template":"","format":"standard","meta":{"ngg_post_thumbnail":0,"footnotes":""},"categories":[868],"tags":[],"class_list":["post-31368","post","type-post","status-publish","format-standard","hentry","category-zwischen-himmel-und-erde"],"_links":{"self":[{"href":"https:\/\/www.forum-soegel.de\/information\/wp-json\/wp\/v2\/posts\/31368","targetHints":{"allow":["GET"]}}],"collection":[{"href":"https:\/\/www.forum-soegel.de\/information\/wp-json\/wp\/v2\/posts"}],"about":[{"href":"https:\/\/www.forum-soegel.de\/information\/wp-json\/wp\/v2\/types\/post"}],"author":[{"embeddable":true,"href":"https:\/\/www.forum-soegel.de\/information\/wp-json\/wp\/v2\/users\/2"}],"replies":[{"embeddable":true,"href":"https:\/\/www.forum-soegel.de\/information\/wp-json\/wp\/v2\/comments?post=31368"}],"version-history":[{"count":1,"href":"https:\/\/www.forum-soegel.de\/information\/wp-json\/wp\/v2\/posts\/31368\/revisions"}],"predecessor-version":[{"id":31370,"href":"https:\/\/www.forum-soegel.de\/information\/wp-json\/wp\/v2\/posts\/31368\/revisions\/31370"}],"wp:attachment":[{"href":"https:\/\/www.forum-soegel.de\/information\/wp-json\/wp\/v2\/media?parent=31368"}],"wp:term":[{"taxonomy":"category","embeddable":true,"href":"https:\/\/www.forum-soegel.de\/information\/wp-json\/wp\/v2\/categories?post=31368"},{"taxonomy":"post_tag","embeddable":true,"href":"https:\/\/www.forum-soegel.de\/information\/wp-json\/wp\/v2\/tags?post=31368"}],"curies":[{"name":"wp","href":"https:\/\/api.w.org\/{rel}","templated":true}]}}