{"id":31365,"date":"2021-11-19T15:00:33","date_gmt":"2021-11-19T14:00:33","guid":{"rendered":"https:\/\/www.forum-soegel.de\/information\/?p=31365"},"modified":"2021-11-19T15:00:33","modified_gmt":"2021-11-19T14:00:33","slug":"vom-sonnenblumenkern-bis-zur-blume","status":"publish","type":"post","link":"https:\/\/www.forum-soegel.de\/information\/2021\/11\/vom-sonnenblumenkern-bis-zur-blume\/","title":{"rendered":"Vom Sonnenblumenkern bis zur Blume"},"content":{"rendered":"\n<p>B\u00f6rger &#8211; Aufgrund von Corona kamen die Ausfl\u00fcge und Hofbesuche in der Kindertagesst\u00e4tte L\u00fctke L\u00fce in B\u00f6rger im letzten Kitajahr oft zu kurz. Aus diesem Grund nahm die Einrichtung an einer Pflanzaktion des Emsl\u00e4ndischen Landvolkes teil. Durch diese Aktion sollte den Kindern die Natur und der Umgang mit Pflanzen n\u00e4hergebracht werden. Jedes Kind durfte seine eigene Sonnenblume pflanzen und betreuen. Anpflanzen, j\u00e4ten, gie\u00dfen und beobachten geh\u00f6rten zu den t\u00e4glichen Aufgaben der Kinder. Auf die Einrichtung mit den gr\u00f6\u00dften Sonnenblumen wartete am Ende eine gro\u00dfe \u00dcberraschung.&nbsp; Die Aktion war ein voller Erfolg und wurde von dem Emsl\u00e4ndischen Landvolk belohnt. Auf einen Bauernhofbesuch d\u00fcrfen sich die Kinder der Kindertagesst\u00e4tte jetzt freuen.<\/p>\n\n\n\n<p>Text\/Foto: KiTa L\u00fctke L\u00fce, Fr. L\u00fcckenjans<\/p>\n\n\n\n<figure class=\"wp-block-gallery columns-1 is-cropped wp-block-gallery-1 is-layout-flex wp-block-gallery-is-layout-flex\"><ul class=\"blocks-gallery-grid\"><li class=\"blocks-gallery-item\"><figure><a href=\"https:\/\/www.forum-soegel.de\/information\/wp-content\/uploads\/2021\/11\/Vom-Sonnenblumenkern-bis-zur-Blume-1-scaled.jpeg\"><img loading=\"lazy\" decoding=\"async\" width=\"768\" height=\"1024\" src=\"https:\/\/www.forum-soegel.de\/information\/wp-content\/uploads\/2021\/11\/Vom-Sonnenblumenkern-bis-zur-Blume-1-768x1024.jpeg\" alt=\"\" data-id=\"31366\" data-full-url=\"https:\/\/www.forum-soegel.de\/information\/wp-content\/uploads\/2021\/11\/Vom-Sonnenblumenkern-bis-zur-Blume-1-scaled.jpeg\" data-link=\"https:\/\/www.forum-soegel.de\/information\/?attachment_id=31366\" class=\"wp-image-31366\" srcset=\"https:\/\/www.forum-soegel.de\/information\/wp-content\/uploads\/2021\/11\/Vom-Sonnenblumenkern-bis-zur-Blume-1-768x1024.jpeg 768w, https:\/\/www.forum-soegel.de\/information\/wp-content\/uploads\/2021\/11\/Vom-Sonnenblumenkern-bis-zur-Blume-1-225x300.jpeg 225w, https:\/\/www.forum-soegel.de\/information\/wp-content\/uploads\/2021\/11\/Vom-Sonnenblumenkern-bis-zur-Blume-1-1152x1536.jpeg 1152w, https:\/\/www.forum-soegel.de\/information\/wp-content\/uploads\/2021\/11\/Vom-Sonnenblumenkern-bis-zur-Blume-1-1536x2048.jpeg 1536w, https:\/\/www.forum-soegel.de\/information\/wp-content\/uploads\/2021\/11\/Vom-Sonnenblumenkern-bis-zur-Blume-1-scaled.jpeg 1920w\" sizes=\"auto, (max-width: 768px) 100vw, 768px\" \/><\/a><\/figure><\/li><\/ul><\/figure>\n","protected":false},"excerpt":{"rendered":"B\u00f6rger &#8211; Aufgrund von Corona kamen die Ausfl\u00fcge und Hofbesuche in der Kindertagesst\u00e4tte L\u00fctke L\u00fce in B\u00f6rger im letzten Kitajahr oft zu kurz. Aus diesem Grund nahm die Einrichtung an einer Pflanzaktion des Emsl\u00e4ndischen Landvolkes teil. Durch diese Aktion sollte den Kindern die Natur und der Umgang mit Pflanzen n\u00e4hergebracht werden. Jedes Kind durfte seine [&hellip;]\n","protected":false},"author":2,"featured_media":0,"comment_status":"closed","ping_status":"closed","sticky":false,"template":"","format":"standard","meta":{"ngg_post_thumbnail":0,"footnotes":""},"categories":[868],"tags":[],"class_list":["post-31365","post","type-post","status-publish","format-standard","hentry","category-zwischen-himmel-und-erde"],"_links":{"self":[{"href":"https:\/\/www.forum-soegel.de\/information\/wp-json\/wp\/v2\/posts\/31365","targetHints":{"allow":["GET"]}}],"collection":[{"href":"https:\/\/www.forum-soegel.de\/information\/wp-json\/wp\/v2\/posts"}],"about":[{"href":"https:\/\/www.forum-soegel.de\/information\/wp-json\/wp\/v2\/types\/post"}],"author":[{"embeddable":true,"href":"https:\/\/www.forum-soegel.de\/information\/wp-json\/wp\/v2\/users\/2"}],"replies":[{"embeddable":true,"href":"https:\/\/www.forum-soegel.de\/information\/wp-json\/wp\/v2\/comments?post=31365"}],"version-history":[{"count":1,"href":"https:\/\/www.forum-soegel.de\/information\/wp-json\/wp\/v2\/posts\/31365\/revisions"}],"predecessor-version":[{"id":31367,"href":"https:\/\/www.forum-soegel.de\/information\/wp-json\/wp\/v2\/posts\/31365\/revisions\/31367"}],"wp:attachment":[{"href":"https:\/\/www.forum-soegel.de\/information\/wp-json\/wp\/v2\/media?parent=31365"}],"wp:term":[{"taxonomy":"category","embeddable":true,"href":"https:\/\/www.forum-soegel.de\/information\/wp-json\/wp\/v2\/categories?post=31365"},{"taxonomy":"post_tag","embeddable":true,"href":"https:\/\/www.forum-soegel.de\/information\/wp-json\/wp\/v2\/tags?post=31365"}],"curies":[{"name":"wp","href":"https:\/\/api.w.org\/{rel}","templated":true}]}}