{"id":31361,"date":"2021-11-19T14:58:26","date_gmt":"2021-11-19T13:58:26","guid":{"rendered":"https:\/\/www.forum-soegel.de\/information\/?p=31361"},"modified":"2021-11-19T14:58:26","modified_gmt":"2021-11-19T13:58:26","slug":"sie-sind-wieder-da","status":"publish","type":"post","link":"https:\/\/www.forum-soegel.de\/information\/2021\/11\/sie-sind-wieder-da\/","title":{"rendered":"Sie sind wieder da!"},"content":{"rendered":"\n<p>S\u00f6gel &#8211; Nach langen achtzehn Monaten sind die Ehrenamtlichen wieder zur\u00fcck im Familienzentrum. Die Mitarbeiterin des Familienzentrums Claudia Grote begr\u00fc\u00dfte die Senioren mit: \u201eSch\u00f6n, dass Ihr wieder da seid.&#8220; Die Lieder der &#8222;Opas&#8220; schallten fr\u00f6hlich durch die ganze Einrichtung. Die &#8222;Omas&#8220; und &#8222;Opas&#8220; freuten sich mit den Kindern \u00fcber das gemeinsame Spiel.<\/p>\n\n\n\n<p>Mitarbeiter, Kinder wie auch die ehrenamtlichen &#8222;Omas und Opas&#8220; haben das Wiedersehen genossen.<\/p>\n\n\n\n<p>\u201eIhr habt uns so gefehlt&#8220;, sagten die Leiterin des Hauses Irmgard Welling und stellv. Leitung Karina Jansen wie aus einem Munde.<\/p>\n\n\n\n<p>Text\/Foto: Irmgard Welling<\/p>\n\n\n\n<figure class=\"wp-block-gallery columns-2 is-cropped wp-block-gallery-1 is-layout-flex wp-block-gallery-is-layout-flex\"><ul class=\"blocks-gallery-grid\"><li class=\"blocks-gallery-item\"><figure><a href=\"https:\/\/www.forum-soegel.de\/information\/wp-content\/uploads\/2021\/11\/Sie-sind-wieder-da-2.jpg\"><img loading=\"lazy\" decoding=\"async\" width=\"1024\" height=\"530\" src=\"https:\/\/www.forum-soegel.de\/information\/wp-content\/uploads\/2021\/11\/Sie-sind-wieder-da-2.jpg\" alt=\"\" data-id=\"31362\" data-full-url=\"https:\/\/www.forum-soegel.de\/information\/wp-content\/uploads\/2021\/11\/Sie-sind-wieder-da-2.jpg\" data-link=\"https:\/\/www.forum-soegel.de\/information\/?attachment_id=31362\" class=\"wp-image-31362\" srcset=\"https:\/\/www.forum-soegel.de\/information\/wp-content\/uploads\/2021\/11\/Sie-sind-wieder-da-2.jpg 1024w, https:\/\/www.forum-soegel.de\/information\/wp-content\/uploads\/2021\/11\/Sie-sind-wieder-da-2-300x155.jpg 300w, https:\/\/www.forum-soegel.de\/information\/wp-content\/uploads\/2021\/11\/Sie-sind-wieder-da-2-768x398.jpg 768w\" sizes=\"auto, (max-width: 1024px) 100vw, 1024px\" \/><\/a><\/figure><\/li><li class=\"blocks-gallery-item\"><figure><a href=\"https:\/\/www.forum-soegel.de\/information\/wp-content\/uploads\/2021\/11\/Sie-sind-wieder-da-1.jpg\"><img loading=\"lazy\" decoding=\"async\" width=\"1024\" height=\"634\" src=\"https:\/\/www.forum-soegel.de\/information\/wp-content\/uploads\/2021\/11\/Sie-sind-wieder-da-1.jpg\" alt=\"\" data-id=\"31363\" data-full-url=\"https:\/\/www.forum-soegel.de\/information\/wp-content\/uploads\/2021\/11\/Sie-sind-wieder-da-1.jpg\" data-link=\"https:\/\/www.forum-soegel.de\/information\/?attachment_id=31363\" class=\"wp-image-31363\" srcset=\"https:\/\/www.forum-soegel.de\/information\/wp-content\/uploads\/2021\/11\/Sie-sind-wieder-da-1.jpg 1024w, https:\/\/www.forum-soegel.de\/information\/wp-content\/uploads\/2021\/11\/Sie-sind-wieder-da-1-300x186.jpg 300w, https:\/\/www.forum-soegel.de\/information\/wp-content\/uploads\/2021\/11\/Sie-sind-wieder-da-1-768x476.jpg 768w\" sizes=\"auto, (max-width: 1024px) 100vw, 1024px\" \/><\/a><\/figure><\/li><\/ul><\/figure>\n","protected":false},"excerpt":{"rendered":"S\u00f6gel &#8211; Nach langen achtzehn Monaten sind die Ehrenamtlichen wieder zur\u00fcck im Familienzentrum. Die Mitarbeiterin des Familienzentrums Claudia Grote begr\u00fc\u00dfte die Senioren mit: \u201eSch\u00f6n, dass Ihr wieder da seid.&#8220; Die Lieder der &#8222;Opas&#8220; schallten fr\u00f6hlich durch die ganze Einrichtung. Die &#8222;Omas&#8220; und &#8222;Opas&#8220; freuten sich mit den Kindern \u00fcber das gemeinsame Spiel. Mitarbeiter, Kinder wie [&hellip;]\n","protected":false},"author":2,"featured_media":0,"comment_status":"closed","ping_status":"closed","sticky":false,"template":"","format":"standard","meta":{"ngg_post_thumbnail":0,"footnotes":""},"categories":[868],"tags":[],"class_list":["post-31361","post","type-post","status-publish","format-standard","hentry","category-zwischen-himmel-und-erde"],"_links":{"self":[{"href":"https:\/\/www.forum-soegel.de\/information\/wp-json\/wp\/v2\/posts\/31361","targetHints":{"allow":["GET"]}}],"collection":[{"href":"https:\/\/www.forum-soegel.de\/information\/wp-json\/wp\/v2\/posts"}],"about":[{"href":"https:\/\/www.forum-soegel.de\/information\/wp-json\/wp\/v2\/types\/post"}],"author":[{"embeddable":true,"href":"https:\/\/www.forum-soegel.de\/information\/wp-json\/wp\/v2\/users\/2"}],"replies":[{"embeddable":true,"href":"https:\/\/www.forum-soegel.de\/information\/wp-json\/wp\/v2\/comments?post=31361"}],"version-history":[{"count":1,"href":"https:\/\/www.forum-soegel.de\/information\/wp-json\/wp\/v2\/posts\/31361\/revisions"}],"predecessor-version":[{"id":31364,"href":"https:\/\/www.forum-soegel.de\/information\/wp-json\/wp\/v2\/posts\/31361\/revisions\/31364"}],"wp:attachment":[{"href":"https:\/\/www.forum-soegel.de\/information\/wp-json\/wp\/v2\/media?parent=31361"}],"wp:term":[{"taxonomy":"category","embeddable":true,"href":"https:\/\/www.forum-soegel.de\/information\/wp-json\/wp\/v2\/categories?post=31361"},{"taxonomy":"post_tag","embeddable":true,"href":"https:\/\/www.forum-soegel.de\/information\/wp-json\/wp\/v2\/tags?post=31361"}],"curies":[{"name":"wp","href":"https:\/\/api.w.org\/{rel}","templated":true}]}}