{"id":31357,"date":"2021-11-19T14:57:01","date_gmt":"2021-11-19T13:57:01","guid":{"rendered":"https:\/\/www.forum-soegel.de\/information\/?p=31357"},"modified":"2021-11-19T14:57:01","modified_gmt":"2021-11-19T13:57:01","slug":"pirat-black-arbeitet-mit-den-kindern-der-kita-und-der-grundschule-spahnharrenstaette-die-corona-pandemie-auf","status":"publish","type":"post","link":"https:\/\/www.forum-soegel.de\/information\/2021\/11\/pirat-black-arbeitet-mit-den-kindern-der-kita-und-der-grundschule-spahnharrenstaette-die-corona-pandemie-auf\/","title":{"rendered":"Pirat Black arbeitet mit den Kindern der KiTa und der Grundschule Spahnharrenst\u00e4tte die Corona-Pandemie auf"},"content":{"rendered":"\n<p>Spahnharrenst\u00e4tte &#8211; Am Mittwoch, dem 06.Oktober strandete Kapit\u00e4n Black in der Turnhalle von Spahnharrenst\u00e4tte. Gemeinsam mit den Kindern aus der Kindertagesst\u00e4tte (KiTa) und den Kindern der 1.Klasse der Grundschule erarbeitete er die Problematiken, die f\u00fcr Kinder und Familien durch die Corona-Pandemie entstanden sind, auf. Dazu z\u00e4hlten unter anderem sowohl die Isolation, die Langeweile als auch der fehlende Kontakt zu den Gro\u00dfeltern. Durch Musik und Bewegung machte Kapit\u00e4n Black noch einmal auf die wichtigen A-H-A \u2013 Regeln aufmerksam.<\/p>\n\n\n\n<p>Der Parit\u00e4tischer Wohlfahrtsverband Niedersachsen e.V. rief diese tolle Aktion ins Leben und Kapit\u00e4n Black ging direkt auf die Sorgen und \u00c4ngste der Kinder ein. Zudem erhielten die Kinder und Familien sowohl einen AHA-Expertenpass als auch Kontaktdaten zu den Selbsthilfegruppen im Emsland.<\/p>\n\n\n\n<p>Text\/Foto: KiTa Spahnharrenst\u00e4tte \/ Andrea L\u00fcken<\/p>\n\n\n\n<figure class=\"wp-block-gallery columns-2 is-cropped wp-block-gallery-1 is-layout-flex wp-block-gallery-is-layout-flex\"><ul class=\"blocks-gallery-grid\"><li class=\"blocks-gallery-item\"><figure><a href=\"https:\/\/www.forum-soegel.de\/information\/wp-content\/uploads\/2021\/11\/Pirat-Black-arbeitet-mit-den-Kindern-der-KiTa-und-der-Grundschule-Spahnharrenstaette-die-Corona-Pandemie-auf-2.jpg\"><img loading=\"lazy\" decoding=\"async\" width=\"1024\" height=\"768\" src=\"https:\/\/www.forum-soegel.de\/information\/wp-content\/uploads\/2021\/11\/Pirat-Black-arbeitet-mit-den-Kindern-der-KiTa-und-der-Grundschule-Spahnharrenstaette-die-Corona-Pandemie-auf-2.jpg\" alt=\"\" data-id=\"31358\" data-full-url=\"https:\/\/www.forum-soegel.de\/information\/wp-content\/uploads\/2021\/11\/Pirat-Black-arbeitet-mit-den-Kindern-der-KiTa-und-der-Grundschule-Spahnharrenstaette-die-Corona-Pandemie-auf-2.jpg\" data-link=\"https:\/\/www.forum-soegel.de\/information\/?attachment_id=31358\" class=\"wp-image-31358\" srcset=\"https:\/\/www.forum-soegel.de\/information\/wp-content\/uploads\/2021\/11\/Pirat-Black-arbeitet-mit-den-Kindern-der-KiTa-und-der-Grundschule-Spahnharrenstaette-die-Corona-Pandemie-auf-2.jpg 1024w, https:\/\/www.forum-soegel.de\/information\/wp-content\/uploads\/2021\/11\/Pirat-Black-arbeitet-mit-den-Kindern-der-KiTa-und-der-Grundschule-Spahnharrenstaette-die-Corona-Pandemie-auf-2-300x225.jpg 300w, https:\/\/www.forum-soegel.de\/information\/wp-content\/uploads\/2021\/11\/Pirat-Black-arbeitet-mit-den-Kindern-der-KiTa-und-der-Grundschule-Spahnharrenstaette-die-Corona-Pandemie-auf-2-768x576.jpg 768w\" sizes=\"auto, (max-width: 1024px) 100vw, 1024px\" \/><\/a><\/figure><\/li><li class=\"blocks-gallery-item\"><figure><a href=\"https:\/\/www.forum-soegel.de\/information\/wp-content\/uploads\/2021\/11\/Pirat-Black-arbeitet-mit-den-Kindern-der-KiTa-und-der-Grundschule-Spahnharrenstaette-die-Corona-Pandemie-auf-1.jpg\"><img loading=\"lazy\" decoding=\"async\" width=\"995\" height=\"768\" src=\"https:\/\/www.forum-soegel.de\/information\/wp-content\/uploads\/2021\/11\/Pirat-Black-arbeitet-mit-den-Kindern-der-KiTa-und-der-Grundschule-Spahnharrenstaette-die-Corona-Pandemie-auf-1.jpg\" alt=\"\" data-id=\"31359\" data-full-url=\"https:\/\/www.forum-soegel.de\/information\/wp-content\/uploads\/2021\/11\/Pirat-Black-arbeitet-mit-den-Kindern-der-KiTa-und-der-Grundschule-Spahnharrenstaette-die-Corona-Pandemie-auf-1.jpg\" data-link=\"https:\/\/www.forum-soegel.de\/information\/?attachment_id=31359\" class=\"wp-image-31359\" srcset=\"https:\/\/www.forum-soegel.de\/information\/wp-content\/uploads\/2021\/11\/Pirat-Black-arbeitet-mit-den-Kindern-der-KiTa-und-der-Grundschule-Spahnharrenstaette-die-Corona-Pandemie-auf-1.jpg 995w, https:\/\/www.forum-soegel.de\/information\/wp-content\/uploads\/2021\/11\/Pirat-Black-arbeitet-mit-den-Kindern-der-KiTa-und-der-Grundschule-Spahnharrenstaette-die-Corona-Pandemie-auf-1-300x232.jpg 300w, https:\/\/www.forum-soegel.de\/information\/wp-content\/uploads\/2021\/11\/Pirat-Black-arbeitet-mit-den-Kindern-der-KiTa-und-der-Grundschule-Spahnharrenstaette-die-Corona-Pandemie-auf-1-768x593.jpg 768w\" sizes=\"auto, (max-width: 995px) 100vw, 995px\" \/><\/a><\/figure><\/li><\/ul><\/figure>\n","protected":false},"excerpt":{"rendered":"Spahnharrenst\u00e4tte &#8211; Am Mittwoch, dem 06.Oktober strandete Kapit\u00e4n Black in der Turnhalle von Spahnharrenst\u00e4tte. Gemeinsam mit den Kindern aus der Kindertagesst\u00e4tte (KiTa) und den Kindern der 1.Klasse der Grundschule erarbeitete er die Problematiken, die f\u00fcr Kinder und Familien durch die Corona-Pandemie entstanden sind, auf. Dazu z\u00e4hlten unter anderem sowohl die Isolation, die Langeweile als auch [&hellip;]\n","protected":false},"author":2,"featured_media":0,"comment_status":"closed","ping_status":"closed","sticky":false,"template":"","format":"standard","meta":{"ngg_post_thumbnail":0,"footnotes":""},"categories":[868],"tags":[],"class_list":["post-31357","post","type-post","status-publish","format-standard","hentry","category-zwischen-himmel-und-erde"],"_links":{"self":[{"href":"https:\/\/www.forum-soegel.de\/information\/wp-json\/wp\/v2\/posts\/31357","targetHints":{"allow":["GET"]}}],"collection":[{"href":"https:\/\/www.forum-soegel.de\/information\/wp-json\/wp\/v2\/posts"}],"about":[{"href":"https:\/\/www.forum-soegel.de\/information\/wp-json\/wp\/v2\/types\/post"}],"author":[{"embeddable":true,"href":"https:\/\/www.forum-soegel.de\/information\/wp-json\/wp\/v2\/users\/2"}],"replies":[{"embeddable":true,"href":"https:\/\/www.forum-soegel.de\/information\/wp-json\/wp\/v2\/comments?post=31357"}],"version-history":[{"count":1,"href":"https:\/\/www.forum-soegel.de\/information\/wp-json\/wp\/v2\/posts\/31357\/revisions"}],"predecessor-version":[{"id":31360,"href":"https:\/\/www.forum-soegel.de\/information\/wp-json\/wp\/v2\/posts\/31357\/revisions\/31360"}],"wp:attachment":[{"href":"https:\/\/www.forum-soegel.de\/information\/wp-json\/wp\/v2\/media?parent=31357"}],"wp:term":[{"taxonomy":"category","embeddable":true,"href":"https:\/\/www.forum-soegel.de\/information\/wp-json\/wp\/v2\/categories?post=31357"},{"taxonomy":"post_tag","embeddable":true,"href":"https:\/\/www.forum-soegel.de\/information\/wp-json\/wp\/v2\/tags?post=31357"}],"curies":[{"name":"wp","href":"https:\/\/api.w.org\/{rel}","templated":true}]}}