{"id":31353,"date":"2021-11-19T14:55:38","date_gmt":"2021-11-19T13:55:38","guid":{"rendered":"https:\/\/www.forum-soegel.de\/information\/?p=31353"},"modified":"2021-11-19T14:55:38","modified_gmt":"2021-11-19T13:55:38","slug":"neustart-seniorengruppe-spahnharrenstaette","status":"publish","type":"post","link":"https:\/\/www.forum-soegel.de\/information\/2021\/11\/neustart-seniorengruppe-spahnharrenstaette\/","title":{"rendered":"Neustart Seniorengruppe Spahnharrenst\u00e4tte"},"content":{"rendered":"\n<p>S\u00f6gel &#8211; Am Dienstag, den 14.09.2021 trafen sich nach 1,5 Jahren Unterbrechung die Senioren aus Spahnharrenst\u00e4tte zu einem gem\u00fctlichen Beisammensein im Pfarrhaus.<\/p>\n\n\n\n<p>Gestartet wurde der gemeinsame Nachmittag mit einer kurzen Andacht in der St. Johannes der T\u00e4ufer Kirche um 14.30 Uhr, anschlie\u00dfend begr\u00fc\u00dfte Irmgard Roosmann wie in den letzten 30 Jahren die Senioren besonders herzlich, da man sich solange nicht treffen konnte. Dann wurde Hans Roosmann gebeten, den Kassenbericht vorzulegen. Dieser wurde einstimmig angenommen und der Vorstand wurde entlastet. Dies war die letzte Amtshandlung des alten Vorstands. Nun durfte die Gemeindereferentin Petra Macke sich im Namen der Gruppe ganz herzlich bedanken f\u00fcr die geleistete Arbeit in den letzten 30 Jahren bei Irmgard Roosmann, welche die Leitung inne hatte, wie auch bei den Mitarbeiterinnen&nbsp; Margret Becker, Agnes Kessens und auch bei Elisabeth Beusing, die leider an diesem Nachmittag nicht kommen konnte. Diese Frauen wie auch Hans Roosmann konnten ihre Arbeit gerne abgeben, da sich im Dorf eine Gruppe von jungen Frauen gefunden hatte, die diese Treffen auch weiterhin im Sinne der Senioren einmal im Monat gestalten und vorbereiten.<\/p>\n\n\n\n<p>Damit es nicht einen kompletten Neustart ohne erfahrene Kr\u00e4fte gibt, hatten sich Maria Hagen und Regina Grote bereiterkl\u00e4rt, mit den neuen Frauen diese Aufgabe weiter zu gestalten. Im neuen Team sind&nbsp; dann zus\u00e4tzlich Martina Hanekamp, Heike Meyer, Agnes Wigbers, Irmgard Henschel, Thea Timpker und die Gemeindereferentin Petra Macke.<\/p>\n\n\n\n<p>Einen Dank f\u00fcr seine langj\u00e4hrige Mitarbeit im musikalischen Bereich wurde Werner Sch\u00fcler ausgesprochen. Er versprach diese Treffen auch weiterhin mit seinen Talenten zu begleiten.<\/p>\n\n\n\n<p>Wie die n\u00e4chsten Treffen aussehen sollen, soll anhand der W\u00fcnsche und Vorschl\u00e4ge der Senioren bei den k\u00fcnftigen Treffen in Erfahrung gebracht werden.<\/p>\n\n\n\n<p>Einen wichtigen Wunsch gab es von allen, die Gruppe soll gerne gr\u00f6\u00dfer werden. Daher laden wir alle Seniorinnen und Senioren ganz herzlich zu den weiteren Treffen ein, die in der Regel am 2. Dienstag im Monat ab 14.30 Uhr mit Start in der Kirche beginnen. Der Termin wird aktuell immer auf dem Pfarrbrief ver\u00f6ffentlicht.<\/p>\n\n\n\n<p>Auf die weiteren Treffen freut sich das neue Leitungsteam.<\/p>\n\n\n\n<p>Text: Petra Macke<\/p>\n\n\n\n<p>Foto: Willi Wigbers<\/p>\n\n\n\n<figure class=\"wp-block-gallery columns-2 is-cropped wp-block-gallery-1 is-layout-flex wp-block-gallery-is-layout-flex\"><ul class=\"blocks-gallery-grid\"><li class=\"blocks-gallery-item\"><figure><a href=\"https:\/\/www.forum-soegel.de\/information\/wp-content\/uploads\/2021\/11\/Neustart-Seniorengruppe-Spahnharrenstaette-2.jpg\"><img loading=\"lazy\" decoding=\"async\" width=\"905\" height=\"768\" src=\"https:\/\/www.forum-soegel.de\/information\/wp-content\/uploads\/2021\/11\/Neustart-Seniorengruppe-Spahnharrenstaette-2.jpg\" alt=\"\" data-id=\"31354\" data-full-url=\"https:\/\/www.forum-soegel.de\/information\/wp-content\/uploads\/2021\/11\/Neustart-Seniorengruppe-Spahnharrenstaette-2.jpg\" data-link=\"https:\/\/www.forum-soegel.de\/information\/?attachment_id=31354\" class=\"wp-image-31354\" srcset=\"https:\/\/www.forum-soegel.de\/information\/wp-content\/uploads\/2021\/11\/Neustart-Seniorengruppe-Spahnharrenstaette-2.jpg 905w, https:\/\/www.forum-soegel.de\/information\/wp-content\/uploads\/2021\/11\/Neustart-Seniorengruppe-Spahnharrenstaette-2-300x255.jpg 300w, https:\/\/www.forum-soegel.de\/information\/wp-content\/uploads\/2021\/11\/Neustart-Seniorengruppe-Spahnharrenstaette-2-768x652.jpg 768w\" sizes=\"auto, (max-width: 905px) 100vw, 905px\" \/><\/a><\/figure><\/li><li class=\"blocks-gallery-item\"><figure><a href=\"https:\/\/www.forum-soegel.de\/information\/wp-content\/uploads\/2021\/11\/Neustart-Seniorengruppe-Spahnharrenstaette-1.jpg\"><img loading=\"lazy\" decoding=\"async\" width=\"1024\" height=\"750\" src=\"https:\/\/www.forum-soegel.de\/information\/wp-content\/uploads\/2021\/11\/Neustart-Seniorengruppe-Spahnharrenstaette-1.jpg\" alt=\"\" data-id=\"31355\" data-full-url=\"https:\/\/www.forum-soegel.de\/information\/wp-content\/uploads\/2021\/11\/Neustart-Seniorengruppe-Spahnharrenstaette-1.jpg\" data-link=\"https:\/\/www.forum-soegel.de\/information\/?attachment_id=31355\" class=\"wp-image-31355\" srcset=\"https:\/\/www.forum-soegel.de\/information\/wp-content\/uploads\/2021\/11\/Neustart-Seniorengruppe-Spahnharrenstaette-1.jpg 1024w, https:\/\/www.forum-soegel.de\/information\/wp-content\/uploads\/2021\/11\/Neustart-Seniorengruppe-Spahnharrenstaette-1-300x220.jpg 300w, https:\/\/www.forum-soegel.de\/information\/wp-content\/uploads\/2021\/11\/Neustart-Seniorengruppe-Spahnharrenstaette-1-768x563.jpg 768w\" sizes=\"auto, (max-width: 1024px) 100vw, 1024px\" \/><\/a><\/figure><\/li><\/ul><figcaption class=\"blocks-gallery-caption\"><br><strong>neues Leitungsteam Seniorengruppe Spahnharrenst\u00e4tte,<\/strong><br><strong>verabschiedetes Leitungsteam Seniorengruppe Spahnharrenst\u00e4tt<\/strong>e<\/figcaption><\/figure>\n","protected":false},"excerpt":{"rendered":"S\u00f6gel &#8211; Am Dienstag, den 14.09.2021 trafen sich nach 1,5 Jahren Unterbrechung die Senioren aus Spahnharrenst\u00e4tte zu einem gem\u00fctlichen Beisammensein im Pfarrhaus. Gestartet wurde der gemeinsame Nachmittag mit einer kurzen Andacht in der St. Johannes der T\u00e4ufer Kirche um 14.30 Uhr, anschlie\u00dfend begr\u00fc\u00dfte Irmgard Roosmann wie in den letzten 30 Jahren die Senioren besonders herzlich, [&hellip;]\n","protected":false},"author":2,"featured_media":0,"comment_status":"closed","ping_status":"closed","sticky":false,"template":"","format":"standard","meta":{"ngg_post_thumbnail":0,"footnotes":""},"categories":[868],"tags":[],"class_list":["post-31353","post","type-post","status-publish","format-standard","hentry","category-zwischen-himmel-und-erde"],"_links":{"self":[{"href":"https:\/\/www.forum-soegel.de\/information\/wp-json\/wp\/v2\/posts\/31353","targetHints":{"allow":["GET"]}}],"collection":[{"href":"https:\/\/www.forum-soegel.de\/information\/wp-json\/wp\/v2\/posts"}],"about":[{"href":"https:\/\/www.forum-soegel.de\/information\/wp-json\/wp\/v2\/types\/post"}],"author":[{"embeddable":true,"href":"https:\/\/www.forum-soegel.de\/information\/wp-json\/wp\/v2\/users\/2"}],"replies":[{"embeddable":true,"href":"https:\/\/www.forum-soegel.de\/information\/wp-json\/wp\/v2\/comments?post=31353"}],"version-history":[{"count":1,"href":"https:\/\/www.forum-soegel.de\/information\/wp-json\/wp\/v2\/posts\/31353\/revisions"}],"predecessor-version":[{"id":31356,"href":"https:\/\/www.forum-soegel.de\/information\/wp-json\/wp\/v2\/posts\/31353\/revisions\/31356"}],"wp:attachment":[{"href":"https:\/\/www.forum-soegel.de\/information\/wp-json\/wp\/v2\/media?parent=31353"}],"wp:term":[{"taxonomy":"category","embeddable":true,"href":"https:\/\/www.forum-soegel.de\/information\/wp-json\/wp\/v2\/categories?post=31353"},{"taxonomy":"post_tag","embeddable":true,"href":"https:\/\/www.forum-soegel.de\/information\/wp-json\/wp\/v2\/tags?post=31353"}],"curies":[{"name":"wp","href":"https:\/\/api.w.org\/{rel}","templated":true}]}}