{"id":31349,"date":"2021-11-19T14:53:06","date_gmt":"2021-11-19T13:53:06","guid":{"rendered":"https:\/\/www.forum-soegel.de\/information\/?p=31349"},"modified":"2021-11-19T14:53:06","modified_gmt":"2021-11-19T13:53:06","slug":"generalversammlung-der-kfd-werpeloh-4","status":"publish","type":"post","link":"https:\/\/www.forum-soegel.de\/information\/2021\/11\/generalversammlung-der-kfd-werpeloh-4\/","title":{"rendered":"Generalversammlung der KFD Werpeloh"},"content":{"rendered":"\n<p>Werpeloh &#8211; Am Sonntag, den 29.08.2021 fand die Generalversammlung der KFD Werpeloh im Werpeloh Hof statt. Zahlreiche Mitglieder sind erschienen, um den Vorstand zu entlasten. Die Generalversammlung begann mit einem Wortgottesdienst in der Werpeloher Kirche anschlie\u00dfend fand bei einem netten Fr\u00fchst\u00fcck die Generalversammlung f\u00fcr das Jahr 2020-2021 statt. Es standen Vorstandswahlen an, der Vorstand setzt sich jetzt wie folgt zusammen:<\/p>\n\n\n\n<p>1.Vorsitzende: Insa Rohlmann<\/p>\n\n\n\n<p>Kassenwartin: Monika Horstmann,<\/p>\n\n\n\n<p>Schriftf\u00fchrerin: Kerstin Terborg, Stefanie Knoll, Insa Rohlmann, Caroline Hempen, Silke P\u00fcsken und Maria Kellner.<\/p>\n\n\n\n<p>Es wurde der T\u00e4tigkeitsbericht vom Jahr 2020 und 2021 vorgestellt, auf Grund der Pandemie mussten leider einige Aktionen ausfallen. Zudem bedankte sich der Vorstand bei den Fahnentr\u00e4gern f\u00fcr den guten Ablauf in den vergangenen beiden Jahren.<\/p>\n\n\n\n<p>Text\/Foto: Sonja Kruithoff<\/p>\n\n\n\n<figure class=\"wp-block-gallery columns-2 is-cropped wp-block-gallery-1 is-layout-flex wp-block-gallery-is-layout-flex\"><ul class=\"blocks-gallery-grid\"><li class=\"blocks-gallery-item\"><figure><a href=\"https:\/\/www.forum-soegel.de\/information\/wp-content\/uploads\/2021\/11\/Generalversammlung-der-KFD-Werpeloh-2-scaled.jpg\"><img loading=\"lazy\" decoding=\"async\" width=\"1024\" height=\"683\" src=\"https:\/\/www.forum-soegel.de\/information\/wp-content\/uploads\/2021\/11\/Generalversammlung-der-KFD-Werpeloh-2-1024x683.jpg\" alt=\"\" data-id=\"31350\" data-full-url=\"https:\/\/www.forum-soegel.de\/information\/wp-content\/uploads\/2021\/11\/Generalversammlung-der-KFD-Werpeloh-2-scaled.jpg\" data-link=\"https:\/\/www.forum-soegel.de\/information\/?attachment_id=31350\" class=\"wp-image-31350\" srcset=\"https:\/\/www.forum-soegel.de\/information\/wp-content\/uploads\/2021\/11\/Generalversammlung-der-KFD-Werpeloh-2-1024x683.jpg 1024w, https:\/\/www.forum-soegel.de\/information\/wp-content\/uploads\/2021\/11\/Generalversammlung-der-KFD-Werpeloh-2-300x200.jpg 300w, https:\/\/www.forum-soegel.de\/information\/wp-content\/uploads\/2021\/11\/Generalversammlung-der-KFD-Werpeloh-2-768x512.jpg 768w, https:\/\/www.forum-soegel.de\/information\/wp-content\/uploads\/2021\/11\/Generalversammlung-der-KFD-Werpeloh-2-1536x1024.jpg 1536w, https:\/\/www.forum-soegel.de\/information\/wp-content\/uploads\/2021\/11\/Generalversammlung-der-KFD-Werpeloh-2-2048x1365.jpg 2048w\" sizes=\"auto, (max-width: 1024px) 100vw, 1024px\" \/><\/a><\/figure><\/li><li class=\"blocks-gallery-item\"><figure><a href=\"https:\/\/www.forum-soegel.de\/information\/wp-content\/uploads\/2021\/11\/Generalversammlung-der-KFD-Werpeloh-1-scaled.jpg\"><img loading=\"lazy\" decoding=\"async\" width=\"1024\" height=\"683\" src=\"https:\/\/www.forum-soegel.de\/information\/wp-content\/uploads\/2021\/11\/Generalversammlung-der-KFD-Werpeloh-1-1024x683.jpg\" alt=\"\" data-id=\"31351\" data-full-url=\"https:\/\/www.forum-soegel.de\/information\/wp-content\/uploads\/2021\/11\/Generalversammlung-der-KFD-Werpeloh-1-scaled.jpg\" data-link=\"https:\/\/www.forum-soegel.de\/information\/?attachment_id=31351\" class=\"wp-image-31351\" srcset=\"https:\/\/www.forum-soegel.de\/information\/wp-content\/uploads\/2021\/11\/Generalversammlung-der-KFD-Werpeloh-1-1024x683.jpg 1024w, https:\/\/www.forum-soegel.de\/information\/wp-content\/uploads\/2021\/11\/Generalversammlung-der-KFD-Werpeloh-1-300x200.jpg 300w, https:\/\/www.forum-soegel.de\/information\/wp-content\/uploads\/2021\/11\/Generalversammlung-der-KFD-Werpeloh-1-768x512.jpg 768w, https:\/\/www.forum-soegel.de\/information\/wp-content\/uploads\/2021\/11\/Generalversammlung-der-KFD-Werpeloh-1-1536x1024.jpg 1536w, https:\/\/www.forum-soegel.de\/information\/wp-content\/uploads\/2021\/11\/Generalversammlung-der-KFD-Werpeloh-1-2048x1365.jpg 2048w\" sizes=\"auto, (max-width: 1024px) 100vw, 1024px\" \/><\/a><\/figure><\/li><\/ul><figcaption class=\"blocks-gallery-caption\">Alter und neuer Vorstand und<br>Fahnentr\u00e4ger<\/figcaption><\/figure>\n\n\n\n<p><strong><em><br><br><\/em><\/strong><\/p>\n","protected":false},"excerpt":{"rendered":"Werpeloh &#8211; Am Sonntag, den 29.08.2021 fand die Generalversammlung der KFD Werpeloh im Werpeloh Hof statt. Zahlreiche Mitglieder sind erschienen, um den Vorstand zu entlasten. Die Generalversammlung begann mit einem Wortgottesdienst in der Werpeloher Kirche anschlie\u00dfend fand bei einem netten Fr\u00fchst\u00fcck die Generalversammlung f\u00fcr das Jahr 2020-2021 statt. Es standen Vorstandswahlen an, der Vorstand setzt [&hellip;]\n","protected":false},"author":2,"featured_media":0,"comment_status":"closed","ping_status":"closed","sticky":false,"template":"","format":"standard","meta":{"ngg_post_thumbnail":0,"footnotes":""},"categories":[868],"tags":[],"class_list":["post-31349","post","type-post","status-publish","format-standard","hentry","category-zwischen-himmel-und-erde"],"_links":{"self":[{"href":"https:\/\/www.forum-soegel.de\/information\/wp-json\/wp\/v2\/posts\/31349","targetHints":{"allow":["GET"]}}],"collection":[{"href":"https:\/\/www.forum-soegel.de\/information\/wp-json\/wp\/v2\/posts"}],"about":[{"href":"https:\/\/www.forum-soegel.de\/information\/wp-json\/wp\/v2\/types\/post"}],"author":[{"embeddable":true,"href":"https:\/\/www.forum-soegel.de\/information\/wp-json\/wp\/v2\/users\/2"}],"replies":[{"embeddable":true,"href":"https:\/\/www.forum-soegel.de\/information\/wp-json\/wp\/v2\/comments?post=31349"}],"version-history":[{"count":1,"href":"https:\/\/www.forum-soegel.de\/information\/wp-json\/wp\/v2\/posts\/31349\/revisions"}],"predecessor-version":[{"id":31352,"href":"https:\/\/www.forum-soegel.de\/information\/wp-json\/wp\/v2\/posts\/31349\/revisions\/31352"}],"wp:attachment":[{"href":"https:\/\/www.forum-soegel.de\/information\/wp-json\/wp\/v2\/media?parent=31349"}],"wp:term":[{"taxonomy":"category","embeddable":true,"href":"https:\/\/www.forum-soegel.de\/information\/wp-json\/wp\/v2\/categories?post=31349"},{"taxonomy":"post_tag","embeddable":true,"href":"https:\/\/www.forum-soegel.de\/information\/wp-json\/wp\/v2\/tags?post=31349"}],"curies":[{"name":"wp","href":"https:\/\/api.w.org\/{rel}","templated":true}]}}