{"id":31338,"date":"2021-11-19T14:49:04","date_gmt":"2021-11-19T13:49:04","guid":{"rendered":"https:\/\/www.forum-soegel.de\/information\/?p=31338"},"modified":"2021-11-19T14:49:04","modified_gmt":"2021-11-19T13:49:04","slug":"fleissige-gaertner-im-kindergarten-st-michael-stavern","status":"publish","type":"post","link":"https:\/\/www.forum-soegel.de\/information\/2021\/11\/fleissige-gaertner-im-kindergarten-st-michael-stavern\/","title":{"rendered":"Flei\u00dfige G\u00e4rtner im Kindergarten St. Michael, Stavern"},"content":{"rendered":"\n<p>Stavern &#8211; In Zusammenarbeit mit dem Landvolk Stavern waren die Kindergartenkinder des Kath. Kindergartens St. Michael schon im Fr\u00fchjahr sehr flei\u00dfig. Mit Hilfe des Landwirtes Jens Suren- Schmits wurde an einem angrenzenden Feldrand in Stavern eine Sonnenblumenaktion gestaltet. Jedes Kind durfte selber seine eigene Sonnenblume eins\u00e4en. Die kleinen G\u00e4rtner und G\u00e4rtnerinnen haben sich mit viel Flei\u00df um die Sonnenblumenpflanzen gek\u00fcmmert. Dazu wurden auch im Sommer die Gie\u00dfkannen randvoll mit Wasser bef\u00fcllt und zum Sonnenblumenfeld gebracht. So sind die Sonnenblumen mit der Zeit sehr hoch gewachsen und die Bl\u00fcten leuchten nun sch\u00f6n gelb. Anhand der Namensteine, welche die Kinder vor ihre eigene Sonnenblume legen durften, konnten wir das Kind mit der h\u00f6chsten Sonnenblume k\u00fcren. Die Sonnenblume von Jannes Knoll ist 2,93m hoch gewachsen! F\u00fcr alle Vorschulkinder hat er einen Besuch beim Landwirt gewonnen. Herzlichen Gl\u00fcckwunsch!<\/p>\n\n\n\n<p>M\u00f6hrenernte der Krippenkinder:<\/p>\n\n\n\n<p>Auch die Kleinsten aus der Krippengruppe des Kindergarten St. Michael in Stavern, haben erfolgreich ihre M\u00f6hren geerntet. Schon im Fr\u00fchjahr haben sie ihr Hochbeet mit Paprikapflanzen und M\u00f6hrensaat bepflanzt. Nach dem vielen Gie\u00dfen der Pflanzen war es an der Zeit die M\u00f6hren zu ernten. Damit die Krippenkinder ihre M\u00f6hren auch probieren konnten, wurden sie von allen Kindern gemeinsam abgewaschen. Dann konnten sie es sich schmecken lassen. Mhhm, das war sehr lecker!<\/p>\n\n\n\n<p>Text\/Foto: Das Kindergartenteam<\/p>\n\n\n\n<figure class=\"wp-block-gallery columns-3 is-cropped wp-block-gallery-1 is-layout-flex wp-block-gallery-is-layout-flex\"><ul class=\"blocks-gallery-grid\"><li class=\"blocks-gallery-item\"><figure><a href=\"https:\/\/www.forum-soegel.de\/information\/wp-content\/uploads\/2021\/11\/Fleissige-Gaertner-im-Kindergarten-St.-Michael-Stavern-9.jpeg\"><img loading=\"lazy\" decoding=\"async\" width=\"768\" height=\"1024\" src=\"https:\/\/www.forum-soegel.de\/information\/wp-content\/uploads\/2021\/11\/Fleissige-Gaertner-im-Kindergarten-St.-Michael-Stavern-9-768x1024.jpeg\" alt=\"\" data-id=\"31339\" data-full-url=\"https:\/\/www.forum-soegel.de\/information\/wp-content\/uploads\/2021\/11\/Fleissige-Gaertner-im-Kindergarten-St.-Michael-Stavern-9.jpeg\" data-link=\"https:\/\/www.forum-soegel.de\/information\/?attachment_id=31339\" class=\"wp-image-31339\" srcset=\"https:\/\/www.forum-soegel.de\/information\/wp-content\/uploads\/2021\/11\/Fleissige-Gaertner-im-Kindergarten-St.-Michael-Stavern-9-768x1024.jpeg 768w, https:\/\/www.forum-soegel.de\/information\/wp-content\/uploads\/2021\/11\/Fleissige-Gaertner-im-Kindergarten-St.-Michael-Stavern-9-225x300.jpeg 225w, https:\/\/www.forum-soegel.de\/information\/wp-content\/uploads\/2021\/11\/Fleissige-Gaertner-im-Kindergarten-St.-Michael-Stavern-9.jpeg 990w\" sizes=\"auto, (max-width: 768px) 100vw, 768px\" \/><\/a><\/figure><\/li><li class=\"blocks-gallery-item\"><figure><a href=\"https:\/\/www.forum-soegel.de\/information\/wp-content\/uploads\/2021\/11\/Fleissige-Gaertner-im-Kindergarten-St.-Michael-Stavern-1.jpeg\"><img loading=\"lazy\" decoding=\"async\" width=\"640\" height=\"480\" src=\"https:\/\/www.forum-soegel.de\/information\/wp-content\/uploads\/2021\/11\/Fleissige-Gaertner-im-Kindergarten-St.-Michael-Stavern-1.jpeg\" alt=\"\" data-id=\"31340\" data-full-url=\"https:\/\/www.forum-soegel.de\/information\/wp-content\/uploads\/2021\/11\/Fleissige-Gaertner-im-Kindergarten-St.-Michael-Stavern-1.jpeg\" data-link=\"https:\/\/www.forum-soegel.de\/information\/?attachment_id=31340\" class=\"wp-image-31340\" srcset=\"https:\/\/www.forum-soegel.de\/information\/wp-content\/uploads\/2021\/11\/Fleissige-Gaertner-im-Kindergarten-St.-Michael-Stavern-1.jpeg 640w, https:\/\/www.forum-soegel.de\/information\/wp-content\/uploads\/2021\/11\/Fleissige-Gaertner-im-Kindergarten-St.-Michael-Stavern-1-300x225.jpeg 300w\" sizes=\"auto, (max-width: 640px) 100vw, 640px\" \/><\/a><\/figure><\/li><li class=\"blocks-gallery-item\"><figure><a href=\"https:\/\/www.forum-soegel.de\/information\/wp-content\/uploads\/2021\/11\/Fleissige-Gaertner-im-Kindergarten-St.-Michael-Stavern-2.jpeg\"><img loading=\"lazy\" decoding=\"async\" width=\"480\" height=\"640\" src=\"https:\/\/www.forum-soegel.de\/information\/wp-content\/uploads\/2021\/11\/Fleissige-Gaertner-im-Kindergarten-St.-Michael-Stavern-2.jpeg\" alt=\"\" data-id=\"31341\" data-full-url=\"https:\/\/www.forum-soegel.de\/information\/wp-content\/uploads\/2021\/11\/Fleissige-Gaertner-im-Kindergarten-St.-Michael-Stavern-2.jpeg\" data-link=\"https:\/\/www.forum-soegel.de\/information\/?attachment_id=31341\" class=\"wp-image-31341\" srcset=\"https:\/\/www.forum-soegel.de\/information\/wp-content\/uploads\/2021\/11\/Fleissige-Gaertner-im-Kindergarten-St.-Michael-Stavern-2.jpeg 480w, https:\/\/www.forum-soegel.de\/information\/wp-content\/uploads\/2021\/11\/Fleissige-Gaertner-im-Kindergarten-St.-Michael-Stavern-2-225x300.jpeg 225w\" sizes=\"auto, (max-width: 480px) 100vw, 480px\" \/><\/a><\/figure><\/li><li class=\"blocks-gallery-item\"><figure><a href=\"https:\/\/www.forum-soegel.de\/information\/wp-content\/uploads\/2021\/11\/Fleissige-Gaertner-im-Kindergarten-St.-Michael-Stavern-3.jpeg\"><img loading=\"lazy\" decoding=\"async\" width=\"480\" height=\"640\" src=\"https:\/\/www.forum-soegel.de\/information\/wp-content\/uploads\/2021\/11\/Fleissige-Gaertner-im-Kindergarten-St.-Michael-Stavern-3.jpeg\" alt=\"\" data-id=\"31342\" data-full-url=\"https:\/\/www.forum-soegel.de\/information\/wp-content\/uploads\/2021\/11\/Fleissige-Gaertner-im-Kindergarten-St.-Michael-Stavern-3.jpeg\" data-link=\"https:\/\/www.forum-soegel.de\/information\/?attachment_id=31342\" class=\"wp-image-31342\" srcset=\"https:\/\/www.forum-soegel.de\/information\/wp-content\/uploads\/2021\/11\/Fleissige-Gaertner-im-Kindergarten-St.-Michael-Stavern-3.jpeg 480w, https:\/\/www.forum-soegel.de\/information\/wp-content\/uploads\/2021\/11\/Fleissige-Gaertner-im-Kindergarten-St.-Michael-Stavern-3-225x300.jpeg 225w\" sizes=\"auto, (max-width: 480px) 100vw, 480px\" \/><\/a><\/figure><\/li><li class=\"blocks-gallery-item\"><figure><a href=\"https:\/\/www.forum-soegel.de\/information\/wp-content\/uploads\/2021\/11\/Fleissige-Gaertner-im-Kindergarten-St.-Michael-Stavern-4.jpeg\"><img loading=\"lazy\" decoding=\"async\" width=\"640\" height=\"480\" src=\"https:\/\/www.forum-soegel.de\/information\/wp-content\/uploads\/2021\/11\/Fleissige-Gaertner-im-Kindergarten-St.-Michael-Stavern-4.jpeg\" alt=\"\" data-id=\"31343\" data-full-url=\"https:\/\/www.forum-soegel.de\/information\/wp-content\/uploads\/2021\/11\/Fleissige-Gaertner-im-Kindergarten-St.-Michael-Stavern-4.jpeg\" data-link=\"https:\/\/www.forum-soegel.de\/information\/?attachment_id=31343\" class=\"wp-image-31343\" srcset=\"https:\/\/www.forum-soegel.de\/information\/wp-content\/uploads\/2021\/11\/Fleissige-Gaertner-im-Kindergarten-St.-Michael-Stavern-4.jpeg 640w, https:\/\/www.forum-soegel.de\/information\/wp-content\/uploads\/2021\/11\/Fleissige-Gaertner-im-Kindergarten-St.-Michael-Stavern-4-300x225.jpeg 300w\" sizes=\"auto, (max-width: 640px) 100vw, 640px\" \/><\/a><\/figure><\/li><li class=\"blocks-gallery-item\"><figure><a href=\"https:\/\/www.forum-soegel.de\/information\/wp-content\/uploads\/2021\/11\/Fleissige-Gaertner-im-Kindergarten-St.-Michael-Stavern-5.jpeg\"><img loading=\"lazy\" decoding=\"async\" width=\"480\" height=\"640\" src=\"https:\/\/www.forum-soegel.de\/information\/wp-content\/uploads\/2021\/11\/Fleissige-Gaertner-im-Kindergarten-St.-Michael-Stavern-5.jpeg\" alt=\"\" data-id=\"31344\" data-full-url=\"https:\/\/www.forum-soegel.de\/information\/wp-content\/uploads\/2021\/11\/Fleissige-Gaertner-im-Kindergarten-St.-Michael-Stavern-5.jpeg\" data-link=\"https:\/\/www.forum-soegel.de\/information\/?attachment_id=31344\" class=\"wp-image-31344\" srcset=\"https:\/\/www.forum-soegel.de\/information\/wp-content\/uploads\/2021\/11\/Fleissige-Gaertner-im-Kindergarten-St.-Michael-Stavern-5.jpeg 480w, https:\/\/www.forum-soegel.de\/information\/wp-content\/uploads\/2021\/11\/Fleissige-Gaertner-im-Kindergarten-St.-Michael-Stavern-5-225x300.jpeg 225w\" sizes=\"auto, (max-width: 480px) 100vw, 480px\" \/><\/a><\/figure><\/li><li class=\"blocks-gallery-item\"><figure><a href=\"https:\/\/www.forum-soegel.de\/information\/wp-content\/uploads\/2021\/11\/Fleissige-Gaertner-im-Kindergarten-St.-Michael-Stavern-6.jpeg\"><img loading=\"lazy\" decoding=\"async\" width=\"640\" height=\"480\" src=\"https:\/\/www.forum-soegel.de\/information\/wp-content\/uploads\/2021\/11\/Fleissige-Gaertner-im-Kindergarten-St.-Michael-Stavern-6.jpeg\" alt=\"\" data-id=\"31345\" data-full-url=\"https:\/\/www.forum-soegel.de\/information\/wp-content\/uploads\/2021\/11\/Fleissige-Gaertner-im-Kindergarten-St.-Michael-Stavern-6.jpeg\" data-link=\"https:\/\/www.forum-soegel.de\/information\/?attachment_id=31345\" class=\"wp-image-31345\" srcset=\"https:\/\/www.forum-soegel.de\/information\/wp-content\/uploads\/2021\/11\/Fleissige-Gaertner-im-Kindergarten-St.-Michael-Stavern-6.jpeg 640w, https:\/\/www.forum-soegel.de\/information\/wp-content\/uploads\/2021\/11\/Fleissige-Gaertner-im-Kindergarten-St.-Michael-Stavern-6-300x225.jpeg 300w\" sizes=\"auto, (max-width: 640px) 100vw, 640px\" \/><\/a><\/figure><\/li><li class=\"blocks-gallery-item\"><figure><a href=\"https:\/\/www.forum-soegel.de\/information\/wp-content\/uploads\/2021\/11\/Fleissige-Gaertner-im-Kindergarten-St.-Michael-Stavern-7.jpeg\"><img loading=\"lazy\" decoding=\"async\" width=\"480\" height=\"640\" src=\"https:\/\/www.forum-soegel.de\/information\/wp-content\/uploads\/2021\/11\/Fleissige-Gaertner-im-Kindergarten-St.-Michael-Stavern-7.jpeg\" alt=\"\" data-id=\"31346\" data-full-url=\"https:\/\/www.forum-soegel.de\/information\/wp-content\/uploads\/2021\/11\/Fleissige-Gaertner-im-Kindergarten-St.-Michael-Stavern-7.jpeg\" data-link=\"https:\/\/www.forum-soegel.de\/information\/?attachment_id=31346\" class=\"wp-image-31346\" srcset=\"https:\/\/www.forum-soegel.de\/information\/wp-content\/uploads\/2021\/11\/Fleissige-Gaertner-im-Kindergarten-St.-Michael-Stavern-7.jpeg 480w, https:\/\/www.forum-soegel.de\/information\/wp-content\/uploads\/2021\/11\/Fleissige-Gaertner-im-Kindergarten-St.-Michael-Stavern-7-225x300.jpeg 225w\" sizes=\"auto, (max-width: 480px) 100vw, 480px\" \/><\/a><\/figure><\/li><li class=\"blocks-gallery-item\"><figure><a href=\"https:\/\/www.forum-soegel.de\/information\/wp-content\/uploads\/2021\/11\/Fleissige-Gaertner-im-Kindergarten-St.-Michael-Stavern-8.jpeg\"><img loading=\"lazy\" decoding=\"async\" width=\"640\" height=\"480\" src=\"https:\/\/www.forum-soegel.de\/information\/wp-content\/uploads\/2021\/11\/Fleissige-Gaertner-im-Kindergarten-St.-Michael-Stavern-8.jpeg\" alt=\"\" data-id=\"31347\" data-full-url=\"https:\/\/www.forum-soegel.de\/information\/wp-content\/uploads\/2021\/11\/Fleissige-Gaertner-im-Kindergarten-St.-Michael-Stavern-8.jpeg\" data-link=\"https:\/\/www.forum-soegel.de\/information\/?attachment_id=31347\" class=\"wp-image-31347\" srcset=\"https:\/\/www.forum-soegel.de\/information\/wp-content\/uploads\/2021\/11\/Fleissige-Gaertner-im-Kindergarten-St.-Michael-Stavern-8.jpeg 640w, https:\/\/www.forum-soegel.de\/information\/wp-content\/uploads\/2021\/11\/Fleissige-Gaertner-im-Kindergarten-St.-Michael-Stavern-8-300x225.jpeg 300w\" sizes=\"auto, (max-width: 640px) 100vw, 640px\" \/><\/a><\/figure><\/li><\/ul><\/figure>\n","protected":false},"excerpt":{"rendered":"Stavern &#8211; In Zusammenarbeit mit dem Landvolk Stavern waren die Kindergartenkinder des Kath. Kindergartens St. Michael schon im Fr\u00fchjahr sehr flei\u00dfig. Mit Hilfe des Landwirtes Jens Suren- Schmits wurde an einem angrenzenden Feldrand in Stavern eine Sonnenblumenaktion gestaltet. Jedes Kind durfte selber seine eigene Sonnenblume eins\u00e4en. Die kleinen G\u00e4rtner und G\u00e4rtnerinnen haben sich mit viel [&hellip;]\n","protected":false},"author":2,"featured_media":0,"comment_status":"closed","ping_status":"closed","sticky":false,"template":"","format":"standard","meta":{"ngg_post_thumbnail":0,"footnotes":""},"categories":[868],"tags":[],"class_list":["post-31338","post","type-post","status-publish","format-standard","hentry","category-zwischen-himmel-und-erde"],"_links":{"self":[{"href":"https:\/\/www.forum-soegel.de\/information\/wp-json\/wp\/v2\/posts\/31338","targetHints":{"allow":["GET"]}}],"collection":[{"href":"https:\/\/www.forum-soegel.de\/information\/wp-json\/wp\/v2\/posts"}],"about":[{"href":"https:\/\/www.forum-soegel.de\/information\/wp-json\/wp\/v2\/types\/post"}],"author":[{"embeddable":true,"href":"https:\/\/www.forum-soegel.de\/information\/wp-json\/wp\/v2\/users\/2"}],"replies":[{"embeddable":true,"href":"https:\/\/www.forum-soegel.de\/information\/wp-json\/wp\/v2\/comments?post=31338"}],"version-history":[{"count":1,"href":"https:\/\/www.forum-soegel.de\/information\/wp-json\/wp\/v2\/posts\/31338\/revisions"}],"predecessor-version":[{"id":31348,"href":"https:\/\/www.forum-soegel.de\/information\/wp-json\/wp\/v2\/posts\/31338\/revisions\/31348"}],"wp:attachment":[{"href":"https:\/\/www.forum-soegel.de\/information\/wp-json\/wp\/v2\/media?parent=31338"}],"wp:term":[{"taxonomy":"category","embeddable":true,"href":"https:\/\/www.forum-soegel.de\/information\/wp-json\/wp\/v2\/categories?post=31338"},{"taxonomy":"post_tag","embeddable":true,"href":"https:\/\/www.forum-soegel.de\/information\/wp-json\/wp\/v2\/tags?post=31338"}],"curies":[{"name":"wp","href":"https:\/\/api.w.org\/{rel}","templated":true}]}}