{"id":31336,"date":"2021-11-19T14:47:26","date_gmt":"2021-11-19T13:47:26","guid":{"rendered":"https:\/\/www.forum-soegel.de\/information\/?p=31336"},"modified":"2021-11-19T14:47:26","modified_gmt":"2021-11-19T13:47:26","slug":"anmeldetage-fuer-die-kita-speelhus-und-fuer-die-kita-luetke-luee-in-boerger","status":"publish","type":"post","link":"https:\/\/www.forum-soegel.de\/information\/2021\/11\/anmeldetage-fuer-die-kita-speelhus-und-fuer-die-kita-luetke-luee-in-boerger\/","title":{"rendered":"Anmeldetage f\u00fcr die KiTa &#8222;Speelhus&#8220; und f\u00fcr die KiTa &#8222;L\u00fctke L\u00fce&#8220; in B\u00f6rger"},"content":{"rendered":"\n<p>B\u00f6rger &#8211; Sie m\u00f6chten Ihr Kind ab Sommer 2022 f\u00fcr die Kita anmelden? Gerne nehmen wir Ihre Anmeldungen f\u00fcr den Besuch der Krippe (Kinder unter drei Jahren), f\u00fcr den Regelkindergarten (Kinder \u00fcber drei Jahre) und f\u00fcr eine geplante Integrationsgruppe entgegen, und zwar am<\/p>\n\n\n\n<p>Montag, den 15.11.2021 in der Zeit von 10.00 Uhr \u2013 11.30 Uhr sowie am Mittwoch, den 17.11.2021 in der Zeit von 15.00 Uhr &#8211; 16.30 Uhr im Gemeinde- und Kulturzentrum B\u00f6rger. Es freuen sich auf Ihr Kommen die Leitungen der KiTas Frau Pohlgeers und Frau L\u00fcckenjans.\u201c<\/p>\n\n\n\n<p>Text: Beatrix Schulte<\/p>\n","protected":false},"excerpt":{"rendered":"B\u00f6rger &#8211; Sie m\u00f6chten Ihr Kind ab Sommer 2022 f\u00fcr die Kita anmelden? Gerne nehmen wir Ihre Anmeldungen f\u00fcr den Besuch der Krippe (Kinder unter drei Jahren), f\u00fcr den Regelkindergarten (Kinder \u00fcber drei Jahre) und f\u00fcr eine geplante Integrationsgruppe entgegen, und zwar am Montag, den 15.11.2021 in der Zeit von 10.00 Uhr \u2013 11.30 Uhr [&hellip;]\n","protected":false},"author":2,"featured_media":0,"comment_status":"closed","ping_status":"closed","sticky":false,"template":"","format":"standard","meta":{"ngg_post_thumbnail":0,"footnotes":""},"categories":[868],"tags":[],"class_list":["post-31336","post","type-post","status-publish","format-standard","hentry","category-zwischen-himmel-und-erde"],"_links":{"self":[{"href":"https:\/\/www.forum-soegel.de\/information\/wp-json\/wp\/v2\/posts\/31336","targetHints":{"allow":["GET"]}}],"collection":[{"href":"https:\/\/www.forum-soegel.de\/information\/wp-json\/wp\/v2\/posts"}],"about":[{"href":"https:\/\/www.forum-soegel.de\/information\/wp-json\/wp\/v2\/types\/post"}],"author":[{"embeddable":true,"href":"https:\/\/www.forum-soegel.de\/information\/wp-json\/wp\/v2\/users\/2"}],"replies":[{"embeddable":true,"href":"https:\/\/www.forum-soegel.de\/information\/wp-json\/wp\/v2\/comments?post=31336"}],"version-history":[{"count":1,"href":"https:\/\/www.forum-soegel.de\/information\/wp-json\/wp\/v2\/posts\/31336\/revisions"}],"predecessor-version":[{"id":31337,"href":"https:\/\/www.forum-soegel.de\/information\/wp-json\/wp\/v2\/posts\/31336\/revisions\/31337"}],"wp:attachment":[{"href":"https:\/\/www.forum-soegel.de\/information\/wp-json\/wp\/v2\/media?parent=31336"}],"wp:term":[{"taxonomy":"category","embeddable":true,"href":"https:\/\/www.forum-soegel.de\/information\/wp-json\/wp\/v2\/categories?post=31336"},{"taxonomy":"post_tag","embeddable":true,"href":"https:\/\/www.forum-soegel.de\/information\/wp-json\/wp\/v2\/tags?post=31336"}],"curies":[{"name":"wp","href":"https:\/\/api.w.org\/{rel}","templated":true}]}}