{"id":31330,"date":"2021-11-19T14:44:51","date_gmt":"2021-11-19T13:44:51","guid":{"rendered":"https:\/\/www.forum-soegel.de\/information\/?p=31330"},"modified":"2021-11-19T14:44:51","modified_gmt":"2021-11-19T13:44:51","slug":"soegel-darf-foerdermittel-auch-dem-eu-react-foerderprogramm-abrufen","status":"publish","type":"post","link":"https:\/\/www.forum-soegel.de\/information\/2021\/11\/soegel-darf-foerdermittel-auch-dem-eu-react-foerderprogramm-abrufen\/","title":{"rendered":"S\u00f6gel darf F\u00f6rdermittel auch dem EU-React-F\u00f6rderprogramm abrufen"},"content":{"rendered":"\n<p><strong>Zweiter Marktplatz soll aufgewertet werden<\/strong><\/p>\n\n\n\n<p>S\u00f6gel &#8211; Aus dem Topf des EU-React-Programms gibt es f\u00fcr die Samtgemeinde S\u00f6gel 345.000 Euro. Mittels dieses Programms will die Europ\u00e4ische Union Aufbauhilfe leisten, um die wirtschaftlichen und sozialen Folgen der Corona-Pandemie abzufedern. Den positiven F\u00f6rderbescheid hat die Samtgemeinde S\u00f6gel in diesen Tagen erhalten. \u201eNun gilt es, schnell zu sein\u201c, so die allgemeine Stellvertreterin Cornelia Willigmann-Kassner.<\/p>\n\n\n\n<p>Die F\u00f6rdersumme aus dem Programm \u201ePerspektive Innenstadt!\u201c werde allerdings nicht einfach so \u00fcberwiesen, sagt Willigmann-Kassner. \u201eWir mussten im Vorfeld Konzepte und Ideen vorlegen, was wir mit dem Geld anfangen w\u00fcrden. F\u00f6rderf\u00e4hig sind Ma\u00dfnahmen in Kerngebieten sogenannter Grundzentren, hier also in der Gemeinde S\u00f6gel. Daraufhin hat uns das Land Niedersachsen im Auftrag der EU ein Budget in H\u00f6he von 345.000 Euro gegeben. Das Geld muss nun in den kommenden eineinhalb Jahren f\u00fcr konkrete Ma\u00dfnahmen beantragt ausgegeben werden.&#8220;<\/p>\n\n\n\n<p>Das F\u00f6rdergebiet weitet sich auf den Ortskern der Gemeinde S\u00f6gel aus. \u201eHier k\u00f6nnte beispielsweise der sogenannte zweite Marktplatz profitieren\u201c, schildert Willigmann-Kassners. Auch wenn der Antrag bereits im Fr\u00fchjahr gestellt wurde, ist sich die Politik einig dar\u00fcber, dass sich der neu konstituierte Rat ab November mit diesem Thema besch\u00e4ftigen soll. Ziel ist es laut Antrag, mit der F\u00f6rderung Ideen umzusetzen, die die Aufenthaltsqualit\u00e4t der Ortsmitte S\u00f6gels erh\u00f6hen und den Ortskern wiederbeleben.<\/p>\n\n\n\n<p>\u201eWir haben bereits einige Ideen, die f\u00fcr dieses F\u00f6rderprojekt in Frage kommen w\u00fcrden und sind voller Tatendrang. Denn der Zeitrahmen ist durchaus sportlich. Bis zum Fr\u00fchjahr 2022 m\u00fcssen wir konkrete Pl\u00e4ne haben und bis zum M\u00e4rz 2023 haben wir Zeit, um diese Ma\u00dfnahmen umzusetzen\u201c, sagt Willigmann-Kassner. \u201eEin sch\u00f6nes Startkapital f\u00fcr den neuen Gemeinderat, um Ideen in die Tat umsetzen zu lassen.\u201c<\/p>\n\n\n\n<p>Text: Ingrid Cloppenburg<\/p>\n\n\n\n<p>Foto: Samtgemeinde S\u00f6gel<\/p>\n\n\n\n<figure class=\"wp-block-gallery columns-1 is-cropped wp-block-gallery-1 is-layout-flex wp-block-gallery-is-layout-flex\"><ul class=\"blocks-gallery-grid\"><li class=\"blocks-gallery-item\"><figure><a href=\"https:\/\/www.forum-soegel.de\/information\/wp-content\/uploads\/2021\/11\/Soegel-darf-Foerdermittel-auch-dem-EU-React-Foerderprogramm-abrufen-1-scaled.jpg\"><img loading=\"lazy\" decoding=\"async\" width=\"1024\" height=\"738\" src=\"https:\/\/www.forum-soegel.de\/information\/wp-content\/uploads\/2021\/11\/Soegel-darf-Foerdermittel-auch-dem-EU-React-Foerderprogramm-abrufen-1-1024x738.jpg\" alt=\"\" data-id=\"31331\" data-full-url=\"https:\/\/www.forum-soegel.de\/information\/wp-content\/uploads\/2021\/11\/Soegel-darf-Foerdermittel-auch-dem-EU-React-Foerderprogramm-abrufen-1-scaled.jpg\" data-link=\"https:\/\/www.forum-soegel.de\/information\/?attachment_id=31331\" class=\"wp-image-31331\" srcset=\"https:\/\/www.forum-soegel.de\/information\/wp-content\/uploads\/2021\/11\/Soegel-darf-Foerdermittel-auch-dem-EU-React-Foerderprogramm-abrufen-1-1024x738.jpg 1024w, https:\/\/www.forum-soegel.de\/information\/wp-content\/uploads\/2021\/11\/Soegel-darf-Foerdermittel-auch-dem-EU-React-Foerderprogramm-abrufen-1-300x216.jpg 300w, https:\/\/www.forum-soegel.de\/information\/wp-content\/uploads\/2021\/11\/Soegel-darf-Foerdermittel-auch-dem-EU-React-Foerderprogramm-abrufen-1-768x553.jpg 768w, https:\/\/www.forum-soegel.de\/information\/wp-content\/uploads\/2021\/11\/Soegel-darf-Foerdermittel-auch-dem-EU-React-Foerderprogramm-abrufen-1-1536x1106.jpg 1536w, https:\/\/www.forum-soegel.de\/information\/wp-content\/uploads\/2021\/11\/Soegel-darf-Foerdermittel-auch-dem-EU-React-Foerderprogramm-abrufen-1-2048x1475.jpg 2048w\" sizes=\"auto, (max-width: 1024px) 100vw, 1024px\" \/><\/a><\/figure><\/li><\/ul><figcaption class=\"blocks-gallery-caption\">Mit Mitteln aus dem EU-React-Programm m\u00f6chte die Gemeinde S\u00f6gel u.a. den zweiten Marktplatz in S\u00f6gel umgestalten.<\/figcaption><\/figure>\n","protected":false},"excerpt":{"rendered":"Zweiter Marktplatz soll aufgewertet werden S\u00f6gel &#8211; Aus dem Topf des EU-React-Programms gibt es f\u00fcr die Samtgemeinde S\u00f6gel 345.000 Euro. Mittels dieses Programms will die Europ\u00e4ische Union Aufbauhilfe leisten, um die wirtschaftlichen und sozialen Folgen der Corona-Pandemie abzufedern. Den positiven F\u00f6rderbescheid hat die Samtgemeinde S\u00f6gel in diesen Tagen erhalten. \u201eNun gilt es, schnell zu sein\u201c, [&hellip;]\n","protected":false},"author":2,"featured_media":0,"comment_status":"closed","ping_status":"closed","sticky":false,"template":"","format":"standard","meta":{"ngg_post_thumbnail":0,"footnotes":""},"categories":[3],"tags":[],"class_list":["post-31330","post","type-post","status-publish","format-standard","hentry","category-aktuelles-aus-der-region"],"_links":{"self":[{"href":"https:\/\/www.forum-soegel.de\/information\/wp-json\/wp\/v2\/posts\/31330","targetHints":{"allow":["GET"]}}],"collection":[{"href":"https:\/\/www.forum-soegel.de\/information\/wp-json\/wp\/v2\/posts"}],"about":[{"href":"https:\/\/www.forum-soegel.de\/information\/wp-json\/wp\/v2\/types\/post"}],"author":[{"embeddable":true,"href":"https:\/\/www.forum-soegel.de\/information\/wp-json\/wp\/v2\/users\/2"}],"replies":[{"embeddable":true,"href":"https:\/\/www.forum-soegel.de\/information\/wp-json\/wp\/v2\/comments?post=31330"}],"version-history":[{"count":1,"href":"https:\/\/www.forum-soegel.de\/information\/wp-json\/wp\/v2\/posts\/31330\/revisions"}],"predecessor-version":[{"id":31332,"href":"https:\/\/www.forum-soegel.de\/information\/wp-json\/wp\/v2\/posts\/31330\/revisions\/31332"}],"wp:attachment":[{"href":"https:\/\/www.forum-soegel.de\/information\/wp-json\/wp\/v2\/media?parent=31330"}],"wp:term":[{"taxonomy":"category","embeddable":true,"href":"https:\/\/www.forum-soegel.de\/information\/wp-json\/wp\/v2\/categories?post=31330"},{"taxonomy":"post_tag","embeddable":true,"href":"https:\/\/www.forum-soegel.de\/information\/wp-json\/wp\/v2\/tags?post=31330"}],"curies":[{"name":"wp","href":"https:\/\/api.w.org\/{rel}","templated":true}]}}