{"id":31327,"date":"2021-11-19T14:42:26","date_gmt":"2021-11-19T13:42:26","guid":{"rendered":"https:\/\/www.forum-soegel.de\/information\/?p=31327"},"modified":"2021-11-19T14:42:26","modified_gmt":"2021-11-19T13:42:26","slug":"reaktivierung-der-tuempel-kossenmeer-und-trohe-in-soegel","status":"publish","type":"post","link":"https:\/\/www.forum-soegel.de\/information\/2021\/11\/reaktivierung-der-tuempel-kossenmeer-und-trohe-in-soegel\/","title":{"rendered":"Reaktivierung der T\u00fcmpel \u201eKossenmeer\u201c und \u201eTrohe\u201c in S\u00f6gel"},"content":{"rendered":"\n<p>S\u00f6gel. \u201eS\u00f6gel summt\u201c und die inner\u00f6rtlichen T\u00fcmpel profitieren! Im Rahmen des Projekts \u201eS\u00f6gel summt\u201c werden die innerorts gelegenen T\u00fcmpel \u201eKossenmeer\u201c und \u201eTrohe\u201c in S\u00f6gel durch Entschlammung und Uferreinigung im Herbst revitalisiert werden. Damit diese Biotope, die auch als Regenr\u00fcckhaltebecken fungieren, mit ihren lebenswichtigen Funktionen f\u00fcr Amphibien, V\u00f6gel und Insekten erhalten bleiben, sind umfangreiche Pflegema\u00dfnahmen erforderlich.<\/p>\n\n\n\n<p>Maria Dierkes, Projektleiterin \u201eS\u00f6gel summt\u201c, erkl\u00e4rt, dass die im Lauf der Jahrzehnte verlandeten Regenr\u00fcckhaltebecken aus diesem Anlass ausgekoffert und die angrenzenden Str\u00e4ucher zur\u00fcckgenommen werden. Bedeutende B\u00e4ume und Str\u00e4ucher bleiben bei den vorgesehenen Arbeiten erhalten, so Dierkes. Auch die Ufer sollen abgeflacht werden, um den Bed\u00fcrfnissen der Molcharten und vieler anderer Amphibien gerecht zu werden. Dabei wird jedoch besonders auf den Erhalt von R\u00fcckzugsgebieten, wie Steinansammlungen f\u00fcr die Amphibien, geachtet. Au\u00dferdem wird der invasive \u201eJapanische Kn\u00f6terich\u201c entfernt, der sich leider in den letzten Jahren breit gemacht habe. \u201eHierbei handelt es sich um eine \u201eeingeschleppte\u201c nicht heimische Staudenart, die durch ihre enorme Wuchskraft heimische Arten verdr\u00e4ngen kann. Deshalb muss sie durch Auskofferung unbedingt gebremst werden.\u201c Nach den Arbeiten wird nach Einsch\u00e4tzung von Dierkes die Pflanzenwelt z\u00fcgig wieder den Raum zur\u00fcckerobern. Es wird dann zu einer deutlich besseren Wasserqualit\u00e4t f\u00fcr Flora und Fauna kommen.<\/p>\n\n\n\n<p>Die Arbeiten werden in Absprache mit dem Landkreis Emsland durchgef\u00fchrt. Es handelt sich bei \u201eS\u00f6gel summt\u201c um ein Projekt, welches mit Mitteln des Europ\u00e4ischen Fonds f\u00fcr regionale Entwicklung (EFRE) und des Landes Niedersachsen Programmgebiet St\u00e4rker Entwickelte Region (SER) gef\u00f6rdert wird.<\/p>\n\n\n\n<p>Text: Ingrid Cloppenburg<\/p>\n\n\n\n<p>Foto: Gemeinde S\u00f6gel<\/p>\n\n\n\n<figure class=\"wp-block-gallery columns-1 is-cropped wp-block-gallery-1 is-layout-flex wp-block-gallery-is-layout-flex\"><ul class=\"blocks-gallery-grid\"><li class=\"blocks-gallery-item\"><figure><a href=\"https:\/\/www.forum-soegel.de\/information\/wp-content\/uploads\/2021\/11\/Reaktivierung-der-Tuempel-Kossenmeer-und-Trohe-in-Soegel.jpg\"><img loading=\"lazy\" decoding=\"async\" width=\"1024\" height=\"768\" src=\"https:\/\/www.forum-soegel.de\/information\/wp-content\/uploads\/2021\/11\/Reaktivierung-der-Tuempel-Kossenmeer-und-Trohe-in-Soegel.jpg\" alt=\"\" data-id=\"31328\" data-full-url=\"https:\/\/www.forum-soegel.de\/information\/wp-content\/uploads\/2021\/11\/Reaktivierung-der-Tuempel-Kossenmeer-und-Trohe-in-Soegel.jpg\" data-link=\"https:\/\/www.forum-soegel.de\/information\/?attachment_id=31328\" class=\"wp-image-31328\" srcset=\"https:\/\/www.forum-soegel.de\/information\/wp-content\/uploads\/2021\/11\/Reaktivierung-der-Tuempel-Kossenmeer-und-Trohe-in-Soegel.jpg 1024w, https:\/\/www.forum-soegel.de\/information\/wp-content\/uploads\/2021\/11\/Reaktivierung-der-Tuempel-Kossenmeer-und-Trohe-in-Soegel-300x225.jpg 300w, https:\/\/www.forum-soegel.de\/information\/wp-content\/uploads\/2021\/11\/Reaktivierung-der-Tuempel-Kossenmeer-und-Trohe-in-Soegel-768x576.jpg 768w\" sizes=\"auto, (max-width: 1024px) 100vw, 1024px\" \/><\/a><\/figure><\/li><\/ul><figcaption class=\"blocks-gallery-caption\">Projektleiterin Maria Dierkes verschafft sich einen \u00dcberblick vor Ort beim \u201eKossenmeer\u201c \u00fcber die notwendigen Revitalisierungsma\u00dfnahmen.<\/figcaption><\/figure>\n","protected":false},"excerpt":{"rendered":"S\u00f6gel. \u201eS\u00f6gel summt\u201c und die inner\u00f6rtlichen T\u00fcmpel profitieren! Im Rahmen des Projekts \u201eS\u00f6gel summt\u201c werden die innerorts gelegenen T\u00fcmpel \u201eKossenmeer\u201c und \u201eTrohe\u201c in S\u00f6gel durch Entschlammung und Uferreinigung im Herbst revitalisiert werden. Damit diese Biotope, die auch als Regenr\u00fcckhaltebecken fungieren, mit ihren lebenswichtigen Funktionen f\u00fcr Amphibien, V\u00f6gel und Insekten erhalten bleiben, sind umfangreiche Pflegema\u00dfnahmen erforderlich. [&hellip;]\n","protected":false},"author":2,"featured_media":0,"comment_status":"closed","ping_status":"closed","sticky":false,"template":"","format":"standard","meta":{"ngg_post_thumbnail":0,"footnotes":""},"categories":[3],"tags":[],"class_list":["post-31327","post","type-post","status-publish","format-standard","hentry","category-aktuelles-aus-der-region"],"_links":{"self":[{"href":"https:\/\/www.forum-soegel.de\/information\/wp-json\/wp\/v2\/posts\/31327","targetHints":{"allow":["GET"]}}],"collection":[{"href":"https:\/\/www.forum-soegel.de\/information\/wp-json\/wp\/v2\/posts"}],"about":[{"href":"https:\/\/www.forum-soegel.de\/information\/wp-json\/wp\/v2\/types\/post"}],"author":[{"embeddable":true,"href":"https:\/\/www.forum-soegel.de\/information\/wp-json\/wp\/v2\/users\/2"}],"replies":[{"embeddable":true,"href":"https:\/\/www.forum-soegel.de\/information\/wp-json\/wp\/v2\/comments?post=31327"}],"version-history":[{"count":1,"href":"https:\/\/www.forum-soegel.de\/information\/wp-json\/wp\/v2\/posts\/31327\/revisions"}],"predecessor-version":[{"id":31329,"href":"https:\/\/www.forum-soegel.de\/information\/wp-json\/wp\/v2\/posts\/31327\/revisions\/31329"}],"wp:attachment":[{"href":"https:\/\/www.forum-soegel.de\/information\/wp-json\/wp\/v2\/media?parent=31327"}],"wp:term":[{"taxonomy":"category","embeddable":true,"href":"https:\/\/www.forum-soegel.de\/information\/wp-json\/wp\/v2\/categories?post=31327"},{"taxonomy":"post_tag","embeddable":true,"href":"https:\/\/www.forum-soegel.de\/information\/wp-json\/wp\/v2\/tags?post=31327"}],"curies":[{"name":"wp","href":"https:\/\/api.w.org\/{rel}","templated":true}]}}