{"id":31320,"date":"2021-11-16T15:25:12","date_gmt":"2021-11-16T14:25:12","guid":{"rendered":"https:\/\/www.forum-soegel.de\/information\/?p=31320"},"modified":"2021-11-16T15:25:12","modified_gmt":"2021-11-16T14:25:12","slug":"kunterbunte-kinderleichte-und-kreative-herbstferien","status":"publish","type":"post","link":"https:\/\/www.forum-soegel.de\/information\/2021\/11\/kunterbunte-kinderleichte-und-kreative-herbstferien\/","title":{"rendered":"Kunterbunte, kinderleichte und kreative Herbstferien"},"content":{"rendered":"\n<p>Emsland &#8211; Emslandmuseen laden mit familienfreundlichen und kindgerechten Angeboten zum Besuch ein<\/p>\n\n\n\n<p>Raschelndes Laub, die Tage werden k\u00fcrzer und hin und wieder durchkreuzt \u201eSchietwetter\u201c die Pl\u00e4ne f\u00fcr den Freizeitspa\u00df des Nachwuchses. Kinder und Jugendliche sind in den vier allesamt familienfreundlich-zertifizierten Emslandmuseum willkommen. Damit in den Herbstferien keine Langeweile aufkommt, stehen in den Museen neue und altbew\u00e4hrte Angebote auf dem Programm.<\/p>\n\n\n\n<p><strong>R\u00e4tsel, Spiel und Spa\u00df in der Box<\/strong><\/p>\n\n\n\n<p>In den Museen an der Koppelschleuse in Meppen werden wieder museumsp\u00e4dagogische Aktivit\u00e4ten angeboten, wie z. B. kindgerechte F\u00fchrungen, T\u00f6pfern, Schmuck herstellen, die beliebte Museumsrallye und die Durchf\u00fchrung von Kindergeburtstagen.<\/p>\n\n\n\n<p>Voraussichtlich ab Ende des Jahres werden im Emsland Arch\u00e4ologie Museum (www.museen-an-der-koppelschleuse.de) f\u00fcnf neue Boxen des \u201eMuseumslabors&#8220; in Betrieb genommen: zwei davon besch\u00e4ftigen sich mit der Thematik Arch\u00e4ologie im Emsland, zwei mit der Meppener Stadtgeschichte. Die letzte Box thematisiert die Schnittstellen zwischen den beiden Museen. Die Boxen sind so aufgebaut, dass Besucher (nach vorheriger Anmeldung) selbstst\u00e4ndig damit arbeiten k\u00f6nnen. Es empfiehlt sich eine kurze Anleitung durch Museumsp\u00e4dagogen. In einer der \u201eArch\u00e4ologieboxen\u201c vermittelt ein Spiel f\u00fcr vier bis acht Mitspieler die Vorgehensweise der Arch\u00e4ologen.<\/p>\n\n\n\n<p><strong>Mit der Kulturtasche Schloss Clemenswerth entdecken<\/strong><\/p>\n\n\n\n<p>Mit der Kulturtasche hat das Emslandmuseum in S\u00f6gel (www.clemenswerth.de) ein ganz besonderes Angebot speziell f\u00fcr Familien im Programm: Die Kulturtasche ist ein Mitmachspaziergang, der dazu einl\u00e4dt, das Schloss, den Waldpark und die Teiche selbst\u00e4ndig und vor allem kontaktlos zu erkunden.<\/p>\n\n\n\n<p>Die Entdeckungstour, verpackt in einem Leinenbeutel mit Erlebnisheft und Materialblock, beinhaltet sieben Stationen, an denen gerechnet, gezeichnet und gebastelt wird. Kinder und Eltern lernen gemeinsam u.a. ein Menuett tanzen, die F\u00e4chersprache kennen und bekommen am Ende ein \u201eFeuerwerk\u201c. Das gemeinsame Erlebnis steht bei dem circa eineinhalbst\u00fcndigen Spaziergang \u00fcber die Schlossanlage im Vordergrund.<\/p>\n\n\n\n<p>Dar\u00fcber hinaus finden coronakonform nach Voranmeldung auch Schloss-Entdeckungstouren, M\u00e4rchenreisen und Taschenlampenf\u00fchrungen als Kindergeburtstag oder als Familien-Tour statt.<\/p>\n\n\n\n<p><strong>Mitmach-Aktionen im Moor<\/strong><\/p>\n\n\n\n<p>Das Emsland Moormuseum in Gro\u00df Hesepe bietet zum ersten Mal ein umfangreiches Ferienprogramm f\u00fcr die Herbstferien an. Neben der Sonderausstellung \u201eDie Welt im Klassenzimmer \u2013 Schulwandbilder und plastische Lehrmittel f\u00fcr den Unterricht\u201c, die noch bis zum Ende der Museumssaison am 31. Oktober zu sehen ist, gehen die jungen Museumsbesucher den Geheimnissen der Moore auf die Spur.<\/p>\n\n\n\n<p>Bei der Gartenentdeckertour unter dem Motto \u201eUnser Siedlergarten im Herbst\u201c d\u00fcrfen sich die Kinder die H\u00e4nde schmutzig machen und die Ernte ausbuddeln, bevor im Siedlerhaus zusammen gekocht wird. \u201eProbiere es mal mit Gem\u00fctlichkeit\u201c hei\u00dft es ein paar Tage sp\u00e4ter bei der Energieentdeckertour, bei der bei einem warmen Kakao Fragen rund um das Thema Energie heute und vor 100 Jahren gekl\u00e4rt werden. Termine, Programmdetails und aktuell g\u00fcltige Hygieneauflagen finden sich auf www.moormuseum.de.<\/p>\n\n\n\n<p><strong>Mit Museumsmaus Silvester durch das Emslandmuseum<\/strong><\/p>\n\n\n\n<p>Einen schmucken Erweiterungsbau erhielt 2021 das Lingener Emslandmuseum (www.museum-lingen.de). In der dortigen Kreativwerkstatt gibt es viele neue M\u00f6glichkeiten f\u00fcr die Arbeit mit Kindern und Jugendlichen. Auch die Museumsmaus Silvester hat die neuen R\u00e4ume schon bezogen und zwischen Glas und Beton gem\u00fctliche Ecken und neue Verstecke gefunden. Sie begleitet mit einem kostenlosen Mal- und Leseheft die Kinder durch die neue Ausstellung, in der es viel zu entdecken gibt. Silvester l\u00e4dt aber auch ein in die historischen R\u00e4ume im alten Kutscherhaus des Museums, einem Baudenkmal von 1728.<\/p>\n\n\n\n<p>In kindgerechten kurzen Texten stellen die Museumsp\u00e4dagoginnen Angelika Konen, Marion Lis und Jurgita Janssen in dem 36 Seiten starken Heft einzelne Episoden von Lingen und dem Emsland vor. Da geht es um Lingen im Mittelalter, besondere Geb\u00e4ude der Stadt, Sch\u00e4tze im Museum und nat\u00fcrlich auch um den Lingener Poltergeist Machurius. Silvester begleitet die Kinder bei ihrer Reise durch das Museum auf fantasievolle Weise und schl\u00fcpft dabei in verschiedene Rollen.<\/p>\n\n\n\n<p>Text\/Foto: Martina Alfers<\/p>\n\n\n\n<figure class=\"wp-block-gallery columns-3 is-cropped wp-block-gallery-1 is-layout-flex wp-block-gallery-is-layout-flex\"><ul class=\"blocks-gallery-grid\"><li class=\"blocks-gallery-item\"><figure><a href=\"https:\/\/www.forum-soegel.de\/information\/wp-content\/uploads\/2021\/11\/Kunterbunte-kinderleichte-und-kreative-Herbstferien-5.jpg\"><img loading=\"lazy\" decoding=\"async\" width=\"754\" height=\"768\" src=\"https:\/\/www.forum-soegel.de\/information\/wp-content\/uploads\/2021\/11\/Kunterbunte-kinderleichte-und-kreative-Herbstferien-5.jpg\" alt=\"\" data-id=\"31321\" data-full-url=\"https:\/\/www.forum-soegel.de\/information\/wp-content\/uploads\/2021\/11\/Kunterbunte-kinderleichte-und-kreative-Herbstferien-5.jpg\" data-link=\"https:\/\/www.forum-soegel.de\/information\/?attachment_id=31321\" class=\"wp-image-31321\" srcset=\"https:\/\/www.forum-soegel.de\/information\/wp-content\/uploads\/2021\/11\/Kunterbunte-kinderleichte-und-kreative-Herbstferien-5.jpg 754w, https:\/\/www.forum-soegel.de\/information\/wp-content\/uploads\/2021\/11\/Kunterbunte-kinderleichte-und-kreative-Herbstferien-5-295x300.jpg 295w\" sizes=\"auto, (max-width: 754px) 100vw, 754px\" \/><\/a><\/figure><\/li><li class=\"blocks-gallery-item\"><figure><a href=\"https:\/\/www.forum-soegel.de\/information\/wp-content\/uploads\/2021\/11\/Kunterbunte-kinderleichte-und-kreative-Herbstferien-1.jpg\"><img loading=\"lazy\" decoding=\"async\" width=\"1024\" height=\"683\" src=\"https:\/\/www.forum-soegel.de\/information\/wp-content\/uploads\/2021\/11\/Kunterbunte-kinderleichte-und-kreative-Herbstferien-1.jpg\" alt=\"\" data-id=\"31322\" data-full-url=\"https:\/\/www.forum-soegel.de\/information\/wp-content\/uploads\/2021\/11\/Kunterbunte-kinderleichte-und-kreative-Herbstferien-1.jpg\" data-link=\"https:\/\/www.forum-soegel.de\/information\/?attachment_id=31322\" class=\"wp-image-31322\" srcset=\"https:\/\/www.forum-soegel.de\/information\/wp-content\/uploads\/2021\/11\/Kunterbunte-kinderleichte-und-kreative-Herbstferien-1.jpg 1024w, https:\/\/www.forum-soegel.de\/information\/wp-content\/uploads\/2021\/11\/Kunterbunte-kinderleichte-und-kreative-Herbstferien-1-300x200.jpg 300w, https:\/\/www.forum-soegel.de\/information\/wp-content\/uploads\/2021\/11\/Kunterbunte-kinderleichte-und-kreative-Herbstferien-1-768x512.jpg 768w\" sizes=\"auto, (max-width: 1024px) 100vw, 1024px\" \/><\/a><\/figure><\/li><li class=\"blocks-gallery-item\"><figure><a href=\"https:\/\/www.forum-soegel.de\/information\/wp-content\/uploads\/2021\/11\/Kunterbunte-kinderleichte-und-kreative-Herbstferien-2.jpg\"><img loading=\"lazy\" decoding=\"async\" width=\"1024\" height=\"757\" src=\"https:\/\/www.forum-soegel.de\/information\/wp-content\/uploads\/2021\/11\/Kunterbunte-kinderleichte-und-kreative-Herbstferien-2.jpg\" alt=\"\" data-id=\"31323\" data-full-url=\"https:\/\/www.forum-soegel.de\/information\/wp-content\/uploads\/2021\/11\/Kunterbunte-kinderleichte-und-kreative-Herbstferien-2.jpg\" data-link=\"https:\/\/www.forum-soegel.de\/information\/?attachment_id=31323\" class=\"wp-image-31323\" srcset=\"https:\/\/www.forum-soegel.de\/information\/wp-content\/uploads\/2021\/11\/Kunterbunte-kinderleichte-und-kreative-Herbstferien-2.jpg 1024w, https:\/\/www.forum-soegel.de\/information\/wp-content\/uploads\/2021\/11\/Kunterbunte-kinderleichte-und-kreative-Herbstferien-2-300x222.jpg 300w, https:\/\/www.forum-soegel.de\/information\/wp-content\/uploads\/2021\/11\/Kunterbunte-kinderleichte-und-kreative-Herbstferien-2-768x568.jpg 768w\" sizes=\"auto, (max-width: 1024px) 100vw, 1024px\" \/><\/a><\/figure><\/li><li class=\"blocks-gallery-item\"><figure><a href=\"https:\/\/www.forum-soegel.de\/information\/wp-content\/uploads\/2021\/11\/Kunterbunte-kinderleichte-und-kreative-Herbstferien-3.jpg\"><img loading=\"lazy\" decoding=\"async\" width=\"576\" height=\"768\" src=\"https:\/\/www.forum-soegel.de\/information\/wp-content\/uploads\/2021\/11\/Kunterbunte-kinderleichte-und-kreative-Herbstferien-3.jpg\" alt=\"\" data-id=\"31324\" data-full-url=\"https:\/\/www.forum-soegel.de\/information\/wp-content\/uploads\/2021\/11\/Kunterbunte-kinderleichte-und-kreative-Herbstferien-3.jpg\" data-link=\"https:\/\/www.forum-soegel.de\/information\/?attachment_id=31324\" class=\"wp-image-31324\" srcset=\"https:\/\/www.forum-soegel.de\/information\/wp-content\/uploads\/2021\/11\/Kunterbunte-kinderleichte-und-kreative-Herbstferien-3.jpg 576w, https:\/\/www.forum-soegel.de\/information\/wp-content\/uploads\/2021\/11\/Kunterbunte-kinderleichte-und-kreative-Herbstferien-3-225x300.jpg 225w\" sizes=\"auto, (max-width: 576px) 100vw, 576px\" \/><\/a><\/figure><\/li><li class=\"blocks-gallery-item\"><figure><a href=\"https:\/\/www.forum-soegel.de\/information\/wp-content\/uploads\/2021\/11\/Kunterbunte-kinderleichte-und-kreative-Herbstferien-4.jpg\"><img loading=\"lazy\" decoding=\"async\" width=\"967\" height=\"768\" src=\"https:\/\/www.forum-soegel.de\/information\/wp-content\/uploads\/2021\/11\/Kunterbunte-kinderleichte-und-kreative-Herbstferien-4.jpg\" alt=\"\" data-id=\"31325\" data-full-url=\"https:\/\/www.forum-soegel.de\/information\/wp-content\/uploads\/2021\/11\/Kunterbunte-kinderleichte-und-kreative-Herbstferien-4.jpg\" data-link=\"https:\/\/www.forum-soegel.de\/information\/?attachment_id=31325\" class=\"wp-image-31325\" srcset=\"https:\/\/www.forum-soegel.de\/information\/wp-content\/uploads\/2021\/11\/Kunterbunte-kinderleichte-und-kreative-Herbstferien-4.jpg 967w, https:\/\/www.forum-soegel.de\/information\/wp-content\/uploads\/2021\/11\/Kunterbunte-kinderleichte-und-kreative-Herbstferien-4-300x238.jpg 300w, https:\/\/www.forum-soegel.de\/information\/wp-content\/uploads\/2021\/11\/Kunterbunte-kinderleichte-und-kreative-Herbstferien-4-768x610.jpg 768w\" sizes=\"auto, (max-width: 967px) 100vw, 967px\" \/><\/a><\/figure><\/li><\/ul><\/figure>\n","protected":false},"excerpt":{"rendered":"Emsland &#8211; Emslandmuseen laden mit familienfreundlichen und kindgerechten Angeboten zum Besuch ein Raschelndes Laub, die Tage werden k\u00fcrzer und hin und wieder durchkreuzt \u201eSchietwetter\u201c die Pl\u00e4ne f\u00fcr den Freizeitspa\u00df des Nachwuchses. Kinder und Jugendliche sind in den vier allesamt familienfreundlich-zertifizierten Emslandmuseum willkommen. Damit in den Herbstferien keine Langeweile aufkommt, stehen in den Museen neue und [&hellip;]\n","protected":false},"author":2,"featured_media":0,"comment_status":"closed","ping_status":"closed","sticky":false,"template":"","format":"standard","meta":{"ngg_post_thumbnail":0,"footnotes":""},"categories":[3],"tags":[],"class_list":["post-31320","post","type-post","status-publish","format-standard","hentry","category-aktuelles-aus-der-region"],"_links":{"self":[{"href":"https:\/\/www.forum-soegel.de\/information\/wp-json\/wp\/v2\/posts\/31320","targetHints":{"allow":["GET"]}}],"collection":[{"href":"https:\/\/www.forum-soegel.de\/information\/wp-json\/wp\/v2\/posts"}],"about":[{"href":"https:\/\/www.forum-soegel.de\/information\/wp-json\/wp\/v2\/types\/post"}],"author":[{"embeddable":true,"href":"https:\/\/www.forum-soegel.de\/information\/wp-json\/wp\/v2\/users\/2"}],"replies":[{"embeddable":true,"href":"https:\/\/www.forum-soegel.de\/information\/wp-json\/wp\/v2\/comments?post=31320"}],"version-history":[{"count":1,"href":"https:\/\/www.forum-soegel.de\/information\/wp-json\/wp\/v2\/posts\/31320\/revisions"}],"predecessor-version":[{"id":31326,"href":"https:\/\/www.forum-soegel.de\/information\/wp-json\/wp\/v2\/posts\/31320\/revisions\/31326"}],"wp:attachment":[{"href":"https:\/\/www.forum-soegel.de\/information\/wp-json\/wp\/v2\/media?parent=31320"}],"wp:term":[{"taxonomy":"category","embeddable":true,"href":"https:\/\/www.forum-soegel.de\/information\/wp-json\/wp\/v2\/categories?post=31320"},{"taxonomy":"post_tag","embeddable":true,"href":"https:\/\/www.forum-soegel.de\/information\/wp-json\/wp\/v2\/tags?post=31320"}],"curies":[{"name":"wp","href":"https:\/\/api.w.org\/{rel}","templated":true}]}}