{"id":31316,"date":"2021-11-16T14:55:24","date_gmt":"2021-11-16T13:55:24","guid":{"rendered":"https:\/\/www.forum-soegel.de\/information\/?p=31316"},"modified":"2021-11-16T14:55:24","modified_gmt":"2021-11-16T13:55:24","slug":"kulturkreis-clemenswerth-hatte-schwierige-saison","status":"publish","type":"post","link":"https:\/\/www.forum-soegel.de\/information\/2021\/11\/kulturkreis-clemenswerth-hatte-schwierige-saison\/","title":{"rendered":"Kulturkreis Clemenswerth hatte schwierige Saison"},"content":{"rendered":"\n<p>S\u00f6gel &#8211; \u201eCorona hat uns noch immer fest im Griff\u201c, sagte der Vorsitzende des mittlerweile 50 Jahre alten Kulturkreises Clemenswerth, Manfred Rojahn, anl\u00e4sslich der Jubil\u00e4umsmitgliederversammlung.<\/p>\n\n\n\n<p>Im Veranstaltungsjahr 2020\/2021 habe man, so Rojahn, 35 Veranstaltungstermine geplant und leider nur f\u00fcnf durchf\u00fchren k\u00f6nnen. F\u00fcr die Aula-Veranstaltungen waren nur 90 Zuschauer*innen zugelassen. Es sei gelungen, mehrere ausgefallene Veranstaltungen ins neue Programm zu \u00fcbernehmen, andere mussten ersatzlos gestrichen werden.&nbsp; Das alles habe zu einem hohen organisatorischen Aufwand im Vorstand und bei den Mitarbeiterinnen der Gesch\u00e4ftsstelle gef\u00fchrt. Ein gro\u00dfes Lob zollte Rojahn den verst\u00e4ndnisvollen Abonnenten und Mitgliedern, die dem Kulturkreis die Treue gehalten h\u00e4tten, so dass es kaum zu R\u00fcckzahlungen gekommen sei. In einer Multimediaschau lie\u00df der Vorsitzende das letzte Programmjahr Revue passieren. Man hoffe, den Abonnenten und Besuchern das neue anspruchsvolle Programm 2021\/2022 in vollem Umfang pr\u00e4sentieren zu k\u00f6nnen. Die Veranstaltungen in Werlte und Lathen werden nach Aussage des Vorstandes einen hohen Stellenwert erhalten.<\/p>\n\n\n\n<p>Mit dem neuen Internetauftritt (www.kulturkreis-clemenswerth.de) soll das Angebot und die T\u00e4tigkeit des Vereins moderner, flexibler und sicherer dargestellt werden. Insbesondere bestehe nunmehr die M\u00f6glichkeit, kurzfristig auf Programm\u00e4nderungen zu reagieren und dies den Besuchern kundzutun.<\/p>\n\n\n\n<p>Besondere Aufmerksamkeit galt auch dem Kassenbericht, der angesichts der Auswirkungen der Pandemie \u201ediesmal ganz anders\u201c ausfiel, wie Kassenwartin B\u00e4rbel Kruth erkl\u00e4rte. Da viele Veranstaltungen ausgefallen seien, die Einnahmen aber schon verbucht worden seien, verf\u00fcge man derzeit \u00fcber einen erh\u00f6hten Kassenbestand. Der werde allerdings im neuen Rechnungsjahr wegen geringerer Einnahmen wegschmelzen, da viele Eintrittskarten f\u00fcr das neue Programmjahr g\u00fcltig seien. \u201eDer Kulturkreis steht derzeit trotz der Krise finanziell noch gut da, weil unser rein ehrenamtlich gef\u00fchrter Verein g\u00fcnstige Kostenstrukturen aufweist und wir uns dankenswerterweise auf unsere Zuschussgeber Landkreis Emsland und die Samtgemeinden S\u00f6gel, Werlte und Lathen verlassen k\u00f6nnen und wir auf Mitgliedbeitr\u00e4ge zur\u00fcckgreifen k\u00f6nnen\u201c, erg\u00e4nzte Kruth.<\/p>\n\n\n\n<p>Seit fast 40 Jahren arbeitet Christa Grabitzky im Kulturkreis Clemenswerth mit. Sie war haupts\u00e4chlich f\u00fcr das Theaterabonnement verantwortlich und zeitweise stellvertretende Vorsitzende. Manfred Rojahn unterstrich, dass das Fachwissen der ausscheidenden Vorstandsfrau dem Kulturkreis \u201eunz\u00e4hlig viele sch\u00f6ne Theaterabende\u201c beschert habe. Der stellvertretende Vorsitzende Dr. Christoph Kronabel wird das Theatereferat zuk\u00fcnftig \u00fcbernehmen. Neu in den Beirat wurde Lena Rojahn gew\u00e4hlt.<\/p>\n\n\n\n<p>Text\/Foto: Lambert Brand<\/p>\n\n\n\n<figure class=\"wp-block-gallery columns-2 is-cropped wp-block-gallery-1 is-layout-flex wp-block-gallery-is-layout-flex\"><ul class=\"blocks-gallery-grid\"><li class=\"blocks-gallery-item\"><figure><a href=\"https:\/\/www.forum-soegel.de\/information\/wp-content\/uploads\/2021\/11\/Kulturkreis-Clemenswerth-hatte-schwierige-Saison-2-scaled.jpg\"><img loading=\"lazy\" decoding=\"async\" width=\"1024\" height=\"740\" src=\"https:\/\/www.forum-soegel.de\/information\/wp-content\/uploads\/2021\/11\/Kulturkreis-Clemenswerth-hatte-schwierige-Saison-2-1024x740.jpg\" alt=\"\" data-id=\"31317\" data-full-url=\"https:\/\/www.forum-soegel.de\/information\/wp-content\/uploads\/2021\/11\/Kulturkreis-Clemenswerth-hatte-schwierige-Saison-2-scaled.jpg\" data-link=\"https:\/\/www.forum-soegel.de\/information\/?attachment_id=31317\" class=\"wp-image-31317\" srcset=\"https:\/\/www.forum-soegel.de\/information\/wp-content\/uploads\/2021\/11\/Kulturkreis-Clemenswerth-hatte-schwierige-Saison-2-1024x740.jpg 1024w, https:\/\/www.forum-soegel.de\/information\/wp-content\/uploads\/2021\/11\/Kulturkreis-Clemenswerth-hatte-schwierige-Saison-2-300x217.jpg 300w, https:\/\/www.forum-soegel.de\/information\/wp-content\/uploads\/2021\/11\/Kulturkreis-Clemenswerth-hatte-schwierige-Saison-2-768x555.jpg 768w, https:\/\/www.forum-soegel.de\/information\/wp-content\/uploads\/2021\/11\/Kulturkreis-Clemenswerth-hatte-schwierige-Saison-2-1536x1110.jpg 1536w, https:\/\/www.forum-soegel.de\/information\/wp-content\/uploads\/2021\/11\/Kulturkreis-Clemenswerth-hatte-schwierige-Saison-2-2048x1480.jpg 2048w\" sizes=\"auto, (max-width: 1024px) 100vw, 1024px\" \/><\/a><\/figure><\/li><li class=\"blocks-gallery-item\"><figure><a href=\"https:\/\/www.forum-soegel.de\/information\/wp-content\/uploads\/2021\/11\/Kulturkreis-Clemenswerth-hatte-schwierige-Saison-1-scaled.jpg\"><img loading=\"lazy\" decoding=\"async\" width=\"1024\" height=\"697\" src=\"https:\/\/www.forum-soegel.de\/information\/wp-content\/uploads\/2021\/11\/Kulturkreis-Clemenswerth-hatte-schwierige-Saison-1-1024x697.jpg\" alt=\"\" data-id=\"31318\" data-full-url=\"https:\/\/www.forum-soegel.de\/information\/wp-content\/uploads\/2021\/11\/Kulturkreis-Clemenswerth-hatte-schwierige-Saison-1-scaled.jpg\" data-link=\"https:\/\/www.forum-soegel.de\/information\/?attachment_id=31318\" class=\"wp-image-31318\" srcset=\"https:\/\/www.forum-soegel.de\/information\/wp-content\/uploads\/2021\/11\/Kulturkreis-Clemenswerth-hatte-schwierige-Saison-1-1024x697.jpg 1024w, https:\/\/www.forum-soegel.de\/information\/wp-content\/uploads\/2021\/11\/Kulturkreis-Clemenswerth-hatte-schwierige-Saison-1-300x204.jpg 300w, https:\/\/www.forum-soegel.de\/information\/wp-content\/uploads\/2021\/11\/Kulturkreis-Clemenswerth-hatte-schwierige-Saison-1-768x523.jpg 768w, https:\/\/www.forum-soegel.de\/information\/wp-content\/uploads\/2021\/11\/Kulturkreis-Clemenswerth-hatte-schwierige-Saison-1-1536x1045.jpg 1536w, https:\/\/www.forum-soegel.de\/information\/wp-content\/uploads\/2021\/11\/Kulturkreis-Clemenswerth-hatte-schwierige-Saison-1-2048x1393.jpg 2048w\" sizes=\"auto, (max-width: 1024px) 100vw, 1024px\" \/><\/a><\/figure><\/li><\/ul><\/figure>\n","protected":false},"excerpt":{"rendered":"S\u00f6gel &#8211; \u201eCorona hat uns noch immer fest im Griff\u201c, sagte der Vorsitzende des mittlerweile 50 Jahre alten Kulturkreises Clemenswerth, Manfred Rojahn, anl\u00e4sslich der Jubil\u00e4umsmitgliederversammlung. Im Veranstaltungsjahr 2020\/2021 habe man, so Rojahn, 35 Veranstaltungstermine geplant und leider nur f\u00fcnf durchf\u00fchren k\u00f6nnen. F\u00fcr die Aula-Veranstaltungen waren nur 90 Zuschauer*innen zugelassen. Es sei gelungen, mehrere ausgefallene Veranstaltungen [&hellip;]\n","protected":false},"author":2,"featured_media":0,"comment_status":"closed","ping_status":"closed","sticky":false,"template":"","format":"standard","meta":{"ngg_post_thumbnail":0,"footnotes":""},"categories":[3],"tags":[],"class_list":["post-31316","post","type-post","status-publish","format-standard","hentry","category-aktuelles-aus-der-region"],"_links":{"self":[{"href":"https:\/\/www.forum-soegel.de\/information\/wp-json\/wp\/v2\/posts\/31316","targetHints":{"allow":["GET"]}}],"collection":[{"href":"https:\/\/www.forum-soegel.de\/information\/wp-json\/wp\/v2\/posts"}],"about":[{"href":"https:\/\/www.forum-soegel.de\/information\/wp-json\/wp\/v2\/types\/post"}],"author":[{"embeddable":true,"href":"https:\/\/www.forum-soegel.de\/information\/wp-json\/wp\/v2\/users\/2"}],"replies":[{"embeddable":true,"href":"https:\/\/www.forum-soegel.de\/information\/wp-json\/wp\/v2\/comments?post=31316"}],"version-history":[{"count":1,"href":"https:\/\/www.forum-soegel.de\/information\/wp-json\/wp\/v2\/posts\/31316\/revisions"}],"predecessor-version":[{"id":31319,"href":"https:\/\/www.forum-soegel.de\/information\/wp-json\/wp\/v2\/posts\/31316\/revisions\/31319"}],"wp:attachment":[{"href":"https:\/\/www.forum-soegel.de\/information\/wp-json\/wp\/v2\/media?parent=31316"}],"wp:term":[{"taxonomy":"category","embeddable":true,"href":"https:\/\/www.forum-soegel.de\/information\/wp-json\/wp\/v2\/categories?post=31316"},{"taxonomy":"post_tag","embeddable":true,"href":"https:\/\/www.forum-soegel.de\/information\/wp-json\/wp\/v2\/tags?post=31316"}],"curies":[{"name":"wp","href":"https:\/\/api.w.org\/{rel}","templated":true}]}}